{"id":29507,"date":"2020-07-21T21:02:39","date_gmt":"2020-07-21T21:02:39","guid":{"rendered":"https:\/\/www.achimbrueckner.de\/dxradio\/php\/wordpress\/?p=29507"},"modified":"2020-07-21T21:02:39","modified_gmt":"2020-07-21T21:02:39","slug":"zefix-und-plotzlich-ist-da-ein-hit-junger-salzburger-erobert-das-radio","status":"publish","type":"post","link":"https:\/\/www.achimbrueckner.de\/dxradio\/php\/wordpress\/?p=29507","title":{"rendered":"&#8220;Zefix&#8221; und pl\u00f6tzlich ist da ein Hit: Junger Salzburger erobert das Radio"},"content":{"rendered":"<p><a href=\"https:\/\/www.sn.at\/salzburg\/kultur\/zefix-und-ploetzlich-ist-da-ein-hit-junger-salzburger-erobert-das-radio-90377365\" rel=\"noopener noreferrer\" target=\"_blank\">https:\/\/www.sn.at\/salzburg\/kultur\/zefix-und-ploetzlich-ist-da-ein-hit-junger-salzburger-erobert-das-radio-90377365<\/a><\/p>\n","protected":false},"excerpt":{"rendered":"<p>https:\/\/www.sn.at\/salzburg\/kultur\/zefix-und-ploetzlich-ist-da-ein-hit-junger-salzburger-erobert-das-radio-90377365<\/p>\n","protected":false},"author":1,"featured_media":0,"comment_status":"closed","ping_status":"open","sticky":false,"template":"","format":"standard","meta":{"_jetpack_memberships_contains_paid_content":false,"footnotes":"","jetpack_publicize_message":"","jetpack_publicize_feature_enabled":true,"jetpack_social_post_already_shared":true,"jetpack_social_options":{"image_generator_settings":{"template":"highway","default_image_id":0,"font":"","enabled":false},"version":2}},"categories":[1],"tags":[],"class_list":["post-29507","post","type-post","status-publish","format-standard","hentry","category-deutsch"],"jetpack_publicize_connections":[],"jetpack_featured_media_url":"","jetpack_sharing_enabled":true,"jetpack_shortlink":"https:\/\/wp.me\/p5CDmr-7FV","jetpack-related-posts":[{"id":39870,"url":"https:\/\/www.achimbrueckner.de\/dxradio\/php\/wordpress\/?p=39870","url_meta":{"origin":29507,"position":0},"title":"KI erobert das Radio: Drei Sender und ihre Projekte","author":"Administrator","date":"July 19, 2023","format":false,"excerpt":"https:\/\/www.digitalfernsehen.de\/news\/empfang\/radio\/ki-erobert-das-radio-drei-sender-drei-strategien-1100827\/","rel":"","context":"In &quot;Deutsch&quot;","block_context":{"text":"Deutsch","link":"https:\/\/www.achimbrueckner.de\/dxradio\/php\/wordpress\/?cat=1"},"img":{"alt_text":"","src":"","width":0,"height":0},"classes":[]},{"id":4388,"url":"https:\/\/www.achimbrueckner.de\/dxradio\/php\/wordpress\/?p=4388","url_meta":{"origin":29507,"position":1},"title":"99drei Radio Mittweida erobert das neue Zentrum f\u00fcr Medien und Soziale Arbeit","author":"Administrator","date":"April 16, 2015","format":false,"excerpt":"http:\/\/www.radioszene.de\/79028\/99drei-radio-mittweida-erobert-das-neue-zentrum-fuer-medien-und-soziale-arbeit.html","rel":"","context":"In &quot;Deutsch&quot;","block_context":{"text":"Deutsch","link":"https:\/\/www.achimbrueckner.de\/dxradio\/php\/wordpress\/?cat=1"},"img":{"alt_text":"","src":"","width":0,"height":0},"classes":[]},{"id":5539,"url":"https:\/\/www.achimbrueckner.de\/dxradio\/php\/wordpress\/?p=5539","url_meta":{"origin":29507,"position":2},"title":"Das Radio als Draht der Salzburger Festspiele in die Welt","author":"Administrator","date":"August 12, 2015","format":false,"excerpt":"http:\/\/www.salzburg.com\/nachrichten\/spezial\/festspiele\/salzburger-festspiele\/hinter-den-kulissen\/sn\/artikel\/das-radio-als-draht-der-salzburger-festspiele-in-die-welt-161494\/","rel":"","context":"In &quot;Deutsch&quot;","block_context":{"text":"Deutsch","link":"https:\/\/www.achimbrueckner.de\/dxradio\/php\/wordpress\/?cat=1"},"img":{"alt_text":"","src":"","width":0,"height":0},"classes":[]},{"id":21343,"url":"https:\/\/www.achimbrueckner.de\/dxradio\/php\/wordpress\/?p=21343","url_meta":{"origin":29507,"position":3},"title":"Trendwende im Pop Wie deutschsprachige Musik das Radio erobert hat","author":"Administrator","date":"February 5, 2019","format":false,"excerpt":"https:\/\/www.mz-web.de\/kultur\/trendwende-im-pop-wie-deutschsprachige-musik-das-radio-erobert-hat-31973650","rel":"","context":"In &quot;Deutsch&quot;","block_context":{"text":"Deutsch","link":"https:\/\/www.achimbrueckner.de\/dxradio\/php\/wordpress\/?cat=1"},"img":{"alt_text":"","src":"","width":0,"height":0},"classes":[]},{"id":3255,"url":"https:\/\/www.achimbrueckner.de\/dxradio\/php\/wordpress\/?p=3255","url_meta":{"origin":29507,"position":4},"title":"adxb-DL WM 2014 Kontest","author":"Administrator","date":"June 11, 2014","format":false,"excerpt":"Die Assoziation junger DXer e.V. (adxb-DL) richtet aus Anlass der Fu\u00dfball-Weltmeisterschaft 2014 in Brasilien vom 12. Juni bis 13. Juli 2014 wieder einen Kontest aus. Jeder Kurzwellenh\u00f6rer ist eingeladen, daran teilzunehmen. Eine Mitgliedschaft in einem Kurzwellenh\u00f6rerverein ist nicht erforderlich. Zu h\u00f6ren ist jeweils eine Rundfunkstation aus den 32 an der\u2026","rel":"","context":"In &quot;contests&quot;","block_context":{"text":"contests","link":"https:\/\/www.achimbrueckner.de\/dxradio\/php\/wordpress\/?cat=6"},"img":{"alt_text":"","src":"","width":0,"height":0},"classes":[]},{"id":3147,"url":"https:\/\/www.achimbrueckner.de\/dxradio\/php\/wordpress\/?p=3147","url_meta":{"origin":29507,"position":5},"title":"adxb-DL WM 2014 Kontest","author":"Administrator","date":"May 7, 2014","format":false,"excerpt":"Die Assoziation junger DXer e.V. (adxb-DL) richtet aus Anlass der Fu\u00dfball-Weltmeisterschaft 2014 in Brasilien vom 12. Juni bis 13. Juli 2014 wieder einen Kontest aus. Jeder Kurzwellenh\u00f6rer ist eingeladen, daran teilzunehmen. Eine Mitgliedschaft in einem Kurzwellenh\u00f6rerverein ist nicht erforderlich. Zu h\u00f6ren ist jeweils eine Rundfunkstation aus den 32 an der\u2026","rel":"","context":"In &quot;contests&quot;","block_context":{"text":"contests","link":"https:\/\/www.achimbrueckner.de\/dxradio\/php\/wordpress\/?cat=6"},"img":{"alt_text":"","src":"","width":0,"height":0},"classes":[]}],"_links":{"self":[{"href":"https:\/\/www.achimbrueckner.de\/dxradio\/php\/wordpress\/index.php?rest_route=\/wp\/v2\/posts\/29507","targetHints":{"allow":["GET"]}}],"collection":[{"href":"https:\/\/www.achimbrueckner.de\/dxradio\/php\/wordpress\/index.php?rest_route=\/wp\/v2\/posts"}],"about":[{"href":"https:\/\/www.achimbrueckner.de\/dxradio\/php\/wordpress\/index.php?rest_route=\/wp\/v2\/types\/post"}],"author":[{"embeddable":true,"href":"https:\/\/www.achimbrueckner.de\/dxradio\/php\/wordpress\/index.php?rest_route=\/wp\/v2\/users\/1"}],"replies":[{"embeddable":true,"href":"https:\/\/www.achimbrueckner.de\/dxradio\/php\/wordpress\/index.php?rest_route=%2Fwp%2Fv2%2Fcomments&post=29507"}],"version-history":[{"count":0,"href":"https:\/\/www.achimbrueckner.de\/dxradio\/php\/wordpress\/index.php?rest_route=\/wp\/v2\/posts\/29507\/revisions"}],"wp:attachment":[{"href":"https:\/\/www.achimbrueckner.de\/dxradio\/php\/wordpress\/index.php?rest_route=%2Fwp%2Fv2%2Fmedia&parent=29507"}],"wp:term":[{"taxonomy":"category","embeddable":true,"href":"https:\/\/www.achimbrueckner.de\/dxradio\/php\/wordpress\/index.php?rest_route=%2Fwp%2Fv2%2Fcategories&post=29507"},{"taxonomy":"post_tag","embeddable":true,"href":"https:\/\/www.achimbrueckner.de\/dxradio\/php\/wordpress\/index.php?rest_route=%2Fwp%2Fv2%2Ftags&post=29507"}],"curies":[{"name":"wp","href":"https:\/\/api.w.org\/{rel}","templated":true}]}}