{"id":29525,"date":"2020-07-22T17:08:23","date_gmt":"2020-07-22T17:08:23","guid":{"rendered":"https:\/\/www.achimbrueckner.de\/dxradio\/php\/wordpress\/?p=29525"},"modified":"2020-07-22T17:08:23","modified_gmt":"2020-07-22T17:08:23","slug":"institut-fur-rundfunktechnik-wer-bleibt","status":"publish","type":"post","link":"https:\/\/www.achimbrueckner.de\/dxradio\/php\/wordpress\/?p=29525","title":{"rendered":"Institut f\u00fcr Rundfunktechnik : Wer bleibt?"},"content":{"rendered":"<p><a href=\"https:\/\/www.sueddeutsche.de\/medien\/institut-fuer-rundfunktechnik-kuendigungen-gesellschafter-1.4973671\" rel=\"noopener noreferrer\" target=\"_blank\">https:\/\/www.sueddeutsche.de\/medien\/institut-fuer-rundfunktechnik-kuendigungen-gesellschafter-1.4973671<\/a><\/p>\n","protected":false},"excerpt":{"rendered":"<p>https:\/\/www.sueddeutsche.de\/medien\/institut-fuer-rundfunktechnik-kuendigungen-gesellschafter-1.4973671<\/p>\n","protected":false},"author":1,"featured_media":0,"comment_status":"closed","ping_status":"open","sticky":false,"template":"","format":"standard","meta":{"_jetpack_memberships_contains_paid_content":false,"footnotes":"","jetpack_publicize_message":"","jetpack_publicize_feature_enabled":true,"jetpack_social_post_already_shared":true,"jetpack_social_options":{"image_generator_settings":{"template":"highway","default_image_id":0,"font":"","enabled":false},"version":2}},"categories":[1,15],"tags":[45],"class_list":["post-29525","post","type-post","status-publish","format-standard","hentry","category-deutsch","category-medien","tag-medien"],"jetpack_publicize_connections":[],"jetpack_featured_media_url":"","jetpack_sharing_enabled":true,"jetpack_shortlink":"https:\/\/wp.me\/p5CDmr-7Gd","jetpack-related-posts":[{"id":29614,"url":"https:\/\/www.achimbrueckner.de\/dxradio\/php\/wordpress\/?p=29614","url_meta":{"origin":29525,"position":0},"title":"Aus f\u00fcr das M\u00fcnchner Institut f\u00fcr Rundfunktechnik","author":"Administrator","date":"July 31, 2020","format":false,"excerpt":"https:\/\/www.sueddeutsche.de\/medien\/verhandlungen-gescheitert-aus-fuer-das-muenchner-institut-fuer-rundfunktechnik-1.4986091","rel":"","context":"In &quot;Deutsch&quot;","block_context":{"text":"Deutsch","link":"https:\/\/www.achimbrueckner.de\/dxradio\/php\/wordpress\/?cat=1"},"img":{"alt_text":"","src":"","width":0,"height":0},"classes":[]},{"id":30107,"url":"https:\/\/www.achimbrueckner.de\/dxradio\/php\/wordpress\/?p=30107","url_meta":{"origin":29525,"position":1},"title":"IRT : Steuer-Razzia bei Institut der \u00d6ffentlich-Rechtlichen","author":"Administrator","date":"September 17, 2020","format":false,"excerpt":"https:\/\/www.sueddeutsche.de\/medien\/irt-institut-fuer-rundfunktechnik-oeffentlich-rechtlicher-rundfunk-ard-zdf-razzia-steuerhinterziehung-1.5034575","rel":"","context":"In &quot;Deutsch&quot;","block_context":{"text":"Deutsch","link":"https:\/\/www.achimbrueckner.de\/dxradio\/php\/wordpress\/?cat=1"},"img":{"alt_text":"","src":"","width":0,"height":0},"classes":[]},{"id":37907,"url":"https:\/\/www.achimbrueckner.de\/dxradio\/php\/wordpress\/?p=37907","url_meta":{"origin":29525,"position":2},"title":"Desaster f\u00fcr ARD und ZDF : Der verlorene 317-Millionen-Prozess","author":"Administrator","date":"November 11, 2022","format":false,"excerpt":"https:\/\/www.sueddeutsche.de\/medien\/tatort-institut-fuer-rundfunktechnik-ard-zdf-1.5693807?reduced=true","rel":"","context":"In &quot;Deutsch&quot;","block_context":{"text":"Deutsch","link":"https:\/\/www.achimbrueckner.de\/dxradio\/php\/wordpress\/?cat=1"},"img":{"alt_text":"","src":"","width":0,"height":0},"classes":[]},{"id":32320,"url":"https:\/\/www.achimbrueckner.de\/dxradio\/php\/wordpress\/?p=32320","url_meta":{"origin":29525,"position":3},"title":"Institut f\u00fcr Rundfunktechnik :Ausgeforscht","author":"Administrator","date":"March 21, 2021","format":false,"excerpt":"https:\/\/taz.de\/Institut-fuer-Rundfunktechnik\/!5759416\/","rel":"","context":"In &quot;Deutsch&quot;","block_context":{"text":"Deutsch","link":"https:\/\/www.achimbrueckner.de\/dxradio\/php\/wordpress\/?cat=1"},"img":{"alt_text":"","src":"","width":0,"height":0},"classes":[]},{"id":29648,"url":"https:\/\/www.achimbrueckner.de\/dxradio\/php\/wordpress\/?p=29648","url_meta":{"origin":29525,"position":4},"title":"Keine wirtschaftliche Perspektive: Institut f\u00fcr Rundfunktechnik wird geschlossen","author":"Administrator","date":"August 1, 2020","format":false,"excerpt":"https:\/\/www.heise.de\/news\/Keine-wirtschaftliche-Perspektive-Institut-fuer-Rundfunktechnik-wird-geschlossen-4860976.html","rel":"","context":"In &quot;Deutsch&quot;","block_context":{"text":"Deutsch","link":"https:\/\/www.achimbrueckner.de\/dxradio\/php\/wordpress\/?cat=1"},"img":{"alt_text":"","src":"","width":0,"height":0},"classes":[]},{"id":29658,"url":"https:\/\/www.achimbrueckner.de\/dxradio\/php\/wordpress\/?p=29658","url_meta":{"origin":29525,"position":5},"title":"IRT: Geburtsort von DVB, DAB+ und Co. vor dem Aus","author":"Administrator","date":"August 3, 2020","format":false,"excerpt":"https:\/\/www.teltarif.de\/institut-fuer-rundfunktechnik-irt-rundfunk\/news\/81467.html","rel":"","context":"In &quot;Deutsch&quot;","block_context":{"text":"Deutsch","link":"https:\/\/www.achimbrueckner.de\/dxradio\/php\/wordpress\/?cat=1"},"img":{"alt_text":"","src":"","width":0,"height":0},"classes":[]}],"_links":{"self":[{"href":"https:\/\/www.achimbrueckner.de\/dxradio\/php\/wordpress\/index.php?rest_route=\/wp\/v2\/posts\/29525","targetHints":{"allow":["GET"]}}],"collection":[{"href":"https:\/\/www.achimbrueckner.de\/dxradio\/php\/wordpress\/index.php?rest_route=\/wp\/v2\/posts"}],"about":[{"href":"https:\/\/www.achimbrueckner.de\/dxradio\/php\/wordpress\/index.php?rest_route=\/wp\/v2\/types\/post"}],"author":[{"embeddable":true,"href":"https:\/\/www.achimbrueckner.de\/dxradio\/php\/wordpress\/index.php?rest_route=\/wp\/v2\/users\/1"}],"replies":[{"embeddable":true,"href":"https:\/\/www.achimbrueckner.de\/dxradio\/php\/wordpress\/index.php?rest_route=%2Fwp%2Fv2%2Fcomments&post=29525"}],"version-history":[{"count":0,"href":"https:\/\/www.achimbrueckner.de\/dxradio\/php\/wordpress\/index.php?rest_route=\/wp\/v2\/posts\/29525\/revisions"}],"wp:attachment":[{"href":"https:\/\/www.achimbrueckner.de\/dxradio\/php\/wordpress\/index.php?rest_route=%2Fwp%2Fv2%2Fmedia&parent=29525"}],"wp:term":[{"taxonomy":"category","embeddable":true,"href":"https:\/\/www.achimbrueckner.de\/dxradio\/php\/wordpress\/index.php?rest_route=%2Fwp%2Fv2%2Fcategories&post=29525"},{"taxonomy":"post_tag","embeddable":true,"href":"https:\/\/www.achimbrueckner.de\/dxradio\/php\/wordpress\/index.php?rest_route=%2Fwp%2Fv2%2Ftags&post=29525"}],"curies":[{"name":"wp","href":"https:\/\/api.w.org\/{rel}","templated":true}]}}