{"id":29529,"date":"2020-07-22T17:17:19","date_gmt":"2020-07-22T17:17:19","guid":{"rendered":"https:\/\/www.achimbrueckner.de\/dxradio\/php\/wordpress\/?p=29529"},"modified":"2020-07-22T17:17:19","modified_gmt":"2020-07-22T17:17:19","slug":"channel-292-to-begin-broadcasting-on-9670-khz-from-august-1-2020","status":"publish","type":"post","link":"https:\/\/www.achimbrueckner.de\/dxradio\/php\/wordpress\/?p=29529","title":{"rendered":"channel-292-to-begin-broadcasting-on-9670-khz-from-august-1 2020"},"content":{"rendered":"<p><a href=\"https:\/\/www.bclnews.it\/2020\/07\/22\/channel-292-to-begin-broadcasting-on-9670-khz-from-august-1\/\" rel=\"noopener noreferrer\" target=\"_blank\">https:\/\/www.bclnews.it\/2020\/07\/22\/channel-292-to-begin-broadcasting-on-9670-khz-from-august-1\/<\/a><\/p>\n","protected":false},"excerpt":{"rendered":"<p>https:\/\/www.bclnews.it\/2020\/07\/22\/channel-292-to-begin-broadcasting-on-9670-khz-from-august-1\/<\/p>\n","protected":false},"author":1,"featured_media":0,"comment_status":"closed","ping_status":"open","sticky":false,"template":"","format":"standard","meta":{"_jetpack_memberships_contains_paid_content":false,"footnotes":"","jetpack_publicize_message":"","jetpack_publicize_feature_enabled":true,"jetpack_social_post_already_shared":true,"jetpack_social_options":{"image_generator_settings":{"template":"highway","default_image_id":0,"font":"","enabled":false},"version":2}},"categories":[2],"tags":[],"class_list":["post-29529","post","type-post","status-publish","format-standard","hentry","category-english"],"jetpack_publicize_connections":[],"jetpack_featured_media_url":"","jetpack_sharing_enabled":true,"jetpack_shortlink":"https:\/\/wp.me\/p5CDmr-7Gh","jetpack-related-posts":[{"id":29613,"url":"https:\/\/www.achimbrueckner.de\/dxradio\/php\/wordpress\/?p=29613","url_meta":{"origin":29529,"position":0},"title":"Channel 292 on new 9670 Khz","author":"Administrator","date":"July 31, 2020","format":false,"excerpt":"Morgen, am 1. August, starten wir mit unserer neuen Frequenz: 9670 kHz im 31 Meterband. Diese ersetzt 7440 kHz. 9670 kHz ist in erster Linie f\u00fcr Fernempfang, insbesondere w\u00e4hrend der Nachtperiode. Programm Informationen: https:\/\/www.channel292.de\/schedule-9670-khz\/ Tomorrow, August 1st, Radio Channel 292 will start on our new frequency: 9670 kHz in the\u2026","rel":"","context":"In &quot;Deutsch&quot;","block_context":{"text":"Deutsch","link":"https:\/\/www.achimbrueckner.de\/dxradio\/php\/wordpress\/?cat=1"},"img":{"alt_text":"","src":"","width":0,"height":0},"classes":[]},{"id":36601,"url":"https:\/\/www.achimbrueckner.de\/dxradio\/php\/wordpress\/?p=36601","url_meta":{"origin":29529,"position":1},"title":"Encore broadcast times 6070 Khz 9670 Khz","author":"Administrator","date":"June 17, 2022","format":false,"excerpt":"Dear Listener, Regular Broadcast times of Encore are: 10:00 - 11:00 UTC Saturday 6070 kHz Channel 292 to Europe - Simulcast on 9670 kHz Repeated: 01:00 - 02:00 UTC Sunday 7730 & 5850 kHz WRMI to Europe US and Canada (Note change from 7780 to 7730) 16:00 \u2013 17:00 UTC\u2026","rel":"","context":"In &quot;English&quot;","block_context":{"text":"English","link":"https:\/\/www.achimbrueckner.de\/dxradio\/php\/wordpress\/?cat=2"},"img":{"alt_text":"","src":"","width":0,"height":0},"classes":[]},{"id":31237,"url":"https:\/\/www.achimbrueckner.de\/dxradio\/php\/wordpress\/?p=31237","url_meta":{"origin":29529,"position":2},"title":"SDXF Weihnachtssendung 2020","author":"Administrator","date":"December 18, 2020","format":false,"excerpt":"SDXFs Wochenendprogramm auf Kurzwelle Auch in diesem Jahr bietet der schwedische DX-Verband w\u00e4hrend der Weihnachts- und Neujahrsferien eine spezielle Kurzwellensendung an. Das 60-min\u00fctige Programm wurde von dem bekannten G\u00f6ran Lindemark zusammengestellt und enth\u00e4lt unter anderem ein exklusives Interview mit George Wood \u00fcber seine Zeit bei Radio Sweden. Wir h\u00f6ren auch\u2026","rel":"","context":"In &quot;Deutsch&quot;","block_context":{"text":"Deutsch","link":"https:\/\/www.achimbrueckner.de\/dxradio\/php\/wordpress\/?cat=1"},"img":{"alt_text":"","src":"","width":0,"height":0},"classes":[]},{"id":32275,"url":"https:\/\/www.achimbrueckner.de\/dxradio\/php\/wordpress\/?p=32275","url_meta":{"origin":29529,"position":3},"title":"Sturmschaden Channel 292","author":"Administrator","date":"March 15, 2021","format":false,"excerpt":"Wie viele H\u00f6rer sicherlich bemerkt haben, waren unsere Sender von Samstag, 16.28 MEZ bis Montag, 10.10 MEZ off air. Grund war ein schwerer Sturm am Samstag Nachmittag, der einige Sch\u00e4den an unseren Antennen verursacht hat. Alle drei Frequenzen laufen inzwischen wieder, aber der Beam f\u00fcr 9670 kHz ist schwer besch\u00e4digt\u2026","rel":"","context":"In &quot;Deutsch&quot;","block_context":{"text":"Deutsch","link":"https:\/\/www.achimbrueckner.de\/dxradio\/php\/wordpress\/?cat=1"},"img":{"alt_text":"","src":"","width":0,"height":0},"classes":[]},{"id":29608,"url":"https:\/\/www.achimbrueckner.de\/dxradio\/php\/wordpress\/?p=29608","url_meta":{"origin":29529,"position":4},"title":"Radio DARC zus\u00e4tzlich auf 9670 kHz","author":"Administrator","date":"July 30, 2020","format":false,"excerpt":"https:\/\/www.funkamateur.de\/nachrichtendetails\/items\/C292-9670.html","rel":"","context":"In &quot;Deutsch&quot;","block_context":{"text":"Deutsch","link":"https:\/\/www.achimbrueckner.de\/dxradio\/php\/wordpress\/?cat=1"},"img":{"alt_text":"","src":"","width":0,"height":0},"classes":[]},{"id":44635,"url":"https:\/\/www.achimbrueckner.de\/dxradio\/php\/wordpress\/?p=44635","url_meta":{"origin":29529,"position":5},"title":"Channel 292 news December 2025","author":"Administrator","date":"December 23, 2025","format":false,"excerpt":"From radio 292 Germany Good news at the end of the year. Just in time for January 1, we have received a license for 6070 kHz for another 10 years. We would like to thank the Federal Network Agency in Berlin for granting the license at relatively short notice. Furthermore,\u2026","rel":"","context":"In &quot;English&quot;","block_context":{"text":"English","link":"https:\/\/www.achimbrueckner.de\/dxradio\/php\/wordpress\/?cat=2"},"img":{"alt_text":"","src":"","width":0,"height":0},"classes":[]}],"_links":{"self":[{"href":"https:\/\/www.achimbrueckner.de\/dxradio\/php\/wordpress\/index.php?rest_route=\/wp\/v2\/posts\/29529","targetHints":{"allow":["GET"]}}],"collection":[{"href":"https:\/\/www.achimbrueckner.de\/dxradio\/php\/wordpress\/index.php?rest_route=\/wp\/v2\/posts"}],"about":[{"href":"https:\/\/www.achimbrueckner.de\/dxradio\/php\/wordpress\/index.php?rest_route=\/wp\/v2\/types\/post"}],"author":[{"embeddable":true,"href":"https:\/\/www.achimbrueckner.de\/dxradio\/php\/wordpress\/index.php?rest_route=\/wp\/v2\/users\/1"}],"replies":[{"embeddable":true,"href":"https:\/\/www.achimbrueckner.de\/dxradio\/php\/wordpress\/index.php?rest_route=%2Fwp%2Fv2%2Fcomments&post=29529"}],"version-history":[{"count":0,"href":"https:\/\/www.achimbrueckner.de\/dxradio\/php\/wordpress\/index.php?rest_route=\/wp\/v2\/posts\/29529\/revisions"}],"wp:attachment":[{"href":"https:\/\/www.achimbrueckner.de\/dxradio\/php\/wordpress\/index.php?rest_route=%2Fwp%2Fv2%2Fmedia&parent=29529"}],"wp:term":[{"taxonomy":"category","embeddable":true,"href":"https:\/\/www.achimbrueckner.de\/dxradio\/php\/wordpress\/index.php?rest_route=%2Fwp%2Fv2%2Fcategories&post=29529"},{"taxonomy":"post_tag","embeddable":true,"href":"https:\/\/www.achimbrueckner.de\/dxradio\/php\/wordpress\/index.php?rest_route=%2Fwp%2Fv2%2Ftags&post=29529"}],"curies":[{"name":"wp","href":"https:\/\/api.w.org\/{rel}","templated":true}]}}