{"id":29561,"date":"2020-07-25T18:12:19","date_gmt":"2020-07-25T18:12:19","guid":{"rendered":"https:\/\/www.achimbrueckner.de\/dxradio\/php\/wordpress\/?p=29561"},"modified":"2020-07-25T18:12:19","modified_gmt":"2020-07-25T18:12:19","slug":"der-sender-hinter-dem-sender","status":"publish","type":"post","link":"https:\/\/www.achimbrueckner.de\/dxradio\/php\/wordpress\/?p=29561","title":{"rendered":"Der Sender hinter dem Sender"},"content":{"rendered":"<p><a href=\"https:\/\/www.smartphonefan.de\/2020\/07\/25\/der-sender-hinter-dem-sender\/\" rel=\"noopener noreferrer\" target=\"_blank\">https:\/\/www.smartphonefan.de\/2020\/07\/25\/der-sender-hinter-dem-sender\/<\/a><\/p>\n","protected":false},"excerpt":{"rendered":"<p>https:\/\/www.smartphonefan.de\/2020\/07\/25\/der-sender-hinter-dem-sender\/<\/p>\n","protected":false},"author":1,"featured_media":0,"comment_status":"closed","ping_status":"open","sticky":false,"template":"","format":"standard","meta":{"_jetpack_memberships_contains_paid_content":false,"footnotes":"","jetpack_publicize_message":"","jetpack_publicize_feature_enabled":true,"jetpack_social_post_already_shared":true,"jetpack_social_options":{"image_generator_settings":{"template":"highway","default_image_id":0,"font":"","enabled":false},"version":2}},"categories":[1],"tags":[],"class_list":["post-29561","post","type-post","status-publish","format-standard","hentry","category-deutsch"],"jetpack_publicize_connections":[],"jetpack_featured_media_url":"","jetpack_sharing_enabled":true,"jetpack_shortlink":"https:\/\/wp.me\/p5CDmr-7GN","jetpack-related-posts":[{"id":25606,"url":"https:\/\/www.achimbrueckner.de\/dxradio\/php\/wordpress\/?p=25606","url_meta":{"origin":29561,"position":0},"title":"Radiostation the buzzer was steckt hinter dem mysteri\u00f6sen Sender ?","author":"Administrator","date":"November 2, 2019","format":false,"excerpt":"https:\/\/www.stern.de\/politik\/ausland\/radiostation--the-buzzer---was-steckt-hinter-dem-mysterioesen-sender--7801368.html","rel":"","context":"In &quot;Deutsch&quot;","block_context":{"text":"Deutsch","link":"https:\/\/www.achimbrueckner.de\/dxradio\/php\/wordpress\/?cat=1"},"img":{"alt_text":"","src":"","width":0,"height":0},"classes":[]},{"id":41336,"url":"https:\/\/www.achimbrueckner.de\/dxradio\/php\/wordpress\/?p=41336","url_meta":{"origin":29561,"position":1},"title":"HESSISCHER RUNDFUNK: Der Sender hinter dem \u201eBlauen Bock\u201c wird 75","author":"Administrator","date":"June 7, 2024","format":false,"excerpt":"https:\/\/www.faz.net\/aktuell\/rhein-main\/hessischer-rundfunk-wird-75-der-geschaetzten-konkurrenz-einen-glueckwunsch-19770273.html","rel":"","context":"In &quot;Deutsch&quot;","block_context":{"text":"Deutsch","link":"https:\/\/www.achimbrueckner.de\/dxradio\/php\/wordpress\/?cat=1"},"img":{"alt_text":"","src":"","width":0,"height":0},"classes":[]},{"id":43325,"url":"https:\/\/www.achimbrueckner.de\/dxradio\/php\/wordpress\/?p=43325","url_meta":{"origin":29561,"position":2},"title":"Italien: Das ist der Sender Riva del Garda auf dem Monte Brione","author":"Administrator","date":"July 18, 2025","format":false,"excerpt":"https:\/\/www.radioblog.eu\/2025\/07\/18\/italien-das-ist-der-sender-riva-del-garda-auf-dem-monte-brione\/","rel":"","context":"In &quot;Deutsch&quot;","block_context":{"text":"Deutsch","link":"https:\/\/www.achimbrueckner.de\/dxradio\/php\/wordpress\/?cat=1"},"img":{"alt_text":"","src":"","width":0,"height":0},"classes":[]},{"id":44134,"url":"https:\/\/www.achimbrueckner.de\/dxradio\/php\/wordpress\/?p=44134","url_meta":{"origin":29561,"position":3},"title":"Radio Mixtape vor dem Start: Hat der Sender eine Chance?","author":"Administrator","date":"October 27, 2025","format":false,"excerpt":"https:\/\/www.radioblog.eu\/2025\/10\/26\/radio-mixtape-vor-dem-start-hat-der-sender-eine-chance\/","rel":"","context":"In &quot;Deutsch&quot;","block_context":{"text":"Deutsch","link":"https:\/\/www.achimbrueckner.de\/dxradio\/php\/wordpress\/?cat=1"},"img":{"alt_text":"","src":"","width":0,"height":0},"classes":[]},{"id":39199,"url":"https:\/\/www.achimbrueckner.de\/dxradio\/php\/wordpress\/?p=39199","url_meta":{"origin":29561,"position":4},"title":"Sender M\u00fchlacker Kalender 2023 im Nachdruck &#8220;Wie`s einmal war &#8211; Wahrzeichen Sender M\u00fchlacker&#8221;","author":"Administrator","date":"April 1, 2023","format":false,"excerpt":"Sender M\u00fchlacker Kalender 2023 im Nachdruck \"Wie`s einmal war - Wahrzeichen Sender M\u00fchlacker\" Liebe Radiofreunde, vor einer Woche waren wir, von FMK, beim Sender M\u00fchlacker. Der F\u00f6rderverein rund um Hans-Bernd Weiner und J\u00fcrgen Fegert signalisierten uns gegen\u00fcber, dass man den beliebten Sender-Kalender extra f\u00fcr die FMK-Leser nachdrucken l\u00e4sst, sobald gen\u00fcgend\u2026","rel":"","context":"In &quot;Deutsch&quot;","block_context":{"text":"Deutsch","link":"https:\/\/www.achimbrueckner.de\/dxradio\/php\/wordpress\/?cat=1"},"img":{"alt_text":"","src":"","width":0,"height":0},"classes":[]},{"id":26966,"url":"https:\/\/www.achimbrueckner.de\/dxradio\/php\/wordpress\/?p=26966","url_meta":{"origin":29561,"position":5},"title":"Programm\u00e4nderungen bei Radio Gong 97.1: Das sagt der Sender selbst","author":"Administrator","date":"February 2, 2020","format":false,"excerpt":"https:\/\/www.smartphonefan.de\/2020\/02\/02\/programmaenderungen-bei-radio-gong-97-1-das-sagt-der-sender-selbst\/","rel":"","context":"In &quot;Deutsch&quot;","block_context":{"text":"Deutsch","link":"https:\/\/www.achimbrueckner.de\/dxradio\/php\/wordpress\/?cat=1"},"img":{"alt_text":"","src":"","width":0,"height":0},"classes":[]}],"_links":{"self":[{"href":"https:\/\/www.achimbrueckner.de\/dxradio\/php\/wordpress\/index.php?rest_route=\/wp\/v2\/posts\/29561","targetHints":{"allow":["GET"]}}],"collection":[{"href":"https:\/\/www.achimbrueckner.de\/dxradio\/php\/wordpress\/index.php?rest_route=\/wp\/v2\/posts"}],"about":[{"href":"https:\/\/www.achimbrueckner.de\/dxradio\/php\/wordpress\/index.php?rest_route=\/wp\/v2\/types\/post"}],"author":[{"embeddable":true,"href":"https:\/\/www.achimbrueckner.de\/dxradio\/php\/wordpress\/index.php?rest_route=\/wp\/v2\/users\/1"}],"replies":[{"embeddable":true,"href":"https:\/\/www.achimbrueckner.de\/dxradio\/php\/wordpress\/index.php?rest_route=%2Fwp%2Fv2%2Fcomments&post=29561"}],"version-history":[{"count":0,"href":"https:\/\/www.achimbrueckner.de\/dxradio\/php\/wordpress\/index.php?rest_route=\/wp\/v2\/posts\/29561\/revisions"}],"wp:attachment":[{"href":"https:\/\/www.achimbrueckner.de\/dxradio\/php\/wordpress\/index.php?rest_route=%2Fwp%2Fv2%2Fmedia&parent=29561"}],"wp:term":[{"taxonomy":"category","embeddable":true,"href":"https:\/\/www.achimbrueckner.de\/dxradio\/php\/wordpress\/index.php?rest_route=%2Fwp%2Fv2%2Fcategories&post=29561"},{"taxonomy":"post_tag","embeddable":true,"href":"https:\/\/www.achimbrueckner.de\/dxradio\/php\/wordpress\/index.php?rest_route=%2Fwp%2Fv2%2Ftags&post=29561"}],"curies":[{"name":"wp","href":"https:\/\/api.w.org\/{rel}","templated":true}]}}