{"id":29562,"date":"2020-07-25T18:14:43","date_gmt":"2020-07-25T18:14:43","guid":{"rendered":"https:\/\/www.achimbrueckner.de\/dxradio\/php\/wordpress\/?p=29562"},"modified":"2020-07-25T18:14:43","modified_gmt":"2020-07-25T18:14:43","slug":"joint-rae-and-lra36-radio-nacional-arcangel-san-gabriel-test-transmission-today-july-25-2020","status":"publish","type":"post","link":"https:\/\/www.achimbrueckner.de\/dxradio\/php\/wordpress\/?p=29562","title":{"rendered":"Joint RAE and LRA36 Radio Nacional Arcangel San Gabriel test transmission today July 25, 2020"},"content":{"rendered":"<p><a href=\"https:\/\/swling.com\/blog\/2020\/07\/joint-rae-and-lra36-radio-nacional-arcangel-san-gabriel-test-transmission-today-july-25-2020\/\" rel=\"noopener noreferrer\" target=\"_blank\">https:\/\/swling.com\/blog\/2020\/07\/joint-rae-and-lra36-radio-nacional-arcangel-san-gabriel-test-transmission-today-july-25-2020\/<\/a><\/p>\n","protected":false},"excerpt":{"rendered":"<p>https:\/\/swling.com\/blog\/2020\/07\/joint-rae-and-lra36-radio-nacional-arcangel-san-gabriel-test-transmission-today-july-25-2020\/<\/p>\n","protected":false},"author":1,"featured_media":0,"comment_status":"closed","ping_status":"open","sticky":false,"template":"","format":"standard","meta":{"_jetpack_memberships_contains_paid_content":false,"footnotes":"","jetpack_publicize_message":"","jetpack_publicize_feature_enabled":true,"jetpack_social_post_already_shared":true,"jetpack_social_options":{"image_generator_settings":{"template":"highway","default_image_id":0,"font":"","enabled":false},"version":2}},"categories":[2],"tags":[],"class_list":["post-29562","post","type-post","status-publish","format-standard","hentry","category-english"],"jetpack_publicize_connections":[],"jetpack_featured_media_url":"","jetpack_sharing_enabled":true,"jetpack_shortlink":"https:\/\/wp.me\/p5CDmr-7GO","jetpack-related-posts":[{"id":38627,"url":"https:\/\/www.achimbrueckner.de\/dxradio\/php\/wordpress\/?p=38627","url_meta":{"origin":29562,"position":0},"title":"LRA 36 RADIO NACIONAL ARCANGEL SAN GABRIEL 21 Januar 2023","author":"Administrator","date":"January 18, 2023","format":false,"excerpt":"Die Antarktis ruft! LRA 36 RADIO NACIONAL ARCANGEL SAN GABRIEL pr\u00e4sentiert \"UNIENDO Voces\" (\"Gemeinsame Stimmen\"). Es handelt sich um eine Sondersendung, die in Zusammenarbeit mit RAE (Radiodifusi\u00f3n Argentina al Exterior) produziert wird und sich an Kurzwellenh\u00f6rer, DXer und Funkamateure aus der ganzen Welt richtet. Die Sendung findet am SAMSTAG, 21.\u2026","rel":"","context":"In &quot;Deutsch&quot;","block_context":{"text":"Deutsch","link":"https:\/\/www.achimbrueckner.de\/dxradio\/php\/wordpress\/?cat=1"},"img":{"alt_text":"","src":"","width":0,"height":0},"classes":[]},{"id":25377,"url":"https:\/\/www.achimbrueckner.de\/dxradio\/php\/wordpress\/?p=25377","url_meta":{"origin":29562,"position":1},"title":"40 Jahre LRA36 Radio Nacional Arc\u00e1ngel San Gabriel Sondersendung","author":"Administrator","date":"October 18, 2019","format":false,"excerpt":"Am Sonntag den 20. Oktober feiert LRA36 Radio Nacional Arc\u00e1ngel San Gabriel, die Station, die von der argentinischen Antarktis aus sendet, ihr 40- j\u00e4hriges Jubil\u00e4um. Aus diesem Anla\u00df hat RAE - Argentinien in die Welt eine Sondersendung in verschiedenen Sprachen vorbereitet. An diesem Sonntag ab 12:00 Uhr UTC moderieren die\u2026","rel":"","context":"In &quot;Deutsch&quot;","block_context":{"text":"Deutsch","link":"https:\/\/www.achimbrueckner.de\/dxradio\/php\/wordpress\/?cat=1"},"img":{"alt_text":"","src":"","width":0,"height":0},"classes":[]},{"id":27421,"url":"https:\/\/www.achimbrueckner.de\/dxradio\/php\/wordpress\/?p=27421","url_meta":{"origin":29562,"position":2},"title":"LRA36 Radio Nacional Arc\u00e1ngel San Gabriel","author":"Administrator","date":"March 4, 2020","format":false,"excerpt":"https:\/\/qsl-review.blogspot.com\/2020\/03\/lra36-radio-nacional-arcangel-san.html","rel":"","context":"In &quot;English&quot;","block_context":{"text":"English","link":"https:\/\/www.achimbrueckner.de\/dxradio\/php\/wordpress\/?cat=2"},"img":{"alt_text":"","src":"","width":0,"height":0},"classes":[]},{"id":39018,"url":"https:\/\/www.achimbrueckner.de\/dxradio\/php\/wordpress\/?p=39018","url_meta":{"origin":29562,"position":3},"title":"lra36-radio-nacional-arcangel-san-gabriel-eqsl","author":"Administrator","date":"March 8, 2023","format":false,"excerpt":"https:\/\/www.myradiowaves.com\/lra36-radio-nacional-arcangel-san-gabriel-eqsl-2\/3550\/","rel":"","context":"In &quot;English&quot;","block_context":{"text":"English","link":"https:\/\/www.achimbrueckner.de\/dxradio\/php\/wordpress\/?cat=2"},"img":{"alt_text":"","src":"","width":0,"height":0},"classes":[]},{"id":24860,"url":"https:\/\/www.achimbrueckner.de\/dxradio\/php\/wordpress\/?p=24860","url_meta":{"origin":29562,"position":4},"title":"Special Broadcast: LRA36, Radio Nacional \u2013 Arc\u00e1ngel San Gabriel, Antarctica","author":"Administrator","date":"September 19, 2019","format":false,"excerpt":"https:\/\/swling.com\/blog\/2019\/09\/special-broadcast-lra36-radio-nacional-arcangel-san-gabriel-antarctica\/","rel":"","context":"In &quot;English&quot;","block_context":{"text":"English","link":"https:\/\/www.achimbrueckner.de\/dxradio\/php\/wordpress\/?cat=2"},"img":{"alt_text":"","src":"","width":0,"height":0},"classes":[]},{"id":39681,"url":"https:\/\/www.achimbrueckner.de\/dxradio\/php\/wordpress\/?p=39681","url_meta":{"origin":29562,"position":5},"title":"QSL FROM LRA36 RADIO NACIONAL ARCANGEL SAN GABRIEL 15476 KHz","author":"Administrator","date":"June 18, 2023","format":false,"excerpt":"https:\/\/swli05639fr.blogspot.com\/2023\/06\/qsl-from-lra36-radio-nacional-arcangel.html","rel":"","context":"In &quot;English&quot;","block_context":{"text":"English","link":"https:\/\/www.achimbrueckner.de\/dxradio\/php\/wordpress\/?cat=2"},"img":{"alt_text":"","src":"","width":0,"height":0},"classes":[]}],"_links":{"self":[{"href":"https:\/\/www.achimbrueckner.de\/dxradio\/php\/wordpress\/index.php?rest_route=\/wp\/v2\/posts\/29562","targetHints":{"allow":["GET"]}}],"collection":[{"href":"https:\/\/www.achimbrueckner.de\/dxradio\/php\/wordpress\/index.php?rest_route=\/wp\/v2\/posts"}],"about":[{"href":"https:\/\/www.achimbrueckner.de\/dxradio\/php\/wordpress\/index.php?rest_route=\/wp\/v2\/types\/post"}],"author":[{"embeddable":true,"href":"https:\/\/www.achimbrueckner.de\/dxradio\/php\/wordpress\/index.php?rest_route=\/wp\/v2\/users\/1"}],"replies":[{"embeddable":true,"href":"https:\/\/www.achimbrueckner.de\/dxradio\/php\/wordpress\/index.php?rest_route=%2Fwp%2Fv2%2Fcomments&post=29562"}],"version-history":[{"count":0,"href":"https:\/\/www.achimbrueckner.de\/dxradio\/php\/wordpress\/index.php?rest_route=\/wp\/v2\/posts\/29562\/revisions"}],"wp:attachment":[{"href":"https:\/\/www.achimbrueckner.de\/dxradio\/php\/wordpress\/index.php?rest_route=%2Fwp%2Fv2%2Fmedia&parent=29562"}],"wp:term":[{"taxonomy":"category","embeddable":true,"href":"https:\/\/www.achimbrueckner.de\/dxradio\/php\/wordpress\/index.php?rest_route=%2Fwp%2Fv2%2Fcategories&post=29562"},{"taxonomy":"post_tag","embeddable":true,"href":"https:\/\/www.achimbrueckner.de\/dxradio\/php\/wordpress\/index.php?rest_route=%2Fwp%2Fv2%2Ftags&post=29562"}],"curies":[{"name":"wp","href":"https:\/\/api.w.org\/{rel}","templated":true}]}}