{"id":29633,"date":"2020-08-01T16:08:33","date_gmt":"2020-08-01T16:08:33","guid":{"rendered":"https:\/\/www.achimbrueckner.de\/dxradio\/php\/wordpress\/?p=29633"},"modified":"2020-08-01T16:08:33","modified_gmt":"2020-08-01T16:08:33","slug":"kein-grund-sich-zu-schamen-ein-podcast-uber-die-musik-der-90er-jahre","status":"publish","type":"post","link":"https:\/\/www.achimbrueckner.de\/dxradio\/php\/wordpress\/?p=29633","title":{"rendered":"Kein Grund, sich zu sch\u00e4men: Ein Podcast \u00fcber die Musik der 90er Jahre"},"content":{"rendered":"<p><a href=\"https:\/\/uebermedien.de\/51443\/kein-grund-sich-zu-schaemen-ein-podcast-ueber-die-musik-der-90er-jahre\/\" rel=\"noopener noreferrer\" target=\"_blank\">https:\/\/uebermedien.de\/51443\/kein-grund-sich-zu-schaemen-ein-podcast-ueber-die-musik-der-90er-jahre\/<\/a><\/p>\n","protected":false},"excerpt":{"rendered":"<p>https:\/\/uebermedien.de\/51443\/kein-grund-sich-zu-schaemen-ein-podcast-ueber-die-musik-der-90er-jahre\/<\/p>\n","protected":false},"author":1,"featured_media":0,"comment_status":"closed","ping_status":"open","sticky":false,"template":"","format":"standard","meta":{"_jetpack_memberships_contains_paid_content":false,"footnotes":"","jetpack_publicize_message":"","jetpack_publicize_feature_enabled":true,"jetpack_social_post_already_shared":true,"jetpack_social_options":{"image_generator_settings":{"template":"highway","default_image_id":0,"font":"","enabled":false},"version":2}},"categories":[1,15],"tags":[45],"class_list":["post-29633","post","type-post","status-publish","format-standard","hentry","category-deutsch","category-medien","tag-medien"],"jetpack_publicize_connections":[],"jetpack_featured_media_url":"","jetpack_sharing_enabled":true,"jetpack_shortlink":"https:\/\/wp.me\/p5CDmr-7HX","jetpack-related-posts":[{"id":44670,"url":"https:\/\/www.achimbrueckner.de\/dxradio\/php\/wordpress\/?p=44670","url_meta":{"origin":29633,"position":0},"title":"Oldie Antenne wirbt jetzt mit Musik der 70er, 80er und 90er Jahre","author":"Administrator","date":"December 30, 2025","format":false,"excerpt":"https:\/\/www.radioblog.eu\/2025\/12\/29\/oldie-antenne-wirbt-jetzt-mit-musik-der-70er-80er-und-90er-jahre\/","rel":"","context":"In &quot;Deutsch&quot;","block_context":{"text":"Deutsch","link":"https:\/\/www.achimbrueckner.de\/dxradio\/php\/wordpress\/?cat=1"},"img":{"alt_text":"","src":"","width":0,"height":0},"classes":[]},{"id":36674,"url":"https:\/\/www.achimbrueckner.de\/dxradio\/php\/wordpress\/?p=36674","url_meta":{"origin":29633,"position":1},"title":"Big 95.7 bringt die Musik der 80er und 90er in den S\u00fcden von Washington","author":"Administrator","date":"June 23, 2022","format":false,"excerpt":"https:\/\/www.radioblog.eu\/2022\/06\/23\/big-95-7-bringt-die-musik-der-80er-und-90er-in-den-sueden-von-washington\/","rel":"","context":"In &quot;Deutsch&quot;","block_context":{"text":"Deutsch","link":"https:\/\/www.achimbrueckner.de\/dxradio\/php\/wordpress\/?cat=1"},"img":{"alt_text":"","src":"","width":0,"height":0},"classes":[]},{"id":999,"url":"https:\/\/www.achimbrueckner.de\/dxradio\/php\/wordpress\/?p=999","url_meta":{"origin":29633,"position":2},"title":"20 Jahre Antenne Brandenburg","author":"Administrator","date":"April 23, 2010","format":false,"excerpt":"01. Mai 2010 RBB Fernsehen \/ 18.32 Uhr 20 Jahre Antenne Brandenburg Das Geheimnis eines gro\u00dfen Erfolges Antenne Brandenburg wird 20! Das allein w\u00e4re ein guter Grund, auch mit der Fernsehkamera mal ein Blick hinter die Kulissen und in die Archive zu werfen. Noch spannender allerdings ist die Frage, wie\u2026","rel":"","context":"In &quot;Deutsch&quot;","block_context":{"text":"Deutsch","link":"https:\/\/www.achimbrueckner.de\/dxradio\/php\/wordpress\/?cat=1"},"img":{"alt_text":"","src":"","width":0,"height":0},"classes":[]},{"id":19351,"url":"https:\/\/www.achimbrueckner.de\/dxradio\/php\/wordpress\/?p=19351","url_meta":{"origin":29633,"position":3},"title":"Projekt Deutsche Amateurfunkgeschichte \u2013 heute f\u00fcr morgen erz\u00e4hlt","author":"Administrator","date":"September 29, 2018","format":false,"excerpt":"Projekt Deutsche Amateurfunkgeschichte \u2013 heute f\u00fcr morgen erz\u00e4hlt 90 Jahre nach der Gr\u00fcndung gibt es noch immer keine repr\u00e4sentative Chronik des Amateurfunks in Deutschland. Die bisherigen und durchaus verdienstvollen Darstellungen sind vergriffen, l\u00fcckenhaft oder nicht ausreichend faktengesichert. Auch unser eigenes 2002-2009 erstelltes Angebot, umfangreich wie kein anderes, ist nicht mehr\u2026","rel":"","context":"In &quot;Deutsch&quot;","block_context":{"text":"Deutsch","link":"https:\/\/www.achimbrueckner.de\/dxradio\/php\/wordpress\/?cat=1"},"img":{"alt_text":"","src":"","width":0,"height":0},"classes":[]},{"id":16046,"url":"https:\/\/www.achimbrueckner.de\/dxradio\/php\/wordpress\/?p=16046","url_meta":{"origin":29633,"position":4},"title":"Guten Rutsch Happy New Year 2018","author":"Administrator","date":"December 30, 2017","format":false,"excerpt":"Guten Rutsch ins neue Jahr. In 2017 wurde vor allem der Cloud-upload des Radioarchivs in Angriff genommen. Zur Zeit sind die DVDs bis Nummer 1500 und ab Nummer 2250 erreichbar, sowie die CDs bis Nummer 520. Dabei stellten sich vereinzelt Lesefehler heraus, was bei den teils 20 Jahre alten CDs\u2026","rel":"","context":"In &quot;Deutsch&quot;","block_context":{"text":"Deutsch","link":"https:\/\/www.achimbrueckner.de\/dxradio\/php\/wordpress\/?cat=1"},"img":{"alt_text":"","src":"","width":0,"height":0},"classes":[]},{"id":10187,"url":"https:\/\/www.achimbrueckner.de\/dxradio\/php\/wordpress\/?p=10187","url_meta":{"origin":29633,"position":5},"title":"Yvonne Malak: Die drei schlimmsten \u00dcberbleibsel der 90er Jahre im Radio von heute","author":"Administrator","date":"September 1, 2016","format":false,"excerpt":"http:\/\/www.radiowoche.de\/yvonne-malak-die-drei-schlimmsten-ueberbleibsel-der-90er-jahre-im-radio-von-heute\/","rel":"","context":"In &quot;Deutsch&quot;","block_context":{"text":"Deutsch","link":"https:\/\/www.achimbrueckner.de\/dxradio\/php\/wordpress\/?cat=1"},"img":{"alt_text":"","src":"","width":0,"height":0},"classes":[]}],"_links":{"self":[{"href":"https:\/\/www.achimbrueckner.de\/dxradio\/php\/wordpress\/index.php?rest_route=\/wp\/v2\/posts\/29633","targetHints":{"allow":["GET"]}}],"collection":[{"href":"https:\/\/www.achimbrueckner.de\/dxradio\/php\/wordpress\/index.php?rest_route=\/wp\/v2\/posts"}],"about":[{"href":"https:\/\/www.achimbrueckner.de\/dxradio\/php\/wordpress\/index.php?rest_route=\/wp\/v2\/types\/post"}],"author":[{"embeddable":true,"href":"https:\/\/www.achimbrueckner.de\/dxradio\/php\/wordpress\/index.php?rest_route=\/wp\/v2\/users\/1"}],"replies":[{"embeddable":true,"href":"https:\/\/www.achimbrueckner.de\/dxradio\/php\/wordpress\/index.php?rest_route=%2Fwp%2Fv2%2Fcomments&post=29633"}],"version-history":[{"count":0,"href":"https:\/\/www.achimbrueckner.de\/dxradio\/php\/wordpress\/index.php?rest_route=\/wp\/v2\/posts\/29633\/revisions"}],"wp:attachment":[{"href":"https:\/\/www.achimbrueckner.de\/dxradio\/php\/wordpress\/index.php?rest_route=%2Fwp%2Fv2%2Fmedia&parent=29633"}],"wp:term":[{"taxonomy":"category","embeddable":true,"href":"https:\/\/www.achimbrueckner.de\/dxradio\/php\/wordpress\/index.php?rest_route=%2Fwp%2Fv2%2Fcategories&post=29633"},{"taxonomy":"post_tag","embeddable":true,"href":"https:\/\/www.achimbrueckner.de\/dxradio\/php\/wordpress\/index.php?rest_route=%2Fwp%2Fv2%2Ftags&post=29633"}],"curies":[{"name":"wp","href":"https:\/\/api.w.org\/{rel}","templated":true}]}}