{"id":29870,"date":"2020-09-01T19:16:24","date_gmt":"2020-09-01T19:16:24","guid":{"rendered":"https:\/\/www.achimbrueckner.de\/dxradio\/php\/wordpress\/?p=29870"},"modified":"2020-09-01T19:16:24","modified_gmt":"2020-09-01T19:16:24","slug":"wir-sind-seit-84-jahren-fur-sie-da","status":"publish","type":"post","link":"https:\/\/www.achimbrueckner.de\/dxradio\/php\/wordpress\/?p=29870","title":{"rendered":"Wir sind seit 84 Jahren f\u00fcr Sie da"},"content":{"rendered":"<p><a href=\"https:\/\/deutsch.radio.cz\/wir-sind-seit-84-jahren-fuer-sie-da-8690681\" rel=\"noopener noreferrer\" target=\"_blank\">https:\/\/deutsch.radio.cz\/wir-sind-seit-84-jahren-fuer-sie-da-8690681<\/a><\/p>\n","protected":false},"excerpt":{"rendered":"<p>https:\/\/deutsch.radio.cz\/wir-sind-seit-84-jahren-fuer-sie-da-8690681<\/p>\n","protected":false},"author":1,"featured_media":0,"comment_status":"closed","ping_status":"open","sticky":false,"template":"","format":"standard","meta":{"_jetpack_memberships_contains_paid_content":false,"footnotes":"","jetpack_publicize_message":"","jetpack_publicize_feature_enabled":true,"jetpack_social_post_already_shared":true,"jetpack_social_options":{"image_generator_settings":{"template":"highway","default_image_id":0,"font":"","enabled":false},"version":2}},"categories":[1],"tags":[],"class_list":["post-29870","post","type-post","status-publish","format-standard","hentry","category-deutsch"],"jetpack_publicize_connections":[],"jetpack_featured_media_url":"","jetpack_sharing_enabled":true,"jetpack_shortlink":"https:\/\/wp.me\/p5CDmr-7LM","jetpack-related-posts":[{"id":774,"url":"https:\/\/www.achimbrueckner.de\/dxradio\/php\/wordpress\/?p=774","url_meta":{"origin":29870,"position":0},"title":"China Radio International &#8211; Deutsche Redaktion","author":"Administrator","date":"December 18, 2009","format":false,"excerpt":"Liebe Freunde von CRI, im April 2010 feiert die Deutsche Redaktion von Radio China International ihr 50-j\u00e4hriges Bestehen. Zu diesem Jubil\u00e4um d\u00fcrfen nat\u00fcrlich alte Freunde und Bekannte nicht fehlen! Anl\u00e4sslich dieses besonderen Jahrestages der Deutschen Redaktion wollen wir unter anderem einen Jubil\u00e4umsband \u00fcber die Entwicklung unserer Redaktion herausgegeben. Diese Entwicklung\u2026","rel":"","context":"In &quot;Deutsch&quot;","block_context":{"text":"Deutsch","link":"https:\/\/www.achimbrueckner.de\/dxradio\/php\/wordpress\/?cat=1"},"img":{"alt_text":"","src":"","width":0,"height":0},"classes":[]},{"id":7376,"url":"https:\/\/www.achimbrueckner.de\/dxradio\/php\/wordpress\/?p=7376","url_meta":{"origin":29870,"position":1},"title":"31. Januar 2016 Sonntag ab 10 Uhr MEZ: &#8220;Radio. Menschen &#038; Geschichten&#8221;","author":"Administrator","date":"January 26, 2016","format":false,"excerpt":"Hallo in die Runde, Wir haben ja schon \u00fcber ein neues \"Radio-im-Radio-Magazin\" hier berichtet.. Dieses \"Corona-freie\", Ihr wisst schon. In 5 Tagen geht es dann also los mit Ausgabe 1. In den letzten Tagen hat sich einiges getan. Der Name steht fest: \"Radio. Menschen und Geschichten\". Ne Facebookseite gibt's derweil\u2026","rel":"","context":"In &quot;Deutsch&quot;","block_context":{"text":"Deutsch","link":"https:\/\/www.achimbrueckner.de\/dxradio\/php\/wordpress\/?cat=1"},"img":{"alt_text":"","src":"","width":0,"height":0},"classes":[]},{"id":4897,"url":"https:\/\/www.achimbrueckner.de\/dxradio\/php\/wordpress\/?p=4897","url_meta":{"origin":29870,"position":2},"title":"DokuFunk bei der Ham Radio","author":"Administrator","date":"June 13, 2015","format":false,"excerpt":"Alle Jahre wieder sind wir zu finden in Halle A1\/220, zu f\u00fcnft vom DOkuFunk-Team. Dem Jahresmotto folgend, wird unsere Ausstellung Amateurfunk im Orbit zeigen. Auch die Pr\u00e4sentation bei unserem Freundes- und H\u00f6retreffen, am Messesamstag, 12:00, Raum Schweiz (ja, der seit vielen Jahren traditionelle High-Noon-Termin) wird zun\u00e4chst dem Messemotto gewidmet sein.\u2026","rel":"","context":"In &quot;camps&quot;","block_context":{"text":"camps","link":"https:\/\/www.achimbrueckner.de\/dxradio\/php\/wordpress\/?cat=5"},"img":{"alt_text":"","src":"","width":0,"height":0},"classes":[]},{"id":37347,"url":"https:\/\/www.achimbrueckner.de\/dxradio\/php\/wordpress\/?p=37347","url_meta":{"origin":29870,"position":3},"title":"Radio Menschen und Geschichten 28 August 2022","author":"Administrator","date":"August 26, 2022","format":false,"excerpt":"Nach knapp 2 Jahren gibt's noch einmal(?) eine Ausgabe von \"Radio. Menschen & Geschichten\". Reduziert auf 30 Minuten, daf\u00fcr mit allen wichtigen Inhaltsstoffen f\u00fcr eine hoffentlich ausgewogene Ohr-Kost ohne Massenausw\u00fcrfe mit folgenden Themen: * Tag 186 des russischen Angriffskrieges auf die Ukraine \u2013 und er geht auch nicht am Rundfunk\u2026","rel":"","context":"In &quot;Deutsch&quot;","block_context":{"text":"Deutsch","link":"https:\/\/www.achimbrueckner.de\/dxradio\/php\/wordpress\/?cat=1"},"img":{"alt_text":"","src":"","width":0,"height":0},"classes":[]},{"id":4305,"url":"https:\/\/www.achimbrueckner.de\/dxradio\/php\/wordpress\/?p=4305","url_meta":{"origin":29870,"position":4},"title":"Radio 700 Spenden","author":"Administrator","date":"March 27, 2015","format":false,"excerpt":"Liebe Freunde der Kurzwelle, Seit 8 Jahren senden wir mit unseren im Vergleich zu den (ex)-staatlichen Gro\u00dfsendeanlagen bescheidenen Mitteln auf Kurzwelle. Was anfangs mit ein paar Stunden t\u00e4glich auf einer Frequenz begann hat sich mittlerweile zu einer \"oppulenteren Angelegenheit\" gemausert. Ab April 2015 strahlen wir w\u00f6chentlich 365 Stunden (gut 52\u2026","rel":"","context":"In &quot;Deutsch&quot;","block_context":{"text":"Deutsch","link":"https:\/\/www.achimbrueckner.de\/dxradio\/php\/wordpress\/?cat=1"},"img":{"alt_text":"","src":"","width":0,"height":0},"classes":[]},{"id":486,"url":"https:\/\/www.achimbrueckner.de\/dxradio\/php\/wordpress\/?p=486","url_meta":{"origin":29870,"position":5},"title":"H\u00f6rertreffen IFA Berlin","author":"Administrator","date":"August 8, 2009","format":false,"excerpt":"Einladung zum H\u00f6rertreffen w\u00e4hrend der Internationalen Funkausstellung 2009 \"Wie es schon seit vielen Jahren Tradition ist, wird es auch in diesem Jahr zur Internationalen Funkausstellung, f\u00fcr alle die am Radio-Hobby interessiert sind, in Berlin ein Treffen geben. Wir laden alle Hobbyfreunde am 05. September 2009 nach Berlin zu einem Austausch\u2026","rel":"","context":"In &quot;camps&quot;","block_context":{"text":"camps","link":"https:\/\/www.achimbrueckner.de\/dxradio\/php\/wordpress\/?cat=5"},"img":{"alt_text":"","src":"","width":0,"height":0},"classes":[]}],"_links":{"self":[{"href":"https:\/\/www.achimbrueckner.de\/dxradio\/php\/wordpress\/index.php?rest_route=\/wp\/v2\/posts\/29870","targetHints":{"allow":["GET"]}}],"collection":[{"href":"https:\/\/www.achimbrueckner.de\/dxradio\/php\/wordpress\/index.php?rest_route=\/wp\/v2\/posts"}],"about":[{"href":"https:\/\/www.achimbrueckner.de\/dxradio\/php\/wordpress\/index.php?rest_route=\/wp\/v2\/types\/post"}],"author":[{"embeddable":true,"href":"https:\/\/www.achimbrueckner.de\/dxradio\/php\/wordpress\/index.php?rest_route=\/wp\/v2\/users\/1"}],"replies":[{"embeddable":true,"href":"https:\/\/www.achimbrueckner.de\/dxradio\/php\/wordpress\/index.php?rest_route=%2Fwp%2Fv2%2Fcomments&post=29870"}],"version-history":[{"count":0,"href":"https:\/\/www.achimbrueckner.de\/dxradio\/php\/wordpress\/index.php?rest_route=\/wp\/v2\/posts\/29870\/revisions"}],"wp:attachment":[{"href":"https:\/\/www.achimbrueckner.de\/dxradio\/php\/wordpress\/index.php?rest_route=%2Fwp%2Fv2%2Fmedia&parent=29870"}],"wp:term":[{"taxonomy":"category","embeddable":true,"href":"https:\/\/www.achimbrueckner.de\/dxradio\/php\/wordpress\/index.php?rest_route=%2Fwp%2Fv2%2Fcategories&post=29870"},{"taxonomy":"post_tag","embeddable":true,"href":"https:\/\/www.achimbrueckner.de\/dxradio\/php\/wordpress\/index.php?rest_route=%2Fwp%2Fv2%2Ftags&post=29870"}],"curies":[{"name":"wp","href":"https:\/\/api.w.org\/{rel}","templated":true}]}}