{"id":29924,"date":"2020-09-06T16:15:27","date_gmt":"2020-09-06T16:15:27","guid":{"rendered":"https:\/\/www.achimbrueckner.de\/dxradio\/php\/wordpress\/?p=29924"},"modified":"2020-09-06T16:15:27","modified_gmt":"2020-09-06T16:15:27","slug":"stumme-werbung-am-autoradio-hoffnung-auf-einen-neuen-markt","status":"publish","type":"post","link":"https:\/\/www.achimbrueckner.de\/dxradio\/php\/wordpress\/?p=29924","title":{"rendered":"Stumme Werbung am Autoradio: Hoffnung auf einen neuen Markt"},"content":{"rendered":"<p><a href=\"https:\/\/medienwoche.ch\/2020\/09\/03\/stumme-werbung-am-autoradio-hoffnung-auf-einen-neuen-markt\/\" rel=\"noopener noreferrer\" target=\"_blank\">https:\/\/medienwoche.ch\/2020\/09\/03\/stumme-werbung-am-autoradio-hoffnung-auf-einen-neuen-markt\/<\/a><\/p>\n","protected":false},"excerpt":{"rendered":"<p>https:\/\/medienwoche.ch\/2020\/09\/03\/stumme-werbung-am-autoradio-hoffnung-auf-einen-neuen-markt\/<\/p>\n","protected":false},"author":1,"featured_media":0,"comment_status":"closed","ping_status":"open","sticky":false,"template":"","format":"standard","meta":{"_jetpack_memberships_contains_paid_content":false,"footnotes":"","jetpack_publicize_message":"","jetpack_publicize_feature_enabled":true,"jetpack_social_post_already_shared":true,"jetpack_social_options":{"image_generator_settings":{"template":"highway","default_image_id":0,"font":"","enabled":false},"version":2}},"categories":[1,15],"tags":[24,45],"class_list":["post-29924","post","type-post","status-publish","format-standard","hentry","category-deutsch","category-medien","tag-am","tag-medien"],"jetpack_publicize_connections":[],"jetpack_featured_media_url":"","jetpack_sharing_enabled":true,"jetpack_shortlink":"https:\/\/wp.me\/p5CDmr-7ME","jetpack-related-posts":[{"id":24213,"url":"https:\/\/www.achimbrueckner.de\/dxradio\/php\/wordpress\/?p=24213","url_meta":{"origin":29924,"position":0},"title":"AGVS-Medieninformation: Jetzt auf DAB+ umr\u00fcsten &#8211; So wird das Autoradio zukunftstauglich","author":"Administrator","date":"August 13, 2019","format":false,"excerpt":"https:\/\/www.presseportal-schweiz.ch\/pressemeldungen\/agvs-medieninformation-jetzt-dab-umruesten-so-wird-das-autoradio-zukunftstauglich","rel":"","context":"In &quot;Deutsch&quot;","block_context":{"text":"Deutsch","link":"https:\/\/www.achimbrueckner.de\/dxradio\/php\/wordpress\/?cat=1"},"img":{"alt_text":"","src":"","width":0,"height":0},"classes":[]},{"id":29000,"url":"https:\/\/www.achimbrueckner.de\/dxradio\/php\/wordpress\/?p=29000","url_meta":{"origin":29924,"position":1},"title":"&#8220;Der stumme Tod&#8221; H\u00f6rspielserie zu &#8220;Babylon Berlin&#8221; geht im September weiter","author":"Administrator","date":"June 8, 2020","format":false,"excerpt":"https:\/\/www.dwdl.de\/nachrichten\/77969\/hoerspielserie_zu_babylon_berlin_geht_im_september_weiter\/","rel":"","context":"In &quot;Deutsch&quot;","block_context":{"text":"Deutsch","link":"https:\/\/www.achimbrueckner.de\/dxradio\/php\/wordpress\/?cat=1"},"img":{"alt_text":"","src":"","width":0,"height":0},"classes":[]},{"id":39932,"url":"https:\/\/www.achimbrueckner.de\/dxradio\/php\/wordpress\/?p=39932","url_meta":{"origin":29924,"position":2},"title":"DAB+ im Spessart: Auf das Autoradio kommt es an","author":"Administrator","date":"July 30, 2023","format":false,"excerpt":"https:\/\/www.radioblog.eu\/2023\/07\/30\/dab-im-spessart-auf-das-autoradio-kommt-es-an\/","rel":"","context":"In &quot;Deutsch&quot;","block_context":{"text":"Deutsch","link":"https:\/\/www.achimbrueckner.de\/dxradio\/php\/wordpress\/?cat=1"},"img":{"alt_text":"","src":"","width":0,"height":0},"classes":[]},{"id":28564,"url":"https:\/\/www.achimbrueckner.de\/dxradio\/php\/wordpress\/?p=28564","url_meta":{"origin":29924,"position":3},"title":"Autokinos in Bayern nun m\u00f6glich: BLM unterst\u00fctzt schnelles und einfaches Verfahren \u00dcbertragung des Filmtons ins Autoradio ist medienrechtlich nur anzeigenpflichtig (PM 17 20)","author":"Administrator","date":"May 9, 2020","format":false,"excerpt":"https:\/\/www.presseportal.de\/pm\/62483\/4592553","rel":"","context":"In &quot;Deutsch&quot;","block_context":{"text":"Deutsch","link":"https:\/\/www.achimbrueckner.de\/dxradio\/php\/wordpress\/?cat=1"},"img":{"alt_text":"","src":"","width":0,"height":0},"classes":[]},{"id":15806,"url":"https:\/\/www.achimbrueckner.de\/dxradio\/php\/wordpress\/?p=15806","url_meta":{"origin":29924,"position":4},"title":"Mit DAB+ bleibt das neue Autoradio auch auf Reisen nicht stumm","author":"Administrator","date":"December 7, 2017","format":false,"excerpt":"https:\/\/auto360.de\/mit-dab-bleibt-das-neue-autoradio-auch-auf-reisen-nicht-stumm","rel":"","context":"In &quot;Deutsch&quot;","block_context":{"text":"Deutsch","link":"https:\/\/www.achimbrueckner.de\/dxradio\/php\/wordpress\/?cat=1"},"img":{"alt_text":"","src":"","width":0,"height":0},"classes":[]},{"id":44044,"url":"https:\/\/www.achimbrueckner.de\/dxradio\/php\/wordpress\/?p=44044","url_meta":{"origin":29924,"position":5},"title":"UKW-DX auf Gran Canaria: Hola FM und Radio Sol FM zu Gast im Autoradio","author":"Administrator","date":"October 18, 2025","format":false,"excerpt":"https:\/\/www.radioblog.eu\/2025\/10\/18\/ukw-dx-auf-gran-canaria-hola-fm-und-radio-sol-fm-zu-gast-im-autoradio\/","rel":"","context":"In &quot;Deutsch&quot;","block_context":{"text":"Deutsch","link":"https:\/\/www.achimbrueckner.de\/dxradio\/php\/wordpress\/?cat=1"},"img":{"alt_text":"","src":"","width":0,"height":0},"classes":[]}],"_links":{"self":[{"href":"https:\/\/www.achimbrueckner.de\/dxradio\/php\/wordpress\/index.php?rest_route=\/wp\/v2\/posts\/29924","targetHints":{"allow":["GET"]}}],"collection":[{"href":"https:\/\/www.achimbrueckner.de\/dxradio\/php\/wordpress\/index.php?rest_route=\/wp\/v2\/posts"}],"about":[{"href":"https:\/\/www.achimbrueckner.de\/dxradio\/php\/wordpress\/index.php?rest_route=\/wp\/v2\/types\/post"}],"author":[{"embeddable":true,"href":"https:\/\/www.achimbrueckner.de\/dxradio\/php\/wordpress\/index.php?rest_route=\/wp\/v2\/users\/1"}],"replies":[{"embeddable":true,"href":"https:\/\/www.achimbrueckner.de\/dxradio\/php\/wordpress\/index.php?rest_route=%2Fwp%2Fv2%2Fcomments&post=29924"}],"version-history":[{"count":0,"href":"https:\/\/www.achimbrueckner.de\/dxradio\/php\/wordpress\/index.php?rest_route=\/wp\/v2\/posts\/29924\/revisions"}],"wp:attachment":[{"href":"https:\/\/www.achimbrueckner.de\/dxradio\/php\/wordpress\/index.php?rest_route=%2Fwp%2Fv2%2Fmedia&parent=29924"}],"wp:term":[{"taxonomy":"category","embeddable":true,"href":"https:\/\/www.achimbrueckner.de\/dxradio\/php\/wordpress\/index.php?rest_route=%2Fwp%2Fv2%2Fcategories&post=29924"},{"taxonomy":"post_tag","embeddable":true,"href":"https:\/\/www.achimbrueckner.de\/dxradio\/php\/wordpress\/index.php?rest_route=%2Fwp%2Fv2%2Ftags&post=29924"}],"curies":[{"name":"wp","href":"https:\/\/api.w.org\/{rel}","templated":true}]}}