{"id":3,"date":"2005-09-10T00:15:00","date_gmt":"2005-09-09T22:15:00","guid":{"rendered":"https:\/\/www.achimbrueckner.de\/dxradio\/php\/wordpress\/?p=3"},"modified":"2005-09-14T18:07:53","modified_gmt":"2005-09-14T16:07:53","slug":"brasilien-im-25m-band","status":"publish","type":"post","link":"https:\/\/www.achimbrueckner.de\/dxradio\/php\/wordpress\/?p=3","title":{"rendered":"Brasilien im 25m Band"},"content":{"rendered":"<p>Nicht ganz so stark waren die Signale aus Brasilien im 25m Band. Zwei Stationen wurden gegen 0015 Utc geh\u00f6rt:<br \/>\n11780 Radio Nacional da Amazonia<br \/>\n11815 Radio Brasil Central<\/p>\n","protected":false},"excerpt":{"rendered":"<p>Nicht ganz so stark waren die Signale aus Brasilien im 25m Band. Zwei Stationen wurden gegen 0015 Utc geh\u00f6rt: 11780 Radio Nacional da Amazonia 11815 Radio Brasil Central<\/p>\n","protected":false},"author":1,"featured_media":0,"comment_status":"open","ping_status":"open","sticky":false,"template":"","format":"standard","meta":{"_jetpack_memberships_contains_paid_content":false,"footnotes":"","jetpack_publicize_message":"","jetpack_publicize_feature_enabled":true,"jetpack_social_post_already_shared":false,"jetpack_social_options":{"image_generator_settings":{"template":"highway","default_image_id":0,"font":"","enabled":false},"version":2}},"categories":[3],"tags":[24],"class_list":["post-3","post","type-post","status-publish","format-standard","hentry","category-empfang","tag-am"],"jetpack_publicize_connections":[],"jetpack_featured_media_url":"","jetpack_sharing_enabled":true,"jetpack_shortlink":"https:\/\/wp.me\/p5CDmr-3","jetpack-related-posts":[{"id":3243,"url":"https:\/\/www.achimbrueckner.de\/dxradio\/php\/wordpress\/?p=3243","url_meta":{"origin":3,"position":0},"title":"WM in Brasilien QRGs","author":"Administrator","date":"June 9, 2014","format":false,"excerpt":"Die FIFA hat u.a. diejenigen Radiostationen bekannt gegeben, die offiziell die WM in Brasilien \u00fcbertragen: R\u00e1dio Nacional da Amazonia 6180, 11780 R\u00e1dio Gaucha 11915 R\u00e1dio Bandeirantes 6090, 9645, 11925 R\u00e1dio Itatiaia 5970 R\u00e1dio Clube do Para 4885 R\u00e1dio Meterologia Paulista 4845 (alle Angaben in kHz) Info via A-DX","rel":"","context":"In &quot;Deutsch&quot;","block_context":{"text":"Deutsch","link":"https:\/\/www.achimbrueckner.de\/dxradio\/php\/wordpress\/?cat=1"},"img":{"alt_text":"","src":"","width":0,"height":0},"classes":[]},{"id":38132,"url":"https:\/\/www.achimbrueckner.de\/dxradio\/php\/wordpress\/?p=38132","url_meta":{"origin":3,"position":1},"title":"Brasilien R\u00e1dio Nacional da Amaz\u00f4nia","author":"Administrator","date":"December 6, 2022","format":false,"excerpt":"Brasilien R\u00e1dio Nacional da Amaz\u00f4nia aus Bras\u00edlia ist mit guter Signalst\u00e4rke gegen 2140 UT auf 6180 kHz zu h\u00f6ren. Danke an OM Ewald f\u00fcr den Hinweis in unserer A-DX Mailingliste. Info via Facebook","rel":"","context":"In &quot;Deutsch&quot;","block_context":{"text":"Deutsch","link":"https:\/\/www.achimbrueckner.de\/dxradio\/php\/wordpress\/?cat=1"},"img":{"alt_text":"","src":"","width":0,"height":0},"classes":[]},{"id":43305,"url":"https:\/\/www.achimbrueckner.de\/dxradio\/php\/wordpress\/?p=43305","url_meta":{"origin":3,"position":2},"title":"Brasilien: Erstmals DAB+ in S\u00fcdamerika","author":"Administrator","date":"July 16, 2025","format":false,"excerpt":"https:\/\/www.radioblog.eu\/2025\/07\/16\/brasilien-erstmals-dab-in-suedamerika\/","rel":"","context":"In &quot;Deutsch&quot;","block_context":{"text":"Deutsch","link":"https:\/\/www.achimbrueckner.de\/dxradio\/php\/wordpress\/?cat=1"},"img":{"alt_text":"","src":"","width":0,"height":0},"classes":[]},{"id":18895,"url":"https:\/\/www.achimbrueckner.de\/dxradio\/php\/wordpress\/?p=18895","url_meta":{"origin":3,"position":3},"title":"Kl\u00f6nschnack mit Brasilien","author":"Administrator","date":"August 23, 2018","format":false,"excerpt":"https:\/\/www.shz.de\/lokales\/norddeutsche-rundschau\/kloenschnack-mit-brasilien-id20764362.html","rel":"","context":"In &quot;Deutsch&quot;","block_context":{"text":"Deutsch","link":"https:\/\/www.achimbrueckner.de\/dxradio\/php\/wordpress\/?cat=1"},"img":{"alt_text":"","src":"","width":0,"height":0},"classes":[]},{"id":45103,"url":"https:\/\/www.achimbrueckner.de\/dxradio\/php\/wordpress\/?p=45103","url_meta":{"origin":3,"position":4},"title":"Brasilien: Forbes startet eigene Radiostation","author":"Administrator","date":"February 23, 2026","format":false,"excerpt":"https:\/\/www.radioblog.eu\/2026\/02\/22\/brasilien-forbes-startet-eigene-radiostation\/","rel":"","context":"In &quot;Deutsch&quot;","block_context":{"text":"Deutsch","link":"https:\/\/www.achimbrueckner.de\/dxradio\/php\/wordpress\/?cat=1"},"img":{"alt_text":"","src":"","width":0,"height":0},"classes":[]},{"id":6045,"url":"https:\/\/www.achimbrueckner.de\/dxradio\/php\/wordpress\/?p=6045","url_meta":{"origin":3,"position":5},"title":"Vom Schernfelder Forst nach Brasilien","author":"Administrator","date":"September 25, 2015","format":false,"excerpt":"http:\/\/www.donaukurier.de\/lokales\/eichstaett\/Schernfeld-Vom-Schernfelder-Forst-nach-Brasilien;art575,3125270","rel":"","context":"In &quot;Deutsch&quot;","block_context":{"text":"Deutsch","link":"https:\/\/www.achimbrueckner.de\/dxradio\/php\/wordpress\/?cat=1"},"img":{"alt_text":"","src":"","width":0,"height":0},"classes":[]}],"_links":{"self":[{"href":"https:\/\/www.achimbrueckner.de\/dxradio\/php\/wordpress\/index.php?rest_route=\/wp\/v2\/posts\/3","targetHints":{"allow":["GET"]}}],"collection":[{"href":"https:\/\/www.achimbrueckner.de\/dxradio\/php\/wordpress\/index.php?rest_route=\/wp\/v2\/posts"}],"about":[{"href":"https:\/\/www.achimbrueckner.de\/dxradio\/php\/wordpress\/index.php?rest_route=\/wp\/v2\/types\/post"}],"author":[{"embeddable":true,"href":"https:\/\/www.achimbrueckner.de\/dxradio\/php\/wordpress\/index.php?rest_route=\/wp\/v2\/users\/1"}],"replies":[{"embeddable":true,"href":"https:\/\/www.achimbrueckner.de\/dxradio\/php\/wordpress\/index.php?rest_route=%2Fwp%2Fv2%2Fcomments&post=3"}],"version-history":[{"count":0,"href":"https:\/\/www.achimbrueckner.de\/dxradio\/php\/wordpress\/index.php?rest_route=\/wp\/v2\/posts\/3\/revisions"}],"wp:attachment":[{"href":"https:\/\/www.achimbrueckner.de\/dxradio\/php\/wordpress\/index.php?rest_route=%2Fwp%2Fv2%2Fmedia&parent=3"}],"wp:term":[{"taxonomy":"category","embeddable":true,"href":"https:\/\/www.achimbrueckner.de\/dxradio\/php\/wordpress\/index.php?rest_route=%2Fwp%2Fv2%2Fcategories&post=3"},{"taxonomy":"post_tag","embeddable":true,"href":"https:\/\/www.achimbrueckner.de\/dxradio\/php\/wordpress\/index.php?rest_route=%2Fwp%2Fv2%2Ftags&post=3"}],"curies":[{"name":"wp","href":"https:\/\/api.w.org\/{rel}","templated":true}]}}