{"id":30048,"date":"2020-09-11T15:08:59","date_gmt":"2020-09-11T15:08:59","guid":{"rendered":"https:\/\/www.achimbrueckner.de\/dxradio\/php\/wordpress\/?p=30048"},"modified":"2020-09-11T15:08:59","modified_gmt":"2020-09-11T15:08:59","slug":"audio-now-veroffentlicht-podcast-portrat-uber-uli-hoenes","status":"publish","type":"post","link":"https:\/\/www.achimbrueckner.de\/dxradio\/php\/wordpress\/?p=30048","title":{"rendered":"Audio Now ver\u00f6ffentlicht Podcast-Portr\u00e4t \u00fcber Uli Hoene\u00df"},"content":{"rendered":"<p><a href=\"https:\/\/www.radiowoche.de\/audio-now-veroeffentlicht-podcast-portraet-ueber-uli-hoeness\/\" rel=\"noopener noreferrer\" target=\"_blank\">https:\/\/www.radiowoche.de\/audio-now-veroeffentlicht-podcast-portraet-ueber-uli-hoeness\/<\/a><\/p>\n","protected":false},"excerpt":{"rendered":"<p>https:\/\/www.radiowoche.de\/audio-now-veroeffentlicht-podcast-portraet-ueber-uli-hoeness\/<\/p>\n","protected":false},"author":1,"featured_media":0,"comment_status":"closed","ping_status":"open","sticky":false,"template":"","format":"standard","meta":{"_jetpack_memberships_contains_paid_content":false,"footnotes":"","jetpack_publicize_message":"","jetpack_publicize_feature_enabled":true,"jetpack_social_post_already_shared":true,"jetpack_social_options":{"image_generator_settings":{"template":"highway","default_image_id":0,"font":"","enabled":false},"version":2}},"categories":[47,1],"tags":[19],"class_list":["post-30048","post","type-post","status-publish","format-standard","hentry","category-audio","category-deutsch","tag-audio"],"jetpack_publicize_connections":[],"jetpack_featured_media_url":"","jetpack_sharing_enabled":true,"jetpack_shortlink":"https:\/\/wp.me\/p5CDmr-7OE","jetpack-related-posts":[{"id":25755,"url":"https:\/\/www.achimbrueckner.de\/dxradio\/php\/wordpress\/?p=25755","url_meta":{"origin":30048,"position":0},"title":"Scherzanruf im Podcast Comedian ver\u00e4ppelt Uli Hoene\u00df","author":"Administrator","date":"November 14, 2019","format":false,"excerpt":"https:\/\/www.mopo.de\/sport\/fussball\/uli-hoeness-scherz-anruf-von-micky-beisenherz-33451660","rel":"","context":"In &quot;Deutsch&quot;","block_context":{"text":"Deutsch","link":"https:\/\/www.achimbrueckner.de\/dxradio\/php\/wordpress\/?cat=1"},"img":{"alt_text":"","src":"","width":0,"height":0},"classes":[]},{"id":31194,"url":"https:\/\/www.achimbrueckner.de\/dxradio\/php\/wordpress\/?p=31194","url_meta":{"origin":30048,"position":1},"title":"AS&#038;S Radio Podcast: Warum Audio in der Markenf\u00fchrung immer wichtiger wird","author":"Administrator","date":"December 16, 2020","format":false,"excerpt":"https:\/\/www.horizont.net\/marketing\/nachrichten\/anzeige.-sponsored-podcast-ass-radio-podcast-warum-audio-in-der-markenfuehrung-immer-wichtiger-wird-187946","rel":"","context":"In &quot;audio&quot;","block_context":{"text":"audio","link":"https:\/\/www.achimbrueckner.de\/dxradio\/php\/wordpress\/?cat=47"},"img":{"alt_text":"","src":"","width":0,"height":0},"classes":[]},{"id":4472,"url":"https:\/\/www.achimbrueckner.de\/dxradio\/php\/wordpress\/?p=4472","url_meta":{"origin":30048,"position":2},"title":"Disaster DX audio podcast","author":"Administrator","date":"April 26, 2015","format":false,"excerpt":"http:\/\/swling.com\/blog\/2015\/04\/disaster-dx-audio-podcast\/","rel":"","context":"In &quot;audio&quot;","block_context":{"text":"audio","link":"https:\/\/www.achimbrueckner.de\/dxradio\/php\/wordpress\/?cat=47"},"img":{"alt_text":"","src":"","width":0,"height":0},"classes":[]},{"id":25644,"url":"https:\/\/www.achimbrueckner.de\/dxradio\/php\/wordpress\/?p=25644","url_meta":{"origin":30048,"position":3},"title":"Audio Alliance startet 21 hochkar\u00e4tige Podcast-Formate","author":"Administrator","date":"November 7, 2019","format":false,"excerpt":"https:\/\/www.radioszene.de\/138207\/audio-alliance-podcast-formate-herbst.html","rel":"","context":"In &quot;audio&quot;","block_context":{"text":"audio","link":"https:\/\/www.achimbrueckner.de\/dxradio\/php\/wordpress\/?cat=47"},"img":{"alt_text":"","src":"","width":0,"height":0},"classes":[]},{"id":39006,"url":"https:\/\/www.achimbrueckner.de\/dxradio\/php\/wordpress\/?p=39006","url_meta":{"origin":30048,"position":4},"title":"Podcast-Vermarktung: Seven.One Audio und Podigee gr\u00fcnden Audio-Netzwerk","author":"Administrator","date":"March 7, 2023","format":false,"excerpt":"https:\/\/www.radiowoche.de\/podcast-vermarktung-seven-one-audio-und-podigee-gruenden-audio-netzwerk\/","rel":"","context":"In &quot;Deutsch&quot;","block_context":{"text":"Deutsch","link":"https:\/\/www.achimbrueckner.de\/dxradio\/php\/wordpress\/?cat=1"},"img":{"alt_text":"","src":"","width":0,"height":0},"classes":[]},{"id":29900,"url":"https:\/\/www.achimbrueckner.de\/dxradio\/php\/wordpress\/?p=29900","url_meta":{"origin":30048,"position":5},"title":"Online-Audio-Monitor 2020: Regelm\u00e4\u00dfige Podcast-Nutzung steigt deutlich an","author":"Administrator","date":"September 4, 2020","format":false,"excerpt":"http:\/\/www.radiowoche.de\/online-audio-monitor-2020-regelmaessige-podcast-nutzung-steigt-deutlich-an\/","rel":"","context":"In &quot;audio&quot;","block_context":{"text":"audio","link":"https:\/\/www.achimbrueckner.de\/dxradio\/php\/wordpress\/?cat=47"},"img":{"alt_text":"","src":"","width":0,"height":0},"classes":[]}],"_links":{"self":[{"href":"https:\/\/www.achimbrueckner.de\/dxradio\/php\/wordpress\/index.php?rest_route=\/wp\/v2\/posts\/30048","targetHints":{"allow":["GET"]}}],"collection":[{"href":"https:\/\/www.achimbrueckner.de\/dxradio\/php\/wordpress\/index.php?rest_route=\/wp\/v2\/posts"}],"about":[{"href":"https:\/\/www.achimbrueckner.de\/dxradio\/php\/wordpress\/index.php?rest_route=\/wp\/v2\/types\/post"}],"author":[{"embeddable":true,"href":"https:\/\/www.achimbrueckner.de\/dxradio\/php\/wordpress\/index.php?rest_route=\/wp\/v2\/users\/1"}],"replies":[{"embeddable":true,"href":"https:\/\/www.achimbrueckner.de\/dxradio\/php\/wordpress\/index.php?rest_route=%2Fwp%2Fv2%2Fcomments&post=30048"}],"version-history":[{"count":0,"href":"https:\/\/www.achimbrueckner.de\/dxradio\/php\/wordpress\/index.php?rest_route=\/wp\/v2\/posts\/30048\/revisions"}],"wp:attachment":[{"href":"https:\/\/www.achimbrueckner.de\/dxradio\/php\/wordpress\/index.php?rest_route=%2Fwp%2Fv2%2Fmedia&parent=30048"}],"wp:term":[{"taxonomy":"category","embeddable":true,"href":"https:\/\/www.achimbrueckner.de\/dxradio\/php\/wordpress\/index.php?rest_route=%2Fwp%2Fv2%2Fcategories&post=30048"},{"taxonomy":"post_tag","embeddable":true,"href":"https:\/\/www.achimbrueckner.de\/dxradio\/php\/wordpress\/index.php?rest_route=%2Fwp%2Fv2%2Ftags&post=30048"}],"curies":[{"name":"wp","href":"https:\/\/api.w.org\/{rel}","templated":true}]}}