{"id":30279,"date":"2020-10-02T14:22:36","date_gmt":"2020-10-02T14:22:36","guid":{"rendered":"https:\/\/www.achimbrueckner.de\/dxradio\/php\/wordpress\/?p=30279"},"modified":"2020-10-02T14:22:36","modified_gmt":"2020-10-02T14:22:36","slug":"you-fm-startet-am-montag-mit-neuer-morningshow","status":"publish","type":"post","link":"https:\/\/www.achimbrueckner.de\/dxradio\/php\/wordpress\/?p=30279","title":{"rendered":"YOU FM startet am Montag mit neuer Morningshow"},"content":{"rendered":"<p><a href=\"https:\/\/www.radioszene.de\/148062\/you-fm-good-morning-show.html\" rel=\"noopener noreferrer\" target=\"_blank\">https:\/\/www.radioszene.de\/148062\/you-fm-good-morning-show.html<\/a><\/p>\n","protected":false},"excerpt":{"rendered":"<p>https:\/\/www.radioszene.de\/148062\/you-fm-good-morning-show.html<\/p>\n","protected":false},"author":1,"featured_media":0,"comment_status":"closed","ping_status":"open","sticky":false,"template":"","format":"standard","meta":{"_jetpack_memberships_contains_paid_content":false,"footnotes":"","jetpack_publicize_message":"","jetpack_publicize_feature_enabled":true,"jetpack_social_post_already_shared":true,"jetpack_social_options":{"image_generator_settings":{"template":"highway","default_image_id":0,"font":"","enabled":false},"version":2}},"categories":[1,16],"tags":[24,28,41],"class_list":["post-30279","post","type-post","status-publish","format-standard","hentry","category-deutsch","category-radioszene","tag-am","tag-fm","tag-radioszene"],"jetpack_publicize_connections":[],"jetpack_featured_media_url":"","jetpack_sharing_enabled":true,"jetpack_shortlink":"https:\/\/wp.me\/p5CDmr-7Sn","jetpack-related-posts":[{"id":20899,"url":"https:\/\/www.achimbrueckner.de\/dxradio\/php\/wordpress\/?p=20899","url_meta":{"origin":30279,"position":0},"title":"Ab Montag neue TOP FM-Morningshow: Echtes Familienleben im Radio","author":"Administrator","date":"January 13, 2019","format":false,"excerpt":"https:\/\/www.radioszene.de\/129260\/familienleben-im-radio-topfm.html","rel":"","context":"In &quot;Deutsch&quot;","block_context":{"text":"Deutsch","link":"https:\/\/www.achimbrueckner.de\/dxradio\/php\/wordpress\/?cat=1"},"img":{"alt_text":"","src":"","width":0,"height":0},"classes":[]},{"id":2510,"url":"https:\/\/www.achimbrueckner.de\/dxradio\/php\/wordpress\/?p=2510","url_meta":{"origin":30279,"position":1},"title":"Sport1 FM startet am 19. Juli kostenlos im Internet","author":"Administrator","date":"July 3, 2013","format":false,"excerpt":"Sport1 FM startet am 19. Juli kostenlos im Internet http:\/\/www.teltarif.de\/sport1-fm-sendestart-bundesliga-radio-kostenlos-internet\/news\/51605.html http:\/\/www.radioszene.de\/56204\/sport1-fm-startet-mit-vielen-90elf-stimmen.html","rel":"","context":"In &quot;Deutsch&quot;","block_context":{"text":"Deutsch","link":"https:\/\/www.achimbrueckner.de\/dxradio\/php\/wordpress\/?cat=1"},"img":{"alt_text":"","src":"","width":0,"height":0},"classes":[]},{"id":1942,"url":"https:\/\/www.achimbrueckner.de\/dxradio\/php\/wordpress\/?p=1942","url_meta":{"origin":30279,"position":2},"title":"Weltrekord f\u00fcr 98.8 KISS FM: Berliner Sender mit l\u00e4ngster Morningshow der Welt","author":"Administrator","date":"November 18, 2011","format":false,"excerpt":"Weltrekord f\u00fcr 98.8 KISS FM: Berliner Sender mit l\u00e4ngster Morningshow der Welt http:\/\/www.radioszene.de\/31842\/weltrekord-fuer-98-8-kiss-fm-berliner-sender-mit-laengster-morningshow-der-welt.html","rel":"","context":"In &quot;Deutsch&quot;","block_context":{"text":"Deutsch","link":"https:\/\/www.achimbrueckner.de\/dxradio\/php\/wordpress\/?cat=1"},"img":{"alt_text":"","src":"","width":0,"height":0},"classes":[]},{"id":27360,"url":"https:\/\/www.achimbrueckner.de\/dxradio\/php\/wordpress\/?p=27360","url_meta":{"origin":30279,"position":3},"title":"krix fm startet am 1. M\u00e4rz via DAB+ \u00fcber den Sender Freiberg-Wasserberg in Sachsen","author":"Administrator","date":"February 29, 2020","format":false,"excerpt":"https:\/\/www.radioszene.de\/141259\/krix-fm.html","rel":"","context":"In &quot;Deutsch&quot;","block_context":{"text":"Deutsch","link":"https:\/\/www.achimbrueckner.de\/dxradio\/php\/wordpress\/?cat=1"},"img":{"alt_text":"","src":"","width":0,"height":0},"classes":[]},{"id":14559,"url":"https:\/\/www.achimbrueckner.de\/dxradio\/php\/wordpress\/?p=14559","url_meta":{"origin":30279,"position":4},"title":"SPORT1 fm startet wieder Fu\u00dfball live Radio-Stream","author":"Administrator","date":"September 11, 2017","format":false,"excerpt":"http:\/\/www.radioszene.de\/106659\/sport1fm-aus.html","rel":"","context":"In &quot;Deutsch&quot;","block_context":{"text":"Deutsch","link":"https:\/\/www.achimbrueckner.de\/dxradio\/php\/wordpress\/?cat=1"},"img":{"alt_text":"","src":"","width":0,"height":0},"classes":[]},{"id":29277,"url":"https:\/\/www.achimbrueckner.de\/dxradio\/php\/wordpress\/?p=29277","url_meta":{"origin":30279,"position":5},"title":"Neue Programmdirektion bei STAR FM in Berlin und N\u00fcrnberg","author":"Administrator","date":"July 1, 2020","format":false,"excerpt":"https:\/\/www.radioszene.de\/145107\/neue-programmdirektion-bei-star-fm-in-berlin-und-nuernberg.html","rel":"","context":"In &quot;Deutsch&quot;","block_context":{"text":"Deutsch","link":"https:\/\/www.achimbrueckner.de\/dxradio\/php\/wordpress\/?cat=1"},"img":{"alt_text":"","src":"","width":0,"height":0},"classes":[]}],"_links":{"self":[{"href":"https:\/\/www.achimbrueckner.de\/dxradio\/php\/wordpress\/index.php?rest_route=\/wp\/v2\/posts\/30279","targetHints":{"allow":["GET"]}}],"collection":[{"href":"https:\/\/www.achimbrueckner.de\/dxradio\/php\/wordpress\/index.php?rest_route=\/wp\/v2\/posts"}],"about":[{"href":"https:\/\/www.achimbrueckner.de\/dxradio\/php\/wordpress\/index.php?rest_route=\/wp\/v2\/types\/post"}],"author":[{"embeddable":true,"href":"https:\/\/www.achimbrueckner.de\/dxradio\/php\/wordpress\/index.php?rest_route=\/wp\/v2\/users\/1"}],"replies":[{"embeddable":true,"href":"https:\/\/www.achimbrueckner.de\/dxradio\/php\/wordpress\/index.php?rest_route=%2Fwp%2Fv2%2Fcomments&post=30279"}],"version-history":[{"count":0,"href":"https:\/\/www.achimbrueckner.de\/dxradio\/php\/wordpress\/index.php?rest_route=\/wp\/v2\/posts\/30279\/revisions"}],"wp:attachment":[{"href":"https:\/\/www.achimbrueckner.de\/dxradio\/php\/wordpress\/index.php?rest_route=%2Fwp%2Fv2%2Fmedia&parent=30279"}],"wp:term":[{"taxonomy":"category","embeddable":true,"href":"https:\/\/www.achimbrueckner.de\/dxradio\/php\/wordpress\/index.php?rest_route=%2Fwp%2Fv2%2Fcategories&post=30279"},{"taxonomy":"post_tag","embeddable":true,"href":"https:\/\/www.achimbrueckner.de\/dxradio\/php\/wordpress\/index.php?rest_route=%2Fwp%2Fv2%2Ftags&post=30279"}],"curies":[{"name":"wp","href":"https:\/\/api.w.org\/{rel}","templated":true}]}}