{"id":30407,"date":"2020-10-14T14:09:43","date_gmt":"2020-10-14T14:09:43","guid":{"rendered":"https:\/\/www.achimbrueckner.de\/dxradio\/php\/wordpress\/?p=30407"},"modified":"2020-10-14T14:09:43","modified_gmt":"2020-10-14T14:09:43","slug":"ermittlungen-in-den-usa-polizei-erhalt-liste-aller-nutzer-die-nach-einem-schlagwort-gegoogelt-haben","status":"publish","type":"post","link":"https:\/\/www.achimbrueckner.de\/dxradio\/php\/wordpress\/?p=30407","title":{"rendered":"Ermittlungen in den USA Polizei erh\u00e4lt Liste aller Nutzer, die nach einem Schlagwort gegoogelt haben"},"content":{"rendered":"<p><a href=\"https:\/\/netzpolitik.org\/2020\/ermittlungen-in-den-usa-polizei-erhaelt-liste-aller-nutzer-die-nach-einem-schlagwort-gegoogelt-haben\/\" rel=\"noopener noreferrer\" target=\"_blank\">https:\/\/netzpolitik.org\/2020\/ermittlungen-in-den-usa-polizei-erhaelt-liste-aller-nutzer-die-nach-einem-schlagwort-gegoogelt-haben\/<\/a><\/p>\n","protected":false},"excerpt":{"rendered":"<p>https:\/\/netzpolitik.org\/2020\/ermittlungen-in-den-usa-polizei-erhaelt-liste-aller-nutzer-die-nach-einem-schlagwort-gegoogelt-haben\/<\/p>\n","protected":false},"author":1,"featured_media":0,"comment_status":"closed","ping_status":"open","sticky":false,"template":"","format":"standard","meta":{"_jetpack_memberships_contains_paid_content":false,"footnotes":"","jetpack_publicize_message":"","jetpack_publicize_feature_enabled":true,"jetpack_social_post_already_shared":true,"jetpack_social_options":{"image_generator_settings":{"template":"highway","default_image_id":0,"font":"","enabled":false},"version":2}},"categories":[1],"tags":[],"class_list":["post-30407","post","type-post","status-publish","format-standard","hentry","category-deutsch"],"jetpack_publicize_connections":[],"jetpack_featured_media_url":"","jetpack_sharing_enabled":true,"jetpack_shortlink":"https:\/\/wp.me\/p5CDmr-7Ur","jetpack-related-posts":[{"id":42022,"url":"https:\/\/www.achimbrueckner.de\/dxradio\/php\/wordpress\/?p=42022","url_meta":{"origin":30407,"position":0},"title":"Utilityfrequenzliste 2024","author":"Administrator","date":"December 5, 2024","format":false,"excerpt":"Die beiden Foren f\u00fcr Utility-DXer UTDX.DE und UDXF.NL haben soeben ihre neue, gemeinsame Utility-Frequenzliste vorgelegt. Auf 1.105 Seiten werden die auf Lang-, Mittel- und Kurzwelle aktiven und identifizierten Utility-Stationen aufgelistet. Die Eintr\u00e4ge beruhen auf den Logs der Nutzer dieser beiden Foren, so dass die Liste top-aktuell ist und die aufgef\u00fchrten\u2026","rel":"","context":"In &quot;Deutsch&quot;","block_context":{"text":"Deutsch","link":"https:\/\/www.achimbrueckner.de\/dxradio\/php\/wordpress\/?cat=1"},"img":{"alt_text":"","src":"","width":0,"height":0},"classes":[]},{"id":31438,"url":"https:\/\/www.achimbrueckner.de\/dxradio\/php\/wordpress\/?p=31438","url_meta":{"origin":30407,"position":1},"title":"Kritik an der niederl\u00e4ndischen LPAM-Politik","author":"Administrator","date":"December 30, 2020","format":false,"excerpt":"Kritik an der niederl\u00e4ndischen LPAM-Politik Seit 2016 als Pilotprojekt und seit 2019 als regul\u00e4re M\u00f6glichkeit k\u00f6nnen Interessenten in den Niederlanden Senderechte f\u00fcr Mittelwellensender kleiner Leistung (\u201elow-power AM\u201c <100 Watt) beantragen. Das tun immer mehr, doch dem DX-Veteranen Max van Arnhem (mwcircle) platzte j\u00fcngst der Kragen. Er bringt technische, aber auch\u2026","rel":"","context":"In &quot;Deutsch&quot;","block_context":{"text":"Deutsch","link":"https:\/\/www.achimbrueckner.de\/dxradio\/php\/wordpress\/?cat=1"},"img":{"alt_text":"","src":"","width":0,"height":0},"classes":[]},{"id":23328,"url":"https:\/\/www.achimbrueckner.de\/dxradio\/php\/wordpress\/?p=23328","url_meta":{"origin":30407,"position":2},"title":"Konzern liest mit: Facebook trackt Nutzer auf drei Viertel aller deutschen Nachrichtenseiten","author":"Administrator","date":"June 3, 2019","format":false,"excerpt":"https:\/\/netzpolitik.org\/2019\/konzern-liest-mit-facebook-trackt-nutzer-auf-drei-viertel-aller-deutschen-nachrichtenseiten\/","rel":"","context":"In &quot;Deutsch&quot;","block_context":{"text":"Deutsch","link":"https:\/\/www.achimbrueckner.de\/dxradio\/php\/wordpress\/?cat=1"},"img":{"alt_text":"","src":"","width":0,"height":0},"classes":[]},{"id":36562,"url":"https:\/\/www.achimbrueckner.de\/dxradio\/php\/wordpress\/?p=36562","url_meta":{"origin":30407,"position":3},"title":"Rechtsextremistische Musik Likes von Soldaten f\u00fchren zu MAD-Ermittlungen","author":"Administrator","date":"June 14, 2022","format":false,"excerpt":"https:\/\/www.tagesschau.de\/investigativ\/ndr\/bundeswehr-soundcloud-101.html","rel":"","context":"In &quot;Deutsch&quot;","block_context":{"text":"Deutsch","link":"https:\/\/www.achimbrueckner.de\/dxradio\/php\/wordpress\/?cat=1"},"img":{"alt_text":"","src":"","width":0,"height":0},"classes":[]},{"id":18585,"url":"https:\/\/www.achimbrueckner.de\/dxradio\/php\/wordpress\/?p=18585","url_meta":{"origin":30407,"position":4},"title":"Smart Speaker-Nutzer in den USA h\u00f6ren weniger klassisches Radio","author":"Administrator","date":"July 24, 2018","format":false,"excerpt":"http:\/\/www.radiowoche.de\/smartspeaker-nutzer-in-den-usa-hoeren-weniger-klassisches-radio\/","rel":"","context":"In &quot;Deutsch&quot;","block_context":{"text":"Deutsch","link":"https:\/\/www.achimbrueckner.de\/dxradio\/php\/wordpress\/?cat=1"},"img":{"alt_text":"","src":"","width":0,"height":0},"classes":[]},{"id":45297,"url":"https:\/\/www.achimbrueckner.de\/dxradio\/php\/wordpress\/?p=45297","url_meta":{"origin":30407,"position":5},"title":"Minderj\u00e4hrige brechen nachts in den Sender Wiederau ein \u2013 Polizei gibt Warnschuss ab","author":"Administrator","date":"March 22, 2026","format":false,"excerpt":"https:\/\/www.lvz.de\/lokales\/leipzig-lk\/borna\/warnschuss-nach-einbruch-in-sendeanlage-bei-leipzig-polizei-stellt-junge-diebe-MUAGBVKSLJH5JPBUMUIDHMTOSU.html","rel":"","context":"In &quot;Deutsch&quot;","block_context":{"text":"Deutsch","link":"https:\/\/www.achimbrueckner.de\/dxradio\/php\/wordpress\/?cat=1"},"img":{"alt_text":"","src":"","width":0,"height":0},"classes":[]}],"_links":{"self":[{"href":"https:\/\/www.achimbrueckner.de\/dxradio\/php\/wordpress\/index.php?rest_route=\/wp\/v2\/posts\/30407","targetHints":{"allow":["GET"]}}],"collection":[{"href":"https:\/\/www.achimbrueckner.de\/dxradio\/php\/wordpress\/index.php?rest_route=\/wp\/v2\/posts"}],"about":[{"href":"https:\/\/www.achimbrueckner.de\/dxradio\/php\/wordpress\/index.php?rest_route=\/wp\/v2\/types\/post"}],"author":[{"embeddable":true,"href":"https:\/\/www.achimbrueckner.de\/dxradio\/php\/wordpress\/index.php?rest_route=\/wp\/v2\/users\/1"}],"replies":[{"embeddable":true,"href":"https:\/\/www.achimbrueckner.de\/dxradio\/php\/wordpress\/index.php?rest_route=%2Fwp%2Fv2%2Fcomments&post=30407"}],"version-history":[{"count":0,"href":"https:\/\/www.achimbrueckner.de\/dxradio\/php\/wordpress\/index.php?rest_route=\/wp\/v2\/posts\/30407\/revisions"}],"wp:attachment":[{"href":"https:\/\/www.achimbrueckner.de\/dxradio\/php\/wordpress\/index.php?rest_route=%2Fwp%2Fv2%2Fmedia&parent=30407"}],"wp:term":[{"taxonomy":"category","embeddable":true,"href":"https:\/\/www.achimbrueckner.de\/dxradio\/php\/wordpress\/index.php?rest_route=%2Fwp%2Fv2%2Fcategories&post=30407"},{"taxonomy":"post_tag","embeddable":true,"href":"https:\/\/www.achimbrueckner.de\/dxradio\/php\/wordpress\/index.php?rest_route=%2Fwp%2Fv2%2Ftags&post=30407"}],"curies":[{"name":"wp","href":"https:\/\/api.w.org\/{rel}","templated":true}]}}