{"id":30410,"date":"2020-10-14T14:18:29","date_gmt":"2020-10-14T14:18:29","guid":{"rendered":"https:\/\/www.achimbrueckner.de\/dxradio\/php\/wordpress\/?p=30410"},"modified":"2020-10-14T14:18:29","modified_gmt":"2020-10-14T14:18:29","slug":"wdr-startet-gute-nacht-mit-der-maus","status":"publish","type":"post","link":"https:\/\/www.achimbrueckner.de\/dxradio\/php\/wordpress\/?p=30410","title":{"rendered":"WDR startet \u201eGute Nacht mit der Maus\u201c"},"content":{"rendered":"<p><a href=\"https:\/\/www.radiowoche.de\/wdr-startet-gute-nacht-mit-der-maus\/\" rel=\"noopener noreferrer\" target=\"_blank\">https:\/\/www.radiowoche.de\/wdr-startet-gute-nacht-mit-der-maus\/<\/a><\/p>\n","protected":false},"excerpt":{"rendered":"<p>https:\/\/www.radiowoche.de\/wdr-startet-gute-nacht-mit-der-maus\/<\/p>\n","protected":false},"author":1,"featured_media":0,"comment_status":"closed","ping_status":"open","sticky":false,"template":"","format":"standard","meta":{"_jetpack_memberships_contains_paid_content":false,"footnotes":"","jetpack_publicize_message":"","jetpack_publicize_feature_enabled":true,"jetpack_social_post_already_shared":true,"jetpack_social_options":{"image_generator_settings":{"template":"highway","default_image_id":0,"font":"","enabled":false},"version":2}},"categories":[1],"tags":[],"class_list":["post-30410","post","type-post","status-publish","format-standard","hentry","category-deutsch"],"jetpack_publicize_connections":[],"jetpack_featured_media_url":"","jetpack_sharing_enabled":true,"jetpack_shortlink":"https:\/\/wp.me\/p5CDmr-7Uu","jetpack-related-posts":[{"id":34237,"url":"https:\/\/www.achimbrueckner.de\/dxradio\/php\/wordpress\/?p=34237","url_meta":{"origin":30410,"position":0},"title":"\u201eDer geheime Garten des Jazz\u201c: WDR 3 startet Jazz-Podcast mit G\u00f6tz Alsmann","author":"Administrator","date":"December 24, 2021","format":false,"excerpt":"https:\/\/www.radiowoche.de\/der-geheime-garten-des-jazz-wdr-3-startet-jazz-podcast-mit-goetz-alsmann\/","rel":"","context":"In &quot;Deutsch&quot;","block_context":{"text":"Deutsch","link":"https:\/\/www.achimbrueckner.de\/dxradio\/php\/wordpress\/?cat=1"},"img":{"alt_text":"","src":"","width":0,"height":0},"classes":[]},{"id":24674,"url":"https:\/\/www.achimbrueckner.de\/dxradio\/php\/wordpress\/?p=24674","url_meta":{"origin":30410,"position":1},"title":"WDR will &#8220;Sendung mit der Maus&#8221; auf DAB+ bringen","author":"Administrator","date":"September 8, 2019","format":false,"excerpt":"https:\/\/www.infosat.de\/radio\/wdr-will-sendung-mit-der-maus-auf-dab-bringen","rel":"","context":"In &quot;Deutsch&quot;","block_context":{"text":"Deutsch","link":"https:\/\/www.achimbrueckner.de\/dxradio\/php\/wordpress\/?cat=1"},"img":{"alt_text":"","src":"","width":0,"height":0},"classes":[]},{"id":1604,"url":"https:\/\/www.achimbrueckner.de\/dxradio\/php\/wordpress\/?p=1604","url_meta":{"origin":30410,"position":2},"title":"WDR \u00f6ffnet Funkhaus und Studios in der 3. K\u00f6lner Nacht der Technik","author":"Administrator","date":"June 17, 2011","format":false,"excerpt":"WDR \u00f6ffnet Funkhaus und Studios in der 3. K\u00f6lner Nacht der Technik http:\/\/www.radiowoche.de\/meldungen\/1\/10617\/wdr-oeffnet-funkhaus-und-studios-in-der-3koelner-nacht-der-technik\/","rel":"","context":"In &quot;Deutsch&quot;","block_context":{"text":"Deutsch","link":"https:\/\/www.achimbrueckner.de\/dxradio\/php\/wordpress\/?cat=1"},"img":{"alt_text":"","src":"","width":0,"height":0},"classes":[]},{"id":16200,"url":"https:\/\/www.achimbrueckner.de\/dxradio\/php\/wordpress\/?p=16200","url_meta":{"origin":30410,"position":3},"title":"Nach \u201cRhythmus der Nacht\u201d von WDR 4 kommt Hitmix der Nacht auf Radio Schlagerparadies","author":"Administrator","date":"January 18, 2018","format":false,"excerpt":"http:\/\/www.radiowoche.de\/nach-rhythmus-der-nacht-von-wdr-4-kommt-hitmix-der-nacht-auf-radio-schlagerparadies\/","rel":"","context":"In &quot;Deutsch&quot;","block_context":{"text":"Deutsch","link":"https:\/\/www.achimbrueckner.de\/dxradio\/php\/wordpress\/?cat=1"},"img":{"alt_text":"","src":"","width":0,"height":0},"classes":[]},{"id":18194,"url":"https:\/\/www.achimbrueckner.de\/dxradio\/php\/wordpress\/?p=18194","url_meta":{"origin":30410,"position":4},"title":"WDR produziert gemeinsame \u201cJunge Nacht der ARD\u201d f\u00fcr sieben ARD-Jugendwellen","author":"Administrator","date":"June 13, 2018","format":false,"excerpt":"http:\/\/www.radiowoche.de\/wdr-produziert-junge-nacht-der-ard\/","rel":"","context":"In &quot;Deutsch&quot;","block_context":{"text":"Deutsch","link":"https:\/\/www.achimbrueckner.de\/dxradio\/php\/wordpress\/?cat=1"},"img":{"alt_text":"","src":"","width":0,"height":0},"classes":[]},{"id":24746,"url":"https:\/\/www.achimbrueckner.de\/dxradio\/php\/wordpress\/?p=24746","url_meta":{"origin":30410,"position":5},"title":"Audio-Update vom 12. September WDR schickt die &#8220;Maus&#8221; ins Radio, Sport1 startet Podcasts","author":"Administrator","date":"September 12, 2019","format":false,"excerpt":"https:\/\/www.dwdl.de\/radioupdate\/73930\/wdr_schickt_die_maus_ins_radio_sport1_startet_podcasts\/","rel":"","context":"In &quot;audio&quot;","block_context":{"text":"audio","link":"https:\/\/www.achimbrueckner.de\/dxradio\/php\/wordpress\/?cat=47"},"img":{"alt_text":"","src":"","width":0,"height":0},"classes":[]}],"_links":{"self":[{"href":"https:\/\/www.achimbrueckner.de\/dxradio\/php\/wordpress\/index.php?rest_route=\/wp\/v2\/posts\/30410","targetHints":{"allow":["GET"]}}],"collection":[{"href":"https:\/\/www.achimbrueckner.de\/dxradio\/php\/wordpress\/index.php?rest_route=\/wp\/v2\/posts"}],"about":[{"href":"https:\/\/www.achimbrueckner.de\/dxradio\/php\/wordpress\/index.php?rest_route=\/wp\/v2\/types\/post"}],"author":[{"embeddable":true,"href":"https:\/\/www.achimbrueckner.de\/dxradio\/php\/wordpress\/index.php?rest_route=\/wp\/v2\/users\/1"}],"replies":[{"embeddable":true,"href":"https:\/\/www.achimbrueckner.de\/dxradio\/php\/wordpress\/index.php?rest_route=%2Fwp%2Fv2%2Fcomments&post=30410"}],"version-history":[{"count":0,"href":"https:\/\/www.achimbrueckner.de\/dxradio\/php\/wordpress\/index.php?rest_route=\/wp\/v2\/posts\/30410\/revisions"}],"wp:attachment":[{"href":"https:\/\/www.achimbrueckner.de\/dxradio\/php\/wordpress\/index.php?rest_route=%2Fwp%2Fv2%2Fmedia&parent=30410"}],"wp:term":[{"taxonomy":"category","embeddable":true,"href":"https:\/\/www.achimbrueckner.de\/dxradio\/php\/wordpress\/index.php?rest_route=%2Fwp%2Fv2%2Fcategories&post=30410"},{"taxonomy":"post_tag","embeddable":true,"href":"https:\/\/www.achimbrueckner.de\/dxradio\/php\/wordpress\/index.php?rest_route=%2Fwp%2Fv2%2Ftags&post=30410"}],"curies":[{"name":"wp","href":"https:\/\/api.w.org\/{rel}","templated":true}]}}