{"id":30415,"date":"2020-10-14T15:52:54","date_gmt":"2020-10-14T15:52:54","guid":{"rendered":"https:\/\/www.achimbrueckner.de\/dxradio\/php\/wordpress\/?p=30415"},"modified":"2020-10-14T15:52:54","modified_gmt":"2020-10-14T15:52:54","slug":"laut-umfrage-13-prozent-mehr-nutzer-von-podcasts-horbuchern-und-horspielen","status":"publish","type":"post","link":"https:\/\/www.achimbrueckner.de\/dxradio\/php\/wordpress\/?p=30415","title":{"rendered":"Laut Umfrage: 13 Prozent mehr Nutzer von Podcasts, H\u00f6rb\u00fcchern und H\u00f6rspielen"},"content":{"rendered":"<p><a href=\"https:\/\/www.infosat.de\/radio\/laut-umfrage-13-prozent-mehr-nutzer-von-podcasts-h-rb-chern-und-h-rspielen\" rel=\"noopener noreferrer\" target=\"_blank\">https:\/\/www.infosat.de\/radio\/laut-umfrage-13-prozent-mehr-nutzer-von-podcasts-h-rb-chern-und-h-rspielen<\/a><\/p>\n","protected":false},"excerpt":{"rendered":"<p>https:\/\/www.infosat.de\/radio\/laut-umfrage-13-prozent-mehr-nutzer-von-podcasts-h-rb-chern-und-h-rspielen<\/p>\n","protected":false},"author":1,"featured_media":0,"comment_status":"closed","ping_status":"open","sticky":false,"template":"","format":"standard","meta":{"_jetpack_memberships_contains_paid_content":false,"footnotes":"","jetpack_publicize_message":"","jetpack_publicize_feature_enabled":true,"jetpack_social_post_already_shared":true,"jetpack_social_options":{"image_generator_settings":{"template":"highway","default_image_id":0,"font":"","enabled":false},"version":2}},"categories":[1],"tags":[],"class_list":["post-30415","post","type-post","status-publish","format-standard","hentry","category-deutsch"],"jetpack_publicize_connections":[],"jetpack_featured_media_url":"","jetpack_sharing_enabled":true,"jetpack_shortlink":"https:\/\/wp.me\/p5CDmr-7Uz","jetpack-related-posts":[{"id":15761,"url":"https:\/\/www.achimbrueckner.de\/dxradio\/php\/wordpress\/?p=15761","url_meta":{"origin":30415,"position":0},"title":"57 Prozent stimmen laut Umfrage f\u00fcr No Billag \u2013 obschon sie mit SRF zufrieden sind","author":"Administrator","date":"December 3, 2017","format":false,"excerpt":"https:\/\/www.watson.ch\/Schweiz\/articles\/294412603-57-Prozent-stimmen-laut-Umfrage-f%C3%BCr-No-Billag-%E2%80%93-obschon-sie-mit-SRF-zufrieden-sind","rel":"","context":"In &quot;Deutsch&quot;","block_context":{"text":"Deutsch","link":"https:\/\/www.achimbrueckner.de\/dxradio\/php\/wordpress\/?cat=1"},"img":{"alt_text":"","src":"","width":0,"height":0},"classes":[]},{"id":38268,"url":"https:\/\/www.achimbrueckner.de\/dxradio\/php\/wordpress\/?p=38268","url_meta":{"origin":30415,"position":1},"title":"Twitter-Nutzer stimmen in Umfrage f\u00fcr Musk-R\u00fccktritt","author":"Administrator","date":"December 19, 2022","format":false,"excerpt":"https:\/\/meedia.de\/2022\/12\/19\/twitter-nutzer-stimmen-in-umfrage-fuer-musk-ruecktritt\/","rel":"","context":"In &quot;Deutsch&quot;","block_context":{"text":"Deutsch","link":"https:\/\/www.achimbrueckner.de\/dxradio\/php\/wordpress\/?cat=1"},"img":{"alt_text":"","src":"","width":0,"height":0},"classes":[]},{"id":25566,"url":"https:\/\/www.achimbrueckner.de\/dxradio\/php\/wordpress\/?p=25566","url_meta":{"origin":30415,"position":2},"title":"Umfrage: 84 Prozent h\u00f6ren noch Radio \u201ewie fr\u00fcher\u201c","author":"Administrator","date":"October 31, 2019","format":false,"excerpt":"https:\/\/www.infosat.de\/radio\/umfrage-84-prozent-h-ren-noch-radio-wie-fr-her","rel":"","context":"In &quot;Deutsch&quot;","block_context":{"text":"Deutsch","link":"https:\/\/www.achimbrueckner.de\/dxradio\/php\/wordpress\/?cat=1"},"img":{"alt_text":"","src":"","width":0,"height":0},"classes":[]},{"id":29506,"url":"https:\/\/www.achimbrueckner.de\/dxradio\/php\/wordpress\/?p=29506","url_meta":{"origin":30415,"position":3},"title":"\u201e99 Prozent aller Nutzer h\u00f6ren Radio nebenbei\u201c","author":"Administrator","date":"July 21, 2020","format":false,"excerpt":"https:\/\/www.faz.net\/aktuell\/rhein-main\/frankfurt\/hr-hoerfunkdirektor-sommer-ueber-nebenbei-hoerer-und-perfekte-wellen-16865853.html","rel":"","context":"In &quot;Deutsch&quot;","block_context":{"text":"Deutsch","link":"https:\/\/www.achimbrueckner.de\/dxradio\/php\/wordpress\/?cat=1"},"img":{"alt_text":"","src":"","width":0,"height":0},"classes":[]},{"id":28839,"url":"https:\/\/www.achimbrueckner.de\/dxradio\/php\/wordpress\/?p=28839","url_meta":{"origin":30415,"position":4},"title":"Corona-Berichterstattung 20 Prozent f\u00fchlen sich get\u00e4uscht","author":"Administrator","date":"May 27, 2020","format":false,"excerpt":"https:\/\/www.tagesschau.de\/investigativ\/zapp\/verschwoerungserzaehlungen-umfrage-101.html","rel":"","context":"In &quot;Deutsch&quot;","block_context":{"text":"Deutsch","link":"https:\/\/www.achimbrueckner.de\/dxradio\/php\/wordpress\/?cat=1"},"img":{"alt_text":"","src":"","width":0,"height":0},"classes":[]},{"id":7275,"url":"https:\/\/www.achimbrueckner.de\/dxradio\/php\/wordpress\/?p=7275","url_meta":{"origin":30415,"position":5},"title":"Umfrage zur Bedeutung von Medien: B\u00fccher und Fernsehen deutlich vor Streaming","author":"Administrator","date":"January 15, 2016","format":false,"excerpt":"http:\/\/www.heise.de\/newsticker\/meldung\/Umfrage-zur-Bedeutung-von-Medien-Buecher-und-Fernsehen-deutlich-vor-Streaming-3071812.html","rel":"","context":"In &quot;Deutsch&quot;","block_context":{"text":"Deutsch","link":"https:\/\/www.achimbrueckner.de\/dxradio\/php\/wordpress\/?cat=1"},"img":{"alt_text":"","src":"","width":0,"height":0},"classes":[]}],"_links":{"self":[{"href":"https:\/\/www.achimbrueckner.de\/dxradio\/php\/wordpress\/index.php?rest_route=\/wp\/v2\/posts\/30415","targetHints":{"allow":["GET"]}}],"collection":[{"href":"https:\/\/www.achimbrueckner.de\/dxradio\/php\/wordpress\/index.php?rest_route=\/wp\/v2\/posts"}],"about":[{"href":"https:\/\/www.achimbrueckner.de\/dxradio\/php\/wordpress\/index.php?rest_route=\/wp\/v2\/types\/post"}],"author":[{"embeddable":true,"href":"https:\/\/www.achimbrueckner.de\/dxradio\/php\/wordpress\/index.php?rest_route=\/wp\/v2\/users\/1"}],"replies":[{"embeddable":true,"href":"https:\/\/www.achimbrueckner.de\/dxradio\/php\/wordpress\/index.php?rest_route=%2Fwp%2Fv2%2Fcomments&post=30415"}],"version-history":[{"count":0,"href":"https:\/\/www.achimbrueckner.de\/dxradio\/php\/wordpress\/index.php?rest_route=\/wp\/v2\/posts\/30415\/revisions"}],"wp:attachment":[{"href":"https:\/\/www.achimbrueckner.de\/dxradio\/php\/wordpress\/index.php?rest_route=%2Fwp%2Fv2%2Fmedia&parent=30415"}],"wp:term":[{"taxonomy":"category","embeddable":true,"href":"https:\/\/www.achimbrueckner.de\/dxradio\/php\/wordpress\/index.php?rest_route=%2Fwp%2Fv2%2Fcategories&post=30415"},{"taxonomy":"post_tag","embeddable":true,"href":"https:\/\/www.achimbrueckner.de\/dxradio\/php\/wordpress\/index.php?rest_route=%2Fwp%2Fv2%2Ftags&post=30415"}],"curies":[{"name":"wp","href":"https:\/\/api.w.org\/{rel}","templated":true}]}}