{"id":30435,"date":"2020-10-16T13:09:34","date_gmt":"2020-10-16T13:09:34","guid":{"rendered":"https:\/\/www.achimbrueckner.de\/dxradio\/php\/wordpress\/?p=30435"},"modified":"2020-10-16T13:09:34","modified_gmt":"2020-10-16T13:09:34","slug":"neuer-sender-nicht-nur-fur-trucker","status":"publish","type":"post","link":"https:\/\/www.achimbrueckner.de\/dxradio\/php\/wordpress\/?p=30435","title":{"rendered":"Neuer Sender nicht nur f\u00fcr Trucker"},"content":{"rendered":"<p><a href=\"https:\/\/www.polskieradio.pl\/400\/7764\/Artykul\/2602601,Neuer-Sender-nicht-nur-f%C3%BCr-Trucker\" rel=\"noopener noreferrer\" target=\"_blank\">https:\/\/www.polskieradio.pl\/400\/7764\/Artykul\/2602601,Neuer-Sender-nicht-nur-f%C3%BCr-Trucker<\/a><\/p>\n","protected":false},"excerpt":{"rendered":"<p>https:\/\/www.polskieradio.pl\/400\/7764\/Artykul\/2602601,Neuer-Sender-nicht-nur-f%C3%BCr-Trucker<\/p>\n","protected":false},"author":1,"featured_media":0,"comment_status":"closed","ping_status":"open","sticky":false,"template":"","format":"standard","meta":{"_jetpack_memberships_contains_paid_content":false,"footnotes":"","jetpack_publicize_message":"","jetpack_publicize_feature_enabled":true,"jetpack_social_post_already_shared":true,"jetpack_social_options":{"image_generator_settings":{"template":"highway","default_image_id":0,"font":"","enabled":false},"version":2}},"categories":[1],"tags":[],"class_list":["post-30435","post","type-post","status-publish","format-standard","hentry","category-deutsch"],"jetpack_publicize_connections":[],"jetpack_featured_media_url":"","jetpack_sharing_enabled":true,"jetpack_shortlink":"https:\/\/wp.me\/p5CDmr-7UT","jetpack-related-posts":[{"id":34932,"url":"https:\/\/www.achimbrueckner.de\/dxradio\/php\/wordpress\/?p=34932","url_meta":{"origin":30435,"position":0},"title":"Weltradiotag: Die Anf\u00e4nge des Rundfunkwesens in Polen","author":"Administrator","date":"March 5, 2022","format":false,"excerpt":"https:\/\/www.polskieradio.pl\/400\/7764\/Artykul\/2900235,Weltradiotag-Die-Anf%C3%A4nge-des-Rundfunkwesens-in-Polen","rel":"","context":"In &quot;Deutsch&quot;","block_context":{"text":"Deutsch","link":"https:\/\/www.achimbrueckner.de\/dxradio\/php\/wordpress\/?cat=1"},"img":{"alt_text":"","src":"","width":0,"height":0},"classes":[]},{"id":1985,"url":"https:\/\/www.achimbrueckner.de\/dxradio\/php\/wordpress\/?p=1985","url_meta":{"origin":30435,"position":1},"title":"City Radio wird neuer Sender f\u00fcr D\u00fcsseldorf","author":"Administrator","date":"November 26, 2011","format":false,"excerpt":"City Radio wird neuer Sender f\u00fcr D\u00fcsseldorf http:\/\/www.derwesten.de\/staedte\/duesseldorf\/city-radio-wird-neuer-sender-fuer-duesseldorf-id6104989.html","rel":"","context":"In &quot;Deutsch&quot;","block_context":{"text":"Deutsch","link":"https:\/\/www.achimbrueckner.de\/dxradio\/php\/wordpress\/?cat=1"},"img":{"alt_text":"","src":"","width":0,"height":0},"classes":[]},{"id":8952,"url":"https:\/\/www.achimbrueckner.de\/dxradio\/php\/wordpress\/?p=8952","url_meta":{"origin":30435,"position":2},"title":"Aus Einsfestival wird One: neuer ARD-Sender mit Programm f\u00fcr \u201ejunge Erwachsene\u201c","author":"Administrator","date":"July 28, 2016","format":false,"excerpt":"http:\/\/meedia.de\/2016\/07\/28\/aus-einsfestival-wird-one-neuer-ard-sender-mit-programm-fuer-junge-erwachsene\/","rel":"","context":"In &quot;Deutsch&quot;","block_context":{"text":"Deutsch","link":"https:\/\/www.achimbrueckner.de\/dxradio\/php\/wordpress\/?cat=1"},"img":{"alt_text":"","src":"","width":0,"height":0},"classes":[]},{"id":41171,"url":"https:\/\/www.achimbrueckner.de\/dxradio\/php\/wordpress\/?p=41171","url_meta":{"origin":30435,"position":3},"title":"NDR: Neuer Sender f\u00fcr DAB+","author":"Administrator","date":"April 16, 2024","format":false,"excerpt":"https:\/\/www.satellifax.de\/mlesen.php?id=3633afee61d7f7c92b3e8a48e4dc6aca","rel":"","context":"In &quot;Deutsch&quot;","block_context":{"text":"Deutsch","link":"https:\/\/www.achimbrueckner.de\/dxradio\/php\/wordpress\/?cat=1"},"img":{"alt_text":"","src":"","width":0,"height":0},"classes":[]},{"id":33672,"url":"https:\/\/www.achimbrueckner.de\/dxradio\/php\/wordpress\/?p=33672","url_meta":{"origin":30435,"position":4},"title":"Katja Berg: Grenzenlose Unterhaltung: Radio Luxemburg","author":"Administrator","date":"September 29, 2021","format":false,"excerpt":"Buch-Tipp: Auf und Ab der Radiolegende Radio Luxemburg war der gro\u00dfe kommerzielle \u00fcberregionale Sender der 50er- bis 80er-Jahre. In Deutschland wurde er im Saarland und in Nordrhein-Westfalen wegen der N\u00e4he zum Nachbarland und dem damit einhergehenden guten Empfang besonders viel geh\u00f6rt und wird dort heute noch oft nostalgisch verkl\u00e4rt. Das\u2026","rel":"","context":"In &quot;Deutsch&quot;","block_context":{"text":"Deutsch","link":"https:\/\/www.achimbrueckner.de\/dxradio\/php\/wordpress\/?cat=1"},"img":{"alt_text":"","src":"","width":0,"height":0},"classes":[]},{"id":40210,"url":"https:\/\/www.achimbrueckner.de\/dxradio\/php\/wordpress\/?p=40210","url_meta":{"origin":30435,"position":5},"title":"Tschechien: Neuer landesweiter Sender Radio ENERGIC ist gestartet","author":"Administrator","date":"September 26, 2023","format":false,"excerpt":"https:\/\/www.radiowoche.de\/tschechien-neuer-landesweiter-sender-radio-energic-ist-gestartet\/","rel":"","context":"In &quot;Deutsch&quot;","block_context":{"text":"Deutsch","link":"https:\/\/www.achimbrueckner.de\/dxradio\/php\/wordpress\/?cat=1"},"img":{"alt_text":"","src":"","width":0,"height":0},"classes":[]}],"_links":{"self":[{"href":"https:\/\/www.achimbrueckner.de\/dxradio\/php\/wordpress\/index.php?rest_route=\/wp\/v2\/posts\/30435","targetHints":{"allow":["GET"]}}],"collection":[{"href":"https:\/\/www.achimbrueckner.de\/dxradio\/php\/wordpress\/index.php?rest_route=\/wp\/v2\/posts"}],"about":[{"href":"https:\/\/www.achimbrueckner.de\/dxradio\/php\/wordpress\/index.php?rest_route=\/wp\/v2\/types\/post"}],"author":[{"embeddable":true,"href":"https:\/\/www.achimbrueckner.de\/dxradio\/php\/wordpress\/index.php?rest_route=\/wp\/v2\/users\/1"}],"replies":[{"embeddable":true,"href":"https:\/\/www.achimbrueckner.de\/dxradio\/php\/wordpress\/index.php?rest_route=%2Fwp%2Fv2%2Fcomments&post=30435"}],"version-history":[{"count":0,"href":"https:\/\/www.achimbrueckner.de\/dxradio\/php\/wordpress\/index.php?rest_route=\/wp\/v2\/posts\/30435\/revisions"}],"wp:attachment":[{"href":"https:\/\/www.achimbrueckner.de\/dxradio\/php\/wordpress\/index.php?rest_route=%2Fwp%2Fv2%2Fmedia&parent=30435"}],"wp:term":[{"taxonomy":"category","embeddable":true,"href":"https:\/\/www.achimbrueckner.de\/dxradio\/php\/wordpress\/index.php?rest_route=%2Fwp%2Fv2%2Fcategories&post=30435"},{"taxonomy":"post_tag","embeddable":true,"href":"https:\/\/www.achimbrueckner.de\/dxradio\/php\/wordpress\/index.php?rest_route=%2Fwp%2Fv2%2Ftags&post=30435"}],"curies":[{"name":"wp","href":"https:\/\/api.w.org\/{rel}","templated":true}]}}