{"id":30437,"date":"2020-10-16T14:55:10","date_gmt":"2020-10-16T14:55:10","guid":{"rendered":"https:\/\/www.achimbrueckner.de\/dxradio\/php\/wordpress\/?p=30437"},"modified":"2020-10-16T14:55:10","modified_gmt":"2020-10-16T14:55:10","slug":"antenne-bayern-launcht-podcast-bayern-buddha-happiness","status":"publish","type":"post","link":"https:\/\/www.achimbrueckner.de\/dxradio\/php\/wordpress\/?p=30437","title":{"rendered":"ANTENNE BAYERN launcht Podcast \u201eBayern. Buddha. Happiness.\u201c"},"content":{"rendered":"<p><a href=\"https:\/\/www.infosat.de\/radio\/antenne-bayern-launcht-podcast-bayern-buddha-happiness\" rel=\"noopener noreferrer\" target=\"_blank\">https:\/\/www.infosat.de\/radio\/antenne-bayern-launcht-podcast-bayern-buddha-happiness<\/a><\/p>\n","protected":false},"excerpt":{"rendered":"<p>https:\/\/www.infosat.de\/radio\/antenne-bayern-launcht-podcast-bayern-buddha-happiness<\/p>\n","protected":false},"author":1,"featured_media":0,"comment_status":"closed","ping_status":"open","sticky":false,"template":"","format":"standard","meta":{"_jetpack_memberships_contains_paid_content":false,"footnotes":"","jetpack_publicize_message":"","jetpack_publicize_feature_enabled":true,"jetpack_social_post_already_shared":true,"jetpack_social_options":{"image_generator_settings":{"template":"highway","default_image_id":0,"font":"","enabled":false},"version":2}},"categories":[1],"tags":[],"class_list":["post-30437","post","type-post","status-publish","format-standard","hentry","category-deutsch"],"jetpack_publicize_connections":[],"jetpack_featured_media_url":"","jetpack_sharing_enabled":true,"jetpack_shortlink":"https:\/\/wp.me\/p5CDmr-7UV","jetpack-related-posts":[{"id":31062,"url":"https:\/\/www.achimbrueckner.de\/dxradio\/php\/wordpress\/?p=31062","url_meta":{"origin":30437,"position":0},"title":"\u201eDas All und all das!\u201d: ANTENNE BAYERN launcht Podcast mit Nobelpreistr\u00e4ger","author":"Administrator","date":"December 8, 2020","format":false,"excerpt":"https:\/\/www.radiowoche.de\/33735-2\/","rel":"","context":"In &quot;Deutsch&quot;","block_context":{"text":"Deutsch","link":"https:\/\/www.achimbrueckner.de\/dxradio\/php\/wordpress\/?cat=1"},"img":{"alt_text":"","src":"","width":0,"height":0},"classes":[]},{"id":41882,"url":"https:\/\/www.achimbrueckner.de\/dxradio\/php\/wordpress\/?p=41882","url_meta":{"origin":30437,"position":1},"title":"Media Lab Bayern launcht Podcast \u00fcber Konflikte im Journalismus","author":"Administrator","date":"October 28, 2024","format":false,"excerpt":"https:\/\/www.radioszene.de\/192150\/malwiedersprechen-podcast.html","rel":"","context":"In &quot;Deutsch&quot;","block_context":{"text":"Deutsch","link":"https:\/\/www.achimbrueckner.de\/dxradio\/php\/wordpress\/?cat=1"},"img":{"alt_text":"","src":"","width":0,"height":0},"classes":[]},{"id":22089,"url":"https:\/\/www.achimbrueckner.de\/dxradio\/php\/wordpress\/?p=22089","url_meta":{"origin":30437,"position":2},"title":"Antenne Bayern gr\u00fcndet bundesweites Podcast-Netzwerk","author":"Administrator","date":"March 12, 2019","format":false,"excerpt":"https:\/\/www.radionews.de\/antenne-bayern-gruendet-bundesweites-podcast-netzwerk\/","rel":"","context":"In &quot;Deutsch&quot;","block_context":{"text":"Deutsch","link":"https:\/\/www.achimbrueckner.de\/dxradio\/php\/wordpress\/?cat=1"},"img":{"alt_text":"","src":"","width":0,"height":0},"classes":[]},{"id":18326,"url":"https:\/\/www.achimbrueckner.de\/dxradio\/php\/wordpress\/?p=18326","url_meta":{"origin":30437,"position":3},"title":"Antenne Bayern produziert Nachrichten-Podcast \u201cThe Break\u201d","author":"Administrator","date":"June 21, 2018","format":false,"excerpt":"https:\/\/www.radioszene.de\/123210\/antenne-bayern-nachrichten-podcast-the-break.html","rel":"","context":"In &quot;Deutsch&quot;","block_context":{"text":"Deutsch","link":"https:\/\/www.achimbrueckner.de\/dxradio\/php\/wordpress\/?cat=1"},"img":{"alt_text":"","src":"","width":0,"height":0},"classes":[]},{"id":37154,"url":"https:\/\/www.achimbrueckner.de\/dxradio\/php\/wordpress\/?p=37154","url_meta":{"origin":30437,"position":4},"title":"\u201eGeheimakte 1972\u201d: ANTENNE BAYERN ver\u00f6ffentlicht Podcast \u00fcber das Olympia-Attentat in M\u00fcnchen","author":"Administrator","date":"August 1, 2022","format":false,"excerpt":"https:\/\/www.radiowoche.de\/geheimakte-1972-antenne-bayern-veroeffentlicht-podcast-ueber-das-olympia-attentat-in-muenchen\/","rel":"","context":"In &quot;Deutsch&quot;","block_context":{"text":"Deutsch","link":"https:\/\/www.achimbrueckner.de\/dxradio\/php\/wordpress\/?cat=1"},"img":{"alt_text":"","src":"","width":0,"height":0},"classes":[]},{"id":22005,"url":"https:\/\/www.achimbrueckner.de\/dxradio\/php\/wordpress\/?p=22005","url_meta":{"origin":30437,"position":5},"title":"ANTENNE BAYERN ver\u00f6ffentlicht exklusive Podcast-Serie zum Fall Peggy","author":"Administrator","date":"March 7, 2019","format":false,"excerpt":"https:\/\/www.radioszene.de\/131181\/podcastserie-peggy-antenne-bayern.html","rel":"","context":"In &quot;Deutsch&quot;","block_context":{"text":"Deutsch","link":"https:\/\/www.achimbrueckner.de\/dxradio\/php\/wordpress\/?cat=1"},"img":{"alt_text":"","src":"","width":0,"height":0},"classes":[]}],"_links":{"self":[{"href":"https:\/\/www.achimbrueckner.de\/dxradio\/php\/wordpress\/index.php?rest_route=\/wp\/v2\/posts\/30437","targetHints":{"allow":["GET"]}}],"collection":[{"href":"https:\/\/www.achimbrueckner.de\/dxradio\/php\/wordpress\/index.php?rest_route=\/wp\/v2\/posts"}],"about":[{"href":"https:\/\/www.achimbrueckner.de\/dxradio\/php\/wordpress\/index.php?rest_route=\/wp\/v2\/types\/post"}],"author":[{"embeddable":true,"href":"https:\/\/www.achimbrueckner.de\/dxradio\/php\/wordpress\/index.php?rest_route=\/wp\/v2\/users\/1"}],"replies":[{"embeddable":true,"href":"https:\/\/www.achimbrueckner.de\/dxradio\/php\/wordpress\/index.php?rest_route=%2Fwp%2Fv2%2Fcomments&post=30437"}],"version-history":[{"count":0,"href":"https:\/\/www.achimbrueckner.de\/dxradio\/php\/wordpress\/index.php?rest_route=\/wp\/v2\/posts\/30437\/revisions"}],"wp:attachment":[{"href":"https:\/\/www.achimbrueckner.de\/dxradio\/php\/wordpress\/index.php?rest_route=%2Fwp%2Fv2%2Fmedia&parent=30437"}],"wp:term":[{"taxonomy":"category","embeddable":true,"href":"https:\/\/www.achimbrueckner.de\/dxradio\/php\/wordpress\/index.php?rest_route=%2Fwp%2Fv2%2Fcategories&post=30437"},{"taxonomy":"post_tag","embeddable":true,"href":"https:\/\/www.achimbrueckner.de\/dxradio\/php\/wordpress\/index.php?rest_route=%2Fwp%2Fv2%2Ftags&post=30437"}],"curies":[{"name":"wp","href":"https:\/\/api.w.org\/{rel}","templated":true}]}}