{"id":30443,"date":"2020-10-16T15:22:24","date_gmt":"2020-10-16T15:22:24","guid":{"rendered":"https:\/\/www.achimbrueckner.de\/dxradio\/php\/wordpress\/?p=30443"},"modified":"2020-10-16T15:22:24","modified_gmt":"2020-10-16T15:22:24","slug":"radio-teddy-morgen-mit-borsentag-fur-kinder","status":"publish","type":"post","link":"https:\/\/www.achimbrueckner.de\/dxradio\/php\/wordpress\/?p=30443","title":{"rendered":"Radio TEDDY morgen mit \u201cB\u00f6rsentag\u201d f\u00fcr Kinder"},"content":{"rendered":"<p><a href=\"https:\/\/www.radiowoche.de\/radio-teddy-mit-aussergewoehnlichem-boersentag-fuer-kinder\/\" rel=\"noopener noreferrer\" target=\"_blank\">https:\/\/www.radiowoche.de\/radio-teddy-mit-aussergewoehnlichem-boersentag-fuer-kinder\/<\/a><\/p>\n","protected":false},"excerpt":{"rendered":"<p>https:\/\/www.radiowoche.de\/radio-teddy-mit-aussergewoehnlichem-boersentag-fuer-kinder\/<\/p>\n","protected":false},"author":1,"featured_media":0,"comment_status":"closed","ping_status":"open","sticky":false,"template":"","format":"standard","meta":{"_jetpack_memberships_contains_paid_content":false,"footnotes":"","jetpack_publicize_message":"","jetpack_publicize_feature_enabled":true,"jetpack_social_post_already_shared":true,"jetpack_social_options":{"image_generator_settings":{"template":"highway","default_image_id":0,"font":"","enabled":false},"version":2}},"categories":[1],"tags":[],"class_list":["post-30443","post","type-post","status-publish","format-standard","hentry","category-deutsch"],"jetpack_publicize_connections":[],"jetpack_featured_media_url":"","jetpack_sharing_enabled":true,"jetpack_shortlink":"https:\/\/wp.me\/p5CDmr-7V1","jetpack-related-posts":[{"id":32345,"url":"https:\/\/www.achimbrueckner.de\/dxradio\/php\/wordpress\/?p=32345","url_meta":{"origin":30443,"position":0},"title":"Radio TEDDY und Helmholtz-Zentrum Berlin starten Mitmach-Reihe f\u00fcr Kinder","author":"Administrator","date":"March 24, 2021","format":false,"excerpt":"https:\/\/www.radiowoche.de\/radio-teddy-und-helmholtz-zentrum-berlin-starten-mitmach-reihe-fuer-kinder\/","rel":"","context":"In &quot;Deutsch&quot;","block_context":{"text":"Deutsch","link":"https:\/\/www.achimbrueckner.de\/dxradio\/php\/wordpress\/?cat=1"},"img":{"alt_text":"","src":"","width":0,"height":0},"classes":[]},{"id":27573,"url":"https:\/\/www.achimbrueckner.de\/dxradio\/php\/wordpress\/?p=27573","url_meta":{"origin":30443,"position":1},"title":"Radio TEDDY \u2013 Deutschlands einziges Kinder- und Familienradio \u2013 stellt Programm komplett um","author":"Administrator","date":"March 16, 2020","format":false,"excerpt":"http:\/\/www.radiowoche.de\/radio-teddy-deutschlands-einziges-kinder-und-familienradio-stellt-programm-komplett-um\/","rel":"","context":"In &quot;Deutsch&quot;","block_context":{"text":"Deutsch","link":"https:\/\/www.achimbrueckner.de\/dxradio\/php\/wordpress\/?cat=1"},"img":{"alt_text":"","src":"","width":0,"height":0},"classes":[]},{"id":36686,"url":"https:\/\/www.achimbrueckner.de\/dxradio\/php\/wordpress\/?p=36686","url_meta":{"origin":30443,"position":2},"title":"Radio TEDDY erh\u00e4lt Comenius EduMedia-Siegel f\u00fcr Skill f\u00fcr interaktive Nachrichten","author":"Administrator","date":"June 24, 2022","format":false,"excerpt":"https:\/\/www.radiowoche.de\/radio-teddy-erhaelt-comenius-edumedia-siegel-fuer-skill-fuer-interaktive-nachrichten\/","rel":"","context":"In &quot;Deutsch&quot;","block_context":{"text":"Deutsch","link":"https:\/\/www.achimbrueckner.de\/dxradio\/php\/wordpress\/?cat=1"},"img":{"alt_text":"","src":"","width":0,"height":0},"classes":[]},{"id":27787,"url":"https:\/\/www.achimbrueckner.de\/dxradio\/php\/wordpress\/?p=27787","url_meta":{"origin":30443,"position":3},"title":"Mehr Radio f\u00fcr Kinder: Mit Mikado durch die Krise","author":"Administrator","date":"March 27, 2020","format":false,"excerpt":"https:\/\/www.ndr.de\/fernsehen\/sendungen\/hamburg_journal\/Mehr-Radio-fuer-Kinder-Mit-Mikado-durch-die-Krise,hamj93412.html","rel":"","context":"In &quot;Deutsch&quot;","block_context":{"text":"Deutsch","link":"https:\/\/www.achimbrueckner.de\/dxradio\/php\/wordpress\/?cat=1"},"img":{"alt_text":"","src":"","width":0,"height":0},"classes":[]},{"id":6893,"url":"https:\/\/www.achimbrueckner.de\/dxradio\/php\/wordpress\/?p=6893","url_meta":{"origin":30443,"position":4},"title":"Weitere UKW-Frequenzen f\u00fcr Radio TEDDY in Hessen","author":"Administrator","date":"December 14, 2015","format":false,"excerpt":"http:\/\/www.radiowoche.de\/weitere-ukw-frequenzen-fuer-radio-teddy-in-hessen\/","rel":"","context":"In &quot;Deutsch&quot;","block_context":{"text":"Deutsch","link":"https:\/\/www.achimbrueckner.de\/dxradio\/php\/wordpress\/?cat=1"},"img":{"alt_text":"","src":"","width":0,"height":0},"classes":[]},{"id":8673,"url":"https:\/\/www.achimbrueckner.de\/dxradio\/php\/wordpress\/?p=8673","url_meta":{"origin":30443,"position":5},"title":"pure fm bekommt UKW-Frequenzen in Brandenburg \u2013 weitere Frequenzen f\u00fcr Radio Potsdam, Radio Teddy und Radio B2","author":"Administrator","date":"June 30, 2016","format":false,"excerpt":"http:\/\/www.radiowoche.de\/pure-fm-bekommt-ukw-frequenzen-in-brandenburg-weitere-frequenzen-fuer-radio-potsdam-radio-teddy-und-radio-b2\/","rel":"","context":"In &quot;Deutsch&quot;","block_context":{"text":"Deutsch","link":"https:\/\/www.achimbrueckner.de\/dxradio\/php\/wordpress\/?cat=1"},"img":{"alt_text":"","src":"","width":0,"height":0},"classes":[]}],"_links":{"self":[{"href":"https:\/\/www.achimbrueckner.de\/dxradio\/php\/wordpress\/index.php?rest_route=\/wp\/v2\/posts\/30443","targetHints":{"allow":["GET"]}}],"collection":[{"href":"https:\/\/www.achimbrueckner.de\/dxradio\/php\/wordpress\/index.php?rest_route=\/wp\/v2\/posts"}],"about":[{"href":"https:\/\/www.achimbrueckner.de\/dxradio\/php\/wordpress\/index.php?rest_route=\/wp\/v2\/types\/post"}],"author":[{"embeddable":true,"href":"https:\/\/www.achimbrueckner.de\/dxradio\/php\/wordpress\/index.php?rest_route=\/wp\/v2\/users\/1"}],"replies":[{"embeddable":true,"href":"https:\/\/www.achimbrueckner.de\/dxradio\/php\/wordpress\/index.php?rest_route=%2Fwp%2Fv2%2Fcomments&post=30443"}],"version-history":[{"count":0,"href":"https:\/\/www.achimbrueckner.de\/dxradio\/php\/wordpress\/index.php?rest_route=\/wp\/v2\/posts\/30443\/revisions"}],"wp:attachment":[{"href":"https:\/\/www.achimbrueckner.de\/dxradio\/php\/wordpress\/index.php?rest_route=%2Fwp%2Fv2%2Fmedia&parent=30443"}],"wp:term":[{"taxonomy":"category","embeddable":true,"href":"https:\/\/www.achimbrueckner.de\/dxradio\/php\/wordpress\/index.php?rest_route=%2Fwp%2Fv2%2Fcategories&post=30443"},{"taxonomy":"post_tag","embeddable":true,"href":"https:\/\/www.achimbrueckner.de\/dxradio\/php\/wordpress\/index.php?rest_route=%2Fwp%2Fv2%2Ftags&post=30443"}],"curies":[{"name":"wp","href":"https:\/\/api.w.org\/{rel}","templated":true}]}}