{"id":30444,"date":"2020-10-16T15:27:11","date_gmt":"2020-10-16T15:27:11","guid":{"rendered":"https:\/\/www.achimbrueckner.de\/dxradio\/php\/wordpress\/?p=30444"},"modified":"2020-10-16T15:27:11","modified_gmt":"2020-10-16T15:27:11","slug":"social-media-abschaffen-erstes-groses-thema-im-neuen-mitmach-podcast","status":"publish","type":"post","link":"https:\/\/www.achimbrueckner.de\/dxradio\/php\/wordpress\/?p=30444","title":{"rendered":"\u201eSocial Media abschaffen?\u201c &#8211; erstes gro\u00dfes Thema im neuen Mitmach-Podcast"},"content":{"rendered":"<p><a href=\"https:\/\/www.infosat.de\/radio\/social-media-abschaffen-erstes-gro-es-thema-im-neuen-mitmach-podcast\" rel=\"noopener noreferrer\" target=\"_blank\">https:\/\/www.infosat.de\/radio\/social-media-abschaffen-erstes-gro-es-thema-im-neuen-mitmach-podcast<\/a><\/p>\n","protected":false},"excerpt":{"rendered":"<p>https:\/\/www.infosat.de\/radio\/social-media-abschaffen-erstes-gro-es-thema-im-neuen-mitmach-podcast<\/p>\n","protected":false},"author":1,"featured_media":0,"comment_status":"closed","ping_status":"open","sticky":false,"template":"","format":"standard","meta":{"_jetpack_memberships_contains_paid_content":false,"footnotes":"","jetpack_publicize_message":"","jetpack_publicize_feature_enabled":true,"jetpack_social_post_already_shared":true,"jetpack_social_options":{"image_generator_settings":{"template":"highway","default_image_id":0,"font":"","enabled":false},"version":2}},"categories":[1,17],"tags":[46],"class_list":["post-30444","post","type-post","status-publish","format-standard","hentry","category-deutsch","category-media","tag-media"],"jetpack_publicize_connections":[],"jetpack_featured_media_url":"","jetpack_sharing_enabled":true,"jetpack_shortlink":"https:\/\/wp.me\/p5CDmr-7V2","jetpack-related-posts":[{"id":30358,"url":"https:\/\/www.achimbrueckner.de\/dxradio\/php\/wordpress\/?p=30358","url_meta":{"origin":30444,"position":0},"title":"MDR startet Mitmach-Podcast \u201cDeine &#038; Meinung\u201d","author":"Administrator","date":"October 8, 2020","format":false,"excerpt":"https:\/\/www.radiowoche.de\/mdr-startet-mitmach-podcast-deine-meinung\/","rel":"","context":"In &quot;Deutsch&quot;","block_context":{"text":"Deutsch","link":"https:\/\/www.achimbrueckner.de\/dxradio\/php\/wordpress\/?cat=1"},"img":{"alt_text":"","src":"","width":0,"height":0},"classes":[]},{"id":1487,"url":"https:\/\/www.achimbrueckner.de\/dxradio\/php\/wordpress\/?p=1487","url_meta":{"origin":30444,"position":1},"title":"Mitmach-Radio frisch vom Markt","author":"Administrator","date":"April 20, 2011","format":false,"excerpt":"Mitmach-Radio frisch vom Markt http:\/\/www.neues-deutschland.de\/artikel\/195027.mitmach-radio-frisch-vom-markt.html Info via Radioszene","rel":"","context":"In &quot;Deutsch&quot;","block_context":{"text":"Deutsch","link":"https:\/\/www.achimbrueckner.de\/dxradio\/php\/wordpress\/?cat=1"},"img":{"alt_text":"","src":"","width":0,"height":0},"classes":[]},{"id":12341,"url":"https:\/\/www.achimbrueckner.de\/dxradio\/php\/wordpress\/?p=12341","url_meta":{"origin":30444,"position":2},"title":"Das Mitmach-Radio vom Roten Felsen: &#8220;Radio Helgoland&#8221;","author":"Administrator","date":"March 1, 2017","format":false,"excerpt":"http:\/\/www.ndr.de\/fernsehen\/sendungen\/das\/Radio-Helgoland-Das-Mitmach-Radio-von-der-Insel,dasx10054.html","rel":"","context":"In &quot;Deutsch&quot;","block_context":{"text":"Deutsch","link":"https:\/\/www.achimbrueckner.de\/dxradio\/php\/wordpress\/?cat=1"},"img":{"alt_text":"","src":"","width":0,"height":0},"classes":[]},{"id":32345,"url":"https:\/\/www.achimbrueckner.de\/dxradio\/php\/wordpress\/?p=32345","url_meta":{"origin":30444,"position":3},"title":"Radio TEDDY und Helmholtz-Zentrum Berlin starten Mitmach-Reihe f\u00fcr Kinder","author":"Administrator","date":"March 24, 2021","format":false,"excerpt":"https:\/\/www.radiowoche.de\/radio-teddy-und-helmholtz-zentrum-berlin-starten-mitmach-reihe-fuer-kinder\/","rel":"","context":"In &quot;Deutsch&quot;","block_context":{"text":"Deutsch","link":"https:\/\/www.achimbrueckner.de\/dxradio\/php\/wordpress\/?cat=1"},"img":{"alt_text":"","src":"","width":0,"height":0},"classes":[]},{"id":29400,"url":"https:\/\/www.achimbrueckner.de\/dxradio\/php\/wordpress\/?p=29400","url_meta":{"origin":30444,"position":4},"title":"Mediapulse Erstes TV-Halbjahr im Zeichen von Corona","author":"Administrator","date":"July 13, 2020","format":false,"excerpt":"https:\/\/www.persoenlich.com\/medien\/erstes-tv-halbjahr-im-zeichen-von-corona","rel":"","context":"In &quot;Deutsch&quot;","block_context":{"text":"Deutsch","link":"https:\/\/www.achimbrueckner.de\/dxradio\/php\/wordpress\/?cat=1"},"img":{"alt_text":"","src":"","width":0,"height":0},"classes":[]},{"id":22217,"url":"https:\/\/www.achimbrueckner.de\/dxradio\/php\/wordpress\/?p=22217","url_meta":{"origin":30444,"position":5},"title":"Staatssekret\u00e4r: FP\u00d6 will GIS-Geb\u00fchren abschaffen","author":"Administrator","date":"March 18, 2019","format":false,"excerpt":"https:\/\/www.vienna.at\/staatssekretaer-fpoe-will-gis-gebuehren-abschaffen\/6133139","rel":"","context":"In &quot;Deutsch&quot;","block_context":{"text":"Deutsch","link":"https:\/\/www.achimbrueckner.de\/dxradio\/php\/wordpress\/?cat=1"},"img":{"alt_text":"","src":"","width":0,"height":0},"classes":[]}],"_links":{"self":[{"href":"https:\/\/www.achimbrueckner.de\/dxradio\/php\/wordpress\/index.php?rest_route=\/wp\/v2\/posts\/30444","targetHints":{"allow":["GET"]}}],"collection":[{"href":"https:\/\/www.achimbrueckner.de\/dxradio\/php\/wordpress\/index.php?rest_route=\/wp\/v2\/posts"}],"about":[{"href":"https:\/\/www.achimbrueckner.de\/dxradio\/php\/wordpress\/index.php?rest_route=\/wp\/v2\/types\/post"}],"author":[{"embeddable":true,"href":"https:\/\/www.achimbrueckner.de\/dxradio\/php\/wordpress\/index.php?rest_route=\/wp\/v2\/users\/1"}],"replies":[{"embeddable":true,"href":"https:\/\/www.achimbrueckner.de\/dxradio\/php\/wordpress\/index.php?rest_route=%2Fwp%2Fv2%2Fcomments&post=30444"}],"version-history":[{"count":0,"href":"https:\/\/www.achimbrueckner.de\/dxradio\/php\/wordpress\/index.php?rest_route=\/wp\/v2\/posts\/30444\/revisions"}],"wp:attachment":[{"href":"https:\/\/www.achimbrueckner.de\/dxradio\/php\/wordpress\/index.php?rest_route=%2Fwp%2Fv2%2Fmedia&parent=30444"}],"wp:term":[{"taxonomy":"category","embeddable":true,"href":"https:\/\/www.achimbrueckner.de\/dxradio\/php\/wordpress\/index.php?rest_route=%2Fwp%2Fv2%2Fcategories&post=30444"},{"taxonomy":"post_tag","embeddable":true,"href":"https:\/\/www.achimbrueckner.de\/dxradio\/php\/wordpress\/index.php?rest_route=%2Fwp%2Fv2%2Ftags&post=30444"}],"curies":[{"name":"wp","href":"https:\/\/api.w.org\/{rel}","templated":true}]}}