{"id":30451,"date":"2020-10-16T15:53:19","date_gmt":"2020-10-16T15:53:19","guid":{"rendered":"https:\/\/www.achimbrueckner.de\/dxradio\/php\/wordpress\/?p=30451"},"modified":"2020-10-16T15:53:19","modified_gmt":"2020-10-16T15:53:19","slug":"von-goslar-um-die-ganze-welt-altestes-funkrelais-norddeutschlands-feiert-jubilaum","status":"publish","type":"post","link":"https:\/\/www.achimbrueckner.de\/dxradio\/php\/wordpress\/?p=30451","title":{"rendered":"Von Goslar um die ganze Welt &#8211; \u00c4ltestes Funkrelais Norddeutschlands feiert Jubil\u00e4um"},"content":{"rendered":"<p><a href=\"https:\/\/regionalheute.de\/von-goslar-um-die-ganze-welt-aeltestes-funkrelais-norddeutschlands-feiert-jubilaeum-1602254077\/\" rel=\"noopener noreferrer\" target=\"_blank\">https:\/\/regionalheute.de\/von-goslar-um-die-ganze-welt-aeltestes-funkrelais-norddeutschlands-feiert-jubilaeum-1602254077\/<\/a><\/p>\n","protected":false},"excerpt":{"rendered":"<p>https:\/\/regionalheute.de\/von-goslar-um-die-ganze-welt-aeltestes-funkrelais-norddeutschlands-feiert-jubilaeum-1602254077\/<\/p>\n","protected":false},"author":1,"featured_media":0,"comment_status":"closed","ping_status":"open","sticky":false,"template":"","format":"standard","meta":{"_jetpack_memberships_contains_paid_content":false,"footnotes":"","jetpack_publicize_message":"","jetpack_publicize_feature_enabled":true,"jetpack_social_post_already_shared":true,"jetpack_social_options":{"image_generator_settings":{"template":"highway","default_image_id":0,"font":"","enabled":false},"version":2}},"categories":[1],"tags":[],"class_list":["post-30451","post","type-post","status-publish","format-standard","hentry","category-deutsch"],"jetpack_publicize_connections":[],"jetpack_featured_media_url":"","jetpack_sharing_enabled":true,"jetpack_shortlink":"https:\/\/wp.me\/p5CDmr-7V9","jetpack-related-posts":[{"id":2769,"url":"https:\/\/www.achimbrueckner.de\/dxradio\/php\/wordpress\/?p=2769","url_meta":{"origin":30451,"position":0},"title":"Interradio 2013 Hannover","author":"Administrator","date":"November 21, 2013","format":false,"excerpt":"Der Amateurfunk- und Elektronikfachmarkt, die INTERRADIO, findet auch dieses Jahr wieder wie gewohnt auf dem Messegel\u00e4nde in Hannover statt. Wann: 30. November 2013, von 9:00 Uhr - 17:00 Uhr Wo: Halle 2, Messegel\u00e4nde, Hannover Was: Norddeutschlands gr\u00f6\u00dfter Amateurfunkfachmarkt. http:\/\/www.interradio.info\/","rel":"","context":"In &quot;camps&quot;","block_context":{"text":"camps","link":"https:\/\/www.achimbrueckner.de\/dxradio\/php\/wordpress\/?cat=5"},"img":{"alt_text":"","src":"","width":0,"height":0},"classes":[]},{"id":1976,"url":"https:\/\/www.achimbrueckner.de\/dxradio\/php\/wordpress\/?p=1976","url_meta":{"origin":30451,"position":1},"title":"Interradio 2012","author":"Administrator","date":"November 25, 2011","format":false,"excerpt":"F\u00fcr alle die schon Termine in den Kalender 2012 eintragen : Der Amateurfunk- und Elektronikfachmarkt, die INTERRADIO, findet auch dieses Jahr wieder wie gewohnt auf dem Messegel\u00e4nde in Hannover statt. Wann: 27. Oktober 2012, von 9:00 Uhr - 17:00 Uhr Wo: Halle 20, Messegel\u00e4nde, Hannover Was: Norddeutschlands gr\u00f6\u00dfter Amateurfunkfachmarkt Info\u2026","rel":"","context":"In &quot;camps&quot;","block_context":{"text":"camps","link":"https:\/\/www.achimbrueckner.de\/dxradio\/php\/wordpress\/?cat=5"},"img":{"alt_text":"","src":"","width":0,"height":0},"classes":[]},{"id":1833,"url":"https:\/\/www.achimbrueckner.de\/dxradio\/php\/wordpress\/?p=1833","url_meta":{"origin":30451,"position":2},"title":"Interradio Hannover 2011","author":"Administrator","date":"October 20, 2011","format":false,"excerpt":"Der Amateurfunk- und Elektronikfachmarkt, die INTERRADIO, findet auch dieses Jahr wieder wie gewohnt auf dem Messegel\u00e4nde in Hannover statt. Wann: 5. November 2011, von 9:00 Uhr - 17:00 Uhr Wo: Halle 20, Messegel\u00e4nde, Hannover Was: Norddeutschlands gr\u00f6\u00dfter Amateurfunkfachmarkt N\u00e4here Infos unter http:\/\/www.interradio.info\/ Info via dx-unlimited","rel":"","context":"In &quot;camps&quot;","block_context":{"text":"camps","link":"https:\/\/www.achimbrueckner.de\/dxradio\/php\/wordpress\/?cat=5"},"img":{"alt_text":"","src":"","width":0,"height":0},"classes":[]},{"id":28960,"url":"https:\/\/www.achimbrueckner.de\/dxradio\/php\/wordpress\/?p=28960","url_meta":{"origin":30451,"position":3},"title":"Neues in schwierigen Zeiten: Sparkasse Hildesheim Goslar Peine unterst\u00fctzt Radio Tonkuhle mit 10.000 Euro","author":"Administrator","date":"June 4, 2020","format":false,"excerpt":"https:\/\/hildesheimer-presse.de\/2020\/06\/02\/neues-in-schwierigen-zeiten-sparkasse-hildesheim-goslar-peine-unterstuetzt-radio-tonkuhle-mit-10-000-euro\/","rel":"","context":"In &quot;Deutsch&quot;","block_context":{"text":"Deutsch","link":"https:\/\/www.achimbrueckner.de\/dxradio\/php\/wordpress\/?cat=1"},"img":{"alt_text":"","src":"","width":0,"height":0},"classes":[]},{"id":44379,"url":"https:\/\/www.achimbrueckner.de\/dxradio\/php\/wordpress\/?p=44379","url_meta":{"origin":30451,"position":4},"title":"kronehit feiert die ganze Woche 20 Jahre Morningshow","author":"Administrator","date":"November 25, 2025","format":false,"excerpt":"https:\/\/www.radioszene.de\/208176\/kronehit-feiert-die-ganze-woche-20-jahre-morningshow.html","rel":"","context":"In &quot;Deutsch&quot;","block_context":{"text":"Deutsch","link":"https:\/\/www.achimbrueckner.de\/dxradio\/php\/wordpress\/?cat=1"},"img":{"alt_text":"","src":"","width":0,"height":0},"classes":[]},{"id":27589,"url":"https:\/\/www.achimbrueckner.de\/dxradio\/php\/wordpress\/?p=27589","url_meta":{"origin":30451,"position":5},"title":"Corona-Pr\u00e4vention Abruptes Ende f\u00fcr Amateurfunker-Tagung","author":"Administrator","date":"March 17, 2020","format":false,"excerpt":"https:\/\/live.goslarsche.de\/post\/view\/5e6df7c0a97d0b4a3d263a34\/Goslar\/Abruptes-Ende-fuer-Amateurfunker-Tagung","rel":"","context":"In &quot;Deutsch&quot;","block_context":{"text":"Deutsch","link":"https:\/\/www.achimbrueckner.de\/dxradio\/php\/wordpress\/?cat=1"},"img":{"alt_text":"","src":"","width":0,"height":0},"classes":[]}],"_links":{"self":[{"href":"https:\/\/www.achimbrueckner.de\/dxradio\/php\/wordpress\/index.php?rest_route=\/wp\/v2\/posts\/30451","targetHints":{"allow":["GET"]}}],"collection":[{"href":"https:\/\/www.achimbrueckner.de\/dxradio\/php\/wordpress\/index.php?rest_route=\/wp\/v2\/posts"}],"about":[{"href":"https:\/\/www.achimbrueckner.de\/dxradio\/php\/wordpress\/index.php?rest_route=\/wp\/v2\/types\/post"}],"author":[{"embeddable":true,"href":"https:\/\/www.achimbrueckner.de\/dxradio\/php\/wordpress\/index.php?rest_route=\/wp\/v2\/users\/1"}],"replies":[{"embeddable":true,"href":"https:\/\/www.achimbrueckner.de\/dxradio\/php\/wordpress\/index.php?rest_route=%2Fwp%2Fv2%2Fcomments&post=30451"}],"version-history":[{"count":0,"href":"https:\/\/www.achimbrueckner.de\/dxradio\/php\/wordpress\/index.php?rest_route=\/wp\/v2\/posts\/30451\/revisions"}],"wp:attachment":[{"href":"https:\/\/www.achimbrueckner.de\/dxradio\/php\/wordpress\/index.php?rest_route=%2Fwp%2Fv2%2Fmedia&parent=30451"}],"wp:term":[{"taxonomy":"category","embeddable":true,"href":"https:\/\/www.achimbrueckner.de\/dxradio\/php\/wordpress\/index.php?rest_route=%2Fwp%2Fv2%2Fcategories&post=30451"},{"taxonomy":"post_tag","embeddable":true,"href":"https:\/\/www.achimbrueckner.de\/dxradio\/php\/wordpress\/index.php?rest_route=%2Fwp%2Fv2%2Ftags&post=30451"}],"curies":[{"name":"wp","href":"https:\/\/api.w.org\/{rel}","templated":true}]}}