{"id":30466,"date":"2020-10-16T16:32:29","date_gmt":"2020-10-16T16:32:29","guid":{"rendered":"https:\/\/www.achimbrueckner.de\/dxradio\/php\/wordpress\/?p=30466"},"modified":"2020-10-16T16:32:29","modified_gmt":"2020-10-16T16:32:29","slug":"30-jahre-arte-die-machen-diese-sachen-die-sonst-niemand-macht","status":"publish","type":"post","link":"https:\/\/www.achimbrueckner.de\/dxradio\/php\/wordpress\/?p=30466","title":{"rendered":"30 Jahre \u00abArte\u00bb: Die machen diese Sachen, die sonst niemand macht"},"content":{"rendered":"<p><a href=\"https:\/\/www.sueddeutsche.de\/medien\/arte-30-jahre-1.5052598\" rel=\"noopener noreferrer\" target=\"_blank\">https:\/\/www.sueddeutsche.de\/medien\/arte-30-jahre-1.5052598<\/a><\/p>\n","protected":false},"excerpt":{"rendered":"<p>https:\/\/www.sueddeutsche.de\/medien\/arte-30-jahre-1.5052598<\/p>\n","protected":false},"author":1,"featured_media":0,"comment_status":"closed","ping_status":"open","sticky":false,"template":"","format":"standard","meta":{"_jetpack_memberships_contains_paid_content":false,"footnotes":"","jetpack_publicize_message":"","jetpack_publicize_feature_enabled":true,"jetpack_social_post_already_shared":true,"jetpack_social_options":{"image_generator_settings":{"template":"highway","default_image_id":0,"font":"","enabled":false},"version":2}},"categories":[1,15],"tags":[45],"class_list":["post-30466","post","type-post","status-publish","format-standard","hentry","category-deutsch","category-medien","tag-medien"],"jetpack_publicize_connections":[],"jetpack_featured_media_url":"","jetpack_sharing_enabled":true,"jetpack_shortlink":"https:\/\/wp.me\/p5CDmr-7Vo","jetpack-related-posts":[{"id":25831,"url":"https:\/\/www.achimbrueckner.de\/dxradio\/php\/wordpress\/?p=25831","url_meta":{"origin":30466,"position":0},"title":"30 Jahre Lokalradio &#8220;Wer keinen Sprachfehler hatte, dem standen die T\u00fcren offen&#8221;","author":"Administrator","date":"November 18, 2019","format":false,"excerpt":"https:\/\/www.persoenlich.com\/medien\/wer-keinen-sprachfehler-hatte-dem-standen-die-tueren-offen-310616","rel":"","context":"In &quot;Deutsch&quot;","block_context":{"text":"Deutsch","link":"https:\/\/www.achimbrueckner.de\/dxradio\/php\/wordpress\/?cat=1"},"img":{"alt_text":"","src":"","width":0,"height":0},"classes":[]},{"id":32936,"url":"https:\/\/www.achimbrueckner.de\/dxradio\/php\/wordpress\/?p=32936","url_meta":{"origin":30466,"position":1},"title":"Ex-MTV-Moderator Steve Blame : &#8220;Die sieben Jahre bei MTV waren die belanglosesten meines Lebens&#8221;","author":"Administrator","date":"June 24, 2021","format":false,"excerpt":"https:\/\/www.sueddeutsche.de\/medien\/steve-blame-mtv-podcast-1.5332425?reduced=true&utm_source=Twitter&utm_medium=twitterbot&utm_campaign=1.5332425","rel":"","context":"In &quot;Deutsch&quot;","block_context":{"text":"Deutsch","link":"https:\/\/www.achimbrueckner.de\/dxradio\/php\/wordpress\/?cat=1"},"img":{"alt_text":"","src":"","width":0,"height":0},"classes":[]},{"id":20180,"url":"https:\/\/www.achimbrueckner.de\/dxradio\/php\/wordpress\/?p=20180","url_meta":{"origin":30466,"position":2},"title":"Schweizer Medien sp\u00fcren die brutalen Sp\u00e4tfolgen der \u00abgoldenen Jahre\u00bb","author":"Administrator","date":"November 27, 2018","format":false,"excerpt":"https:\/\/medienwoche.ch\/2018\/11\/27\/schweizer-medien-spueren-die-brutalen-spaetfolgen-der-goldenen-jahre\/","rel":"","context":"In &quot;Deutsch&quot;","block_context":{"text":"Deutsch","link":"https:\/\/www.achimbrueckner.de\/dxradio\/php\/wordpress\/?cat=1"},"img":{"alt_text":"","src":"","width":0,"height":0},"classes":[]},{"id":27745,"url":"https:\/\/www.achimbrueckner.de\/dxradio\/php\/wordpress\/?p=27745","url_meta":{"origin":30466,"position":3},"title":"Gastkommentar: \u201cViele \u00f6sterreichische Medien werden die n\u00e4chsten Jahre nicht \u00fcberleben\u201d","author":"Administrator","date":"March 25, 2020","format":false,"excerpt":"https:\/\/meedia.de\/2020\/03\/24\/gastkommentar-viele-oesterreichische-medien-werden-die-naechsten-jahre-nicht-ueberleben\/","rel":"","context":"In &quot;Deutsch&quot;","block_context":{"text":"Deutsch","link":"https:\/\/www.achimbrueckner.de\/dxradio\/php\/wordpress\/?cat=1"},"img":{"alt_text":"","src":"","width":0,"height":0},"classes":[]},{"id":13711,"url":"https:\/\/www.achimbrueckner.de\/dxradio\/php\/wordpress\/?p=13711","url_meta":{"origin":30466,"position":4},"title":"Sommerserie \u00abMediengeschichte\u00bb: Die fr\u00fchen Radio-Jahre","author":"Administrator","date":"July 13, 2017","format":false,"excerpt":"https:\/\/www.srf.ch\/sendungen\/tagesgespraech\/sommerserie-mediengeschichte-die-fruehen-radio-jahre","rel":"","context":"In &quot;Deutsch&quot;","block_context":{"text":"Deutsch","link":"https:\/\/www.achimbrueckner.de\/dxradio\/php\/wordpress\/?cat=1"},"img":{"alt_text":"","src":"","width":0,"height":0},"classes":[]},{"id":25505,"url":"https:\/\/www.achimbrueckner.de\/dxradio\/php\/wordpress\/?p=25505","url_meta":{"origin":30466,"position":5},"title":"70 Jahre FAZ: Wo die Herausgeber regieren wie \u00abKurf\u00fcrsten\u00bb","author":"Administrator","date":"October 25, 2019","format":false,"excerpt":"https:\/\/medienwoche.ch\/2019\/10\/24\/70-jahre-faz-wo-die-herausgeber-regieren-wie-fuersten\/","rel":"","context":"In &quot;Deutsch&quot;","block_context":{"text":"Deutsch","link":"https:\/\/www.achimbrueckner.de\/dxradio\/php\/wordpress\/?cat=1"},"img":{"alt_text":"","src":"","width":0,"height":0},"classes":[]}],"_links":{"self":[{"href":"https:\/\/www.achimbrueckner.de\/dxradio\/php\/wordpress\/index.php?rest_route=\/wp\/v2\/posts\/30466","targetHints":{"allow":["GET"]}}],"collection":[{"href":"https:\/\/www.achimbrueckner.de\/dxradio\/php\/wordpress\/index.php?rest_route=\/wp\/v2\/posts"}],"about":[{"href":"https:\/\/www.achimbrueckner.de\/dxradio\/php\/wordpress\/index.php?rest_route=\/wp\/v2\/types\/post"}],"author":[{"embeddable":true,"href":"https:\/\/www.achimbrueckner.de\/dxradio\/php\/wordpress\/index.php?rest_route=\/wp\/v2\/users\/1"}],"replies":[{"embeddable":true,"href":"https:\/\/www.achimbrueckner.de\/dxradio\/php\/wordpress\/index.php?rest_route=%2Fwp%2Fv2%2Fcomments&post=30466"}],"version-history":[{"count":0,"href":"https:\/\/www.achimbrueckner.de\/dxradio\/php\/wordpress\/index.php?rest_route=\/wp\/v2\/posts\/30466\/revisions"}],"wp:attachment":[{"href":"https:\/\/www.achimbrueckner.de\/dxradio\/php\/wordpress\/index.php?rest_route=%2Fwp%2Fv2%2Fmedia&parent=30466"}],"wp:term":[{"taxonomy":"category","embeddable":true,"href":"https:\/\/www.achimbrueckner.de\/dxradio\/php\/wordpress\/index.php?rest_route=%2Fwp%2Fv2%2Fcategories&post=30466"},{"taxonomy":"post_tag","embeddable":true,"href":"https:\/\/www.achimbrueckner.de\/dxradio\/php\/wordpress\/index.php?rest_route=%2Fwp%2Fv2%2Ftags&post=30466"}],"curies":[{"name":"wp","href":"https:\/\/api.w.org\/{rel}","templated":true}]}}