{"id":3059,"date":"2014-04-07T15:54:07","date_gmt":"2014-04-07T15:54:07","guid":{"rendered":"https:\/\/www.achimbrueckner.de\/dxradio\/php\/wordpress\/?p=3059"},"modified":"2014-04-07T15:54:07","modified_gmt":"2014-04-07T15:54:07","slug":"sender-ismaning-munchen-radioborse-tag-der-offenen-tur","status":"publish","type":"post","link":"https:\/\/www.achimbrueckner.de\/dxradio\/php\/wordpress\/?p=3059","title":{"rendered":"Sender Ismaning &#8211; M\u00fcnchen  Radiob\u00f6rse &#8211; Tag der offenen T\u00fcr"},"content":{"rendered":"<p><a href=\"http:\/\/ratzer.at\/galerien\/sender-ismaning-muenchen\" target=\"_blank\">http:\/\/ratzer.at\/galerien\/sender-ismaning-muenchen<\/a><\/p>\n","protected":false},"excerpt":{"rendered":"<p>http:\/\/ratzer.at\/galerien\/sender-ismaning-muenchen<\/p>\n","protected":false},"author":1,"featured_media":0,"comment_status":"open","ping_status":"open","sticky":false,"template":"","format":"standard","meta":{"_jetpack_memberships_contains_paid_content":false,"footnotes":"","jetpack_publicize_message":"","jetpack_publicize_feature_enabled":true,"jetpack_social_post_already_shared":false,"jetpack_social_options":{"image_generator_settings":{"template":"highway","default_image_id":0,"font":"","enabled":false},"version":2}},"categories":[1],"tags":[29],"class_list":["post-3059","post","type-post","status-publish","format-standard","hentry","category-deutsch","tag-ratzer-2"],"jetpack_publicize_connections":[],"jetpack_featured_media_url":"","jetpack_sharing_enabled":true,"jetpack_shortlink":"https:\/\/wp.me\/p5CDmr-Nl","jetpack-related-posts":[{"id":3514,"url":"https:\/\/www.achimbrueckner.de\/dxradio\/php\/wordpress\/?p=3514","url_meta":{"origin":3059,"position":0},"title":"Sender Ismaning &#8211; M\u00fcnchen","author":"Administrator","date":"September 11, 2014","format":false,"excerpt":"http:\/\/ratzer.at\/galerien\/sender-ismaning-muenchen","rel":"","context":"In &quot;Deutsch&quot;","block_context":{"text":"Deutsch","link":"https:\/\/www.achimbrueckner.de\/dxradio\/php\/wordpress\/?cat=1"},"img":{"alt_text":"","src":"","width":0,"height":0},"classes":[]},{"id":531,"url":"https:\/\/www.achimbrueckner.de\/dxradio\/php\/wordpress\/?p=531","url_meta":{"origin":3059,"position":1},"title":"Tag der offenen T\u00fcr im Sender M\u00fcnchen-Ismaning","author":"Administrator","date":"September 14, 2009","format":false,"excerpt":"1. Tag der offenen T\u00fcr im Sender M\u00fcnchen-Ismaning. Einfahrt gegen\u00fcber Zengermoos, aus der B388 Erdinger Str, \u00fcber Brennerm\u00fchlstr. und Senderstr. Im Jahr 1999 gab es noch die ehemaligen Reichspost\/VOA Sender zu sehen, die 35 kW Collins, die 75 kW Reichspostsch\u00e4tzchen gebaut in Prag bei Radioslavia AG[sp\u00e4ter Tesla] und bei Thomson\u2026","rel":"","context":"In &quot;Deutsch&quot;","block_context":{"text":"Deutsch","link":"https:\/\/www.achimbrueckner.de\/dxradio\/php\/wordpress\/?cat=1"},"img":{"alt_text":"","src":"","width":0,"height":0},"classes":[]},{"id":940,"url":"https:\/\/www.achimbrueckner.de\/dxradio\/php\/wordpress\/?p=940","url_meta":{"origin":3059,"position":2},"title":"BR Tag der offenen T\u00fcr","author":"Administrator","date":"March 7, 2010","format":false,"excerpt":"Vorank\u00fcndigung: 7. Sammlertreffen in Ismaning beim BR Samstag, den 10. Juli 2010 Uhrzeit: bis Mittag Ort: Gro\u00dfsender des Bayrischen Rundfunks in Ismaning Info: folgt noch Hinweis: Flohmarkt, Sammlertreffen, Senderbesichtigung (Tag der offenen T\u00fcr beim BR) Info via A-DX","rel":"","context":"In &quot;camps&quot;","block_context":{"text":"camps","link":"https:\/\/www.achimbrueckner.de\/dxradio\/php\/wordpress\/?cat=5"},"img":{"alt_text":"","src":"","width":0,"height":0},"classes":[]},{"id":1055,"url":"https:\/\/www.achimbrueckner.de\/dxradio\/php\/wordpress\/?p=1055","url_meta":{"origin":3059,"position":3},"title":"10. Juli 2010: BR Ismaning Besuchstag mit Sammlerb\u00f6rse und MW-Sondersendung","author":"Administrator","date":"June 19, 2010","format":false,"excerpt":"Also bald ist es wieder soweit: Sendeanlage Ismaning mit Tag der offenen T\u00fcr plus Sonderprogramm \u00fcber einen kleinen Mittelwellen-Ortssender auf 585 kHz f\u00fcr \"die n\u00e4chste Umgebung\" (bzw. soweit es eben reicht!). Und mit Sammlerb\u00f6rse der GFGF. Wann: 10. Juli 2010 (Samstag) Wo: Senderanlage Ismaning, Senderstra\u00dfe 57, 85737 Ismaning Die komplette\u2026","rel":"","context":"In &quot;camps&quot;","block_context":{"text":"camps","link":"https:\/\/www.achimbrueckner.de\/dxradio\/php\/wordpress\/?cat=5"},"img":{"alt_text":"","src":"","width":0,"height":0},"classes":[]},{"id":1111,"url":"https:\/\/www.achimbrueckner.de\/dxradio\/php\/wordpress\/?p=1111","url_meta":{"origin":3059,"position":4},"title":"Bayerischer Rundfunk, Tag der offenen T\u00fcr beim Sender Pfaffenberg, 25.+26. Sep. 2010","author":"Administrator","date":"August 11, 2010","format":false,"excerpt":"Bayerischer Rundfunk, Tag der offenen T\u00fcr beim Sender Pfaffenberg, 25.+26. Sep. 2010 http:\/\/www.br-online.de\/unternehmen\/veranstaltungen\/mainfranken-pfaffenberg-sender-ID1280408504911.xml Info via A-DX","rel":"","context":"In &quot;Deutsch&quot;","block_context":{"text":"Deutsch","link":"https:\/\/www.achimbrueckner.de\/dxradio\/php\/wordpress\/?cat=1"},"img":{"alt_text":"","src":"","width":0,"height":0},"classes":[]},{"id":3792,"url":"https:\/\/www.achimbrueckner.de\/dxradio\/php\/wordpress\/?p=3792","url_meta":{"origin":3059,"position":5},"title":"Sender &#038; Frequenzen 2015 bei Amazon vorbestellbar.","author":"Administrator","date":"November 25, 2014","format":false,"excerpt":"Wie alle Jahre darf ich hier auf die neue Ausgabe von Sender & Frequenzen aufmerksam machen. Die Ausgabe 2015 ist nun bei Amazon vorbestellbar, wer den Link via http:\/\/ratzer.at zur Bestellung bei Amazon nutzt, bezahlt nat\u00fcrlich den regul\u00e4ren Preis f\u00fcr das Buch und Amazon unterst\u00fctzt durch einen \u201eWerbekostenbeitrag\u201c so ganz\u2026","rel":"","context":"In &quot;Deutsch&quot;","block_context":{"text":"Deutsch","link":"https:\/\/www.achimbrueckner.de\/dxradio\/php\/wordpress\/?cat=1"},"img":{"alt_text":"","src":"","width":0,"height":0},"classes":[]}],"_links":{"self":[{"href":"https:\/\/www.achimbrueckner.de\/dxradio\/php\/wordpress\/index.php?rest_route=\/wp\/v2\/posts\/3059","targetHints":{"allow":["GET"]}}],"collection":[{"href":"https:\/\/www.achimbrueckner.de\/dxradio\/php\/wordpress\/index.php?rest_route=\/wp\/v2\/posts"}],"about":[{"href":"https:\/\/www.achimbrueckner.de\/dxradio\/php\/wordpress\/index.php?rest_route=\/wp\/v2\/types\/post"}],"author":[{"embeddable":true,"href":"https:\/\/www.achimbrueckner.de\/dxradio\/php\/wordpress\/index.php?rest_route=\/wp\/v2\/users\/1"}],"replies":[{"embeddable":true,"href":"https:\/\/www.achimbrueckner.de\/dxradio\/php\/wordpress\/index.php?rest_route=%2Fwp%2Fv2%2Fcomments&post=3059"}],"version-history":[{"count":0,"href":"https:\/\/www.achimbrueckner.de\/dxradio\/php\/wordpress\/index.php?rest_route=\/wp\/v2\/posts\/3059\/revisions"}],"wp:attachment":[{"href":"https:\/\/www.achimbrueckner.de\/dxradio\/php\/wordpress\/index.php?rest_route=%2Fwp%2Fv2%2Fmedia&parent=3059"}],"wp:term":[{"taxonomy":"category","embeddable":true,"href":"https:\/\/www.achimbrueckner.de\/dxradio\/php\/wordpress\/index.php?rest_route=%2Fwp%2Fv2%2Fcategories&post=3059"},{"taxonomy":"post_tag","embeddable":true,"href":"https:\/\/www.achimbrueckner.de\/dxradio\/php\/wordpress\/index.php?rest_route=%2Fwp%2Fv2%2Ftags&post=3059"}],"curies":[{"name":"wp","href":"https:\/\/api.w.org\/{rel}","templated":true}]}}