{"id":306,"date":"2007-03-30T14:04:15","date_gmt":"2007-03-30T14:04:15","guid":{"rendered":"https:\/\/www.achimbrueckner.de\/dxradio\/php\/wordpress\/?p=306"},"modified":"2007-03-30T14:04:15","modified_gmt":"2007-03-30T14:04:15","slug":"rmrc-oster-dx-camp-langenselbold","status":"publish","type":"post","link":"https:\/\/www.achimbrueckner.de\/dxradio\/php\/wordpress\/?p=306","title":{"rendered":"RMRC Oster DX-Camp Langenselbold"},"content":{"rendered":"<p>Kurze Erinnerung an das RMRC Oster DX-Camp in Langenselbold 2.4.-8.4.07  im Naturfreundehaus, also ab Montag, wie immer eine ganze Woche lang mit sensationellen Highlights .<\/p>\n<p>Mo-Do  ist Grasnarben DX angesagt mit verschiedenen Antennen, Antennenverteiler<\/p>\n<p>Fr. Vorf\u00fchrung und Test des SDR-Receivers Elad FDM 77 vom Elad-Chef pers\u00f6nlich, ein              Empf\u00e4nger mit einigen Vorz\u00fcgen gegen\u00fcber anderen vergleichbaren Empf\u00e4ngern incl. DRM<br \/>\nSa. Nachmittag 14.00 Vortrag und Diskussion \u00fcber DRM mit Herrn P. Senger, Chef des intern. DRM-Konsortiums \u00fcber den Stand der Dinge bei DRM, anschlie\u00dfend Diskussion  mit P. Senger und V. Jolkver<br \/>\nSa. Abend Horst-Schmidt-Abend mit Bildern und Geschichten, Versteigerung seines DX Nachlasses u.a. KWZ 30<br \/>\n     Warmes und kaltes Buffet,<\/p>\n<p>Weitere Infos auf unserer Homepage <a href=\"http:\/\/www.rmrc.de\">www.rmrc.de<\/a><\/p>\n<p>Eingeladen sind alle DXer und Radiofreunde.<br \/>\nDer RMRC freut sich besonders Herrn P. Senger (DRM), Frau V. Jolkver (DM) und Herrn F. Milan (Elad) begr\u00fc\u00dfen zu d\u00fcrfen.<\/p>\n<p>Info via Harald Gabler RMRC Vorstand auf <a href=\"http:\/\/www.ratzer.at\">A-DX<\/a><\/p>\n","protected":false},"excerpt":{"rendered":"<p>Kurze Erinnerung an das RMRC Oster DX-Camp in Langenselbold 2.4.-8.4.07 im Naturfreundehaus, also ab Montag, wie immer eine ganze Woche lang mit sensationellen Highlights . Mo-Do ist Grasnarben DX angesagt mit verschiedenen Antennen, Antennenverteiler Fr. Vorf\u00fchrung und Test des SDR-Receivers Elad FDM 77 vom Elad-Chef pers\u00f6nlich, ein Empf\u00e4nger mit einigen Vorz\u00fcgen gegen\u00fcber anderen vergleichbaren Empf\u00e4ngern &hellip; <a href=\"https:\/\/www.achimbrueckner.de\/dxradio\/php\/wordpress\/?p=306\" class=\"more-link\">Continue reading <span class=\"screen-reader-text\">RMRC Oster DX-Camp Langenselbold<\/span><\/a><\/p>\n","protected":false},"author":1,"featured_media":0,"comment_status":"open","ping_status":"open","sticky":false,"template":"","format":"standard","meta":{"_jetpack_memberships_contains_paid_content":false,"footnotes":"","jetpack_publicize_message":"","jetpack_publicize_feature_enabled":true,"jetpack_social_post_already_shared":false,"jetpack_social_options":{"image_generator_settings":{"template":"highway","default_image_id":0,"font":"","enabled":false},"version":2}},"categories":[5],"tags":[24,26,40,33,34],"class_list":["post-306","post","type-post","status-publish","format-standard","hentry","category-camps","tag-am","tag-camp","tag-dx","tag-empfanger","tag-receiver"],"jetpack_publicize_connections":[],"jetpack_featured_media_url":"","jetpack_sharing_enabled":true,"jetpack_shortlink":"https:\/\/wp.me\/p5CDmr-4W","jetpack-related-posts":[{"id":45,"url":"https:\/\/www.achimbrueckner.de\/dxradio\/php\/wordpress\/?p=45","url_meta":{"origin":306,"position":0},"title":"DX-Camp Langenselbold","author":"Administrator","date":"September 20, 2006","format":false,"excerpt":"Einladung Der Rhein-Main-Radio-Club l\u00e4d ein zum DX - Camp 2.- 8.10.06 in Langenselbold. Ausf\u00fchrliche Einladung auf der Homepage www.rmrc.de Anmeldung erforderlich. Di. 3. 10. wird Dirk Oberjasper eine Einf\u00fchrung in das speziell f\u00fcr FM, UHF und VHF- DXing interessante Programm \"Radio mobile\" geben und zeigen, wie man es nutzen kann\u2026","rel":"","context":"In &quot;camps&quot;","block_context":{"text":"camps","link":"https:\/\/www.achimbrueckner.de\/dxradio\/php\/wordpress\/?cat=5"},"img":{"alt_text":"","src":"","width":0,"height":0},"classes":[]},{"id":374,"url":"https:\/\/www.achimbrueckner.de\/dxradio\/php\/wordpress\/?p=374","url_meta":{"origin":306,"position":1},"title":"40. DX-Camp Langenselbold","author":"Administrator","date":"March 3, 2008","format":false,"excerpt":"Unser 40. DX Camp findet vom Mo. 17. bis So. 23.3.08 im Naturfreundehaus in Langenselbold bei Hanau statt. DXer und Radiofreunde sind herzlich eingeladen. Die H\u00f6hepunkte: Die ersten Tage sind wie immer vorwiegend zum H\u00f6ren. Erstmalig haben wir jetzt auch **DSL-Anschlu\u00df **f\u00fcr jedermann \u00fcber einen WLAN-Zugang. Und wir haben eine\u2026","rel":"","context":"In &quot;camps&quot;","block_context":{"text":"camps","link":"https:\/\/www.achimbrueckner.de\/dxradio\/php\/wordpress\/?cat=5"},"img":{"alt_text":"","src":"","width":0,"height":0},"classes":[]},{"id":1133,"url":"https:\/\/www.achimbrueckner.de\/dxradio\/php\/wordpress\/?p=1133","url_meta":{"origin":306,"position":2},"title":"46. DX Camp des Rhein-Main-Radio-Clubs","author":"Administrator","date":"September 8, 2010","format":false,"excerpt":"Einladung zum 46. DX Camp des Rhein-Main-Radio-Clubs Das mittlerweile 46. RMRC - DX - Camp findet traditionell im Naturfreundehaus auf dem Wingertskippel in 63505 Langenselbold bei Hanau vom 27.September bis zum 3.Oktober 2010 statt. Die ersten Camp-Tage sind wie immer vorwiegend zum H\u00f6ren. Hier gibt es Grasnarben DX mit unterschiedlichen\u2026","rel":"","context":"In &quot;camps&quot;","block_context":{"text":"camps","link":"https:\/\/www.achimbrueckner.de\/dxradio\/php\/wordpress\/?cat=5"},"img":{"alt_text":"","src":"","width":0,"height":0},"classes":[]},{"id":1800,"url":"https:\/\/www.achimbrueckner.de\/dxradio\/php\/wordpress\/?p=1800","url_meta":{"origin":306,"position":3},"title":"RMRC Herbst DX-Camp in Langenselbold 3.-9.10.2011","author":"Administrator","date":"September 19, 2011","format":false,"excerpt":"Der Rhein-Main-Radio-Club l\u00e4d ein zum **Herbst DX-Camp in Langenselbold 3.-9.10.2011** Die ersten Tage und N\u00e4chte Mo-Mi. wie immer zum intensiveren H\u00f6ren bei Kaffee, Bier oder Rotwein. Wir werden auf dem DX-Camp die neueste mpf\u00e4ngerentwicklung der Fa. Reuter zum testen und ausprobieren haben und aller Voraussicht nach wird uns Fr. oder\u2026","rel":"","context":"In &quot;camps&quot;","block_context":{"text":"camps","link":"https:\/\/www.achimbrueckner.de\/dxradio\/php\/wordpress\/?cat=5"},"img":{"alt_text":"","src":"","width":0,"height":0},"classes":[]},{"id":335,"url":"https:\/\/www.achimbrueckner.de\/dxradio\/php\/wordpress\/?p=335","url_meta":{"origin":306,"position":4},"title":"RMRC Sommer DX-Camp","author":"Administrator","date":"July 13, 2007","format":false,"excerpt":"Hallo Freunde, wie bereits bekannt findet dieses Jahr ein Sommer DX-Camp in Langenselbold statt. 25.-30.7.07 Freitag Vormittag werden wir von dort aus das neue AWR Sendezentrum in Darmstadt besuchen. Am Wochenende wird die Fa Starwaves ihr neues DRM Autoteil zeigen und vorf\u00fchren. Ein neuer Tropenbanddipol von Kelemen wird erstmalig zur\u2026","rel":"","context":"In &quot;camps&quot;","block_context":{"text":"camps","link":"https:\/\/www.achimbrueckner.de\/dxradio\/php\/wordpress\/?cat=5"},"img":{"alt_text":"","src":"","width":0,"height":0},"classes":[]},{"id":2298,"url":"https:\/\/www.achimbrueckner.de\/dxradio\/php\/wordpress\/?p=2298","url_meta":{"origin":306,"position":5},"title":"50. RMRC DX-Camp Langenselbold","author":"Administrator","date":"September 15, 2012","format":false,"excerpt":"Unser 50. DX-Camp wird gro\u00df gefeiert. Es findet vom 01. bis 07. Oktober 2012 in Langenselbold statt. Vor dem DX-Camp werden wir eine KW-Sendung \u00fcber Sitkunai ausstrahlen: 1. voraussichtlich So. 23.9.2012 14.00-15.00 UTC auf 6180 kHz 2. voraussichtlich So. 21.10.2012 14.00-15.00 UTC auf 6180 kHz Das Programm steht noch nicht\u2026","rel":"","context":"In &quot;camps&quot;","block_context":{"text":"camps","link":"https:\/\/www.achimbrueckner.de\/dxradio\/php\/wordpress\/?cat=5"},"img":{"alt_text":"","src":"","width":0,"height":0},"classes":[]}],"_links":{"self":[{"href":"https:\/\/www.achimbrueckner.de\/dxradio\/php\/wordpress\/index.php?rest_route=\/wp\/v2\/posts\/306","targetHints":{"allow":["GET"]}}],"collection":[{"href":"https:\/\/www.achimbrueckner.de\/dxradio\/php\/wordpress\/index.php?rest_route=\/wp\/v2\/posts"}],"about":[{"href":"https:\/\/www.achimbrueckner.de\/dxradio\/php\/wordpress\/index.php?rest_route=\/wp\/v2\/types\/post"}],"author":[{"embeddable":true,"href":"https:\/\/www.achimbrueckner.de\/dxradio\/php\/wordpress\/index.php?rest_route=\/wp\/v2\/users\/1"}],"replies":[{"embeddable":true,"href":"https:\/\/www.achimbrueckner.de\/dxradio\/php\/wordpress\/index.php?rest_route=%2Fwp%2Fv2%2Fcomments&post=306"}],"version-history":[{"count":0,"href":"https:\/\/www.achimbrueckner.de\/dxradio\/php\/wordpress\/index.php?rest_route=\/wp\/v2\/posts\/306\/revisions"}],"wp:attachment":[{"href":"https:\/\/www.achimbrueckner.de\/dxradio\/php\/wordpress\/index.php?rest_route=%2Fwp%2Fv2%2Fmedia&parent=306"}],"wp:term":[{"taxonomy":"category","embeddable":true,"href":"https:\/\/www.achimbrueckner.de\/dxradio\/php\/wordpress\/index.php?rest_route=%2Fwp%2Fv2%2Fcategories&post=306"},{"taxonomy":"post_tag","embeddable":true,"href":"https:\/\/www.achimbrueckner.de\/dxradio\/php\/wordpress\/index.php?rest_route=%2Fwp%2Fv2%2Ftags&post=306"}],"curies":[{"name":"wp","href":"https:\/\/api.w.org\/{rel}","templated":true}]}}