{"id":30695,"date":"2020-11-07T15:04:13","date_gmt":"2020-11-07T15:04:13","guid":{"rendered":"https:\/\/www.achimbrueckner.de\/dxradio\/php\/wordpress\/?p=30695"},"modified":"2020-11-07T15:04:13","modified_gmt":"2020-11-07T15:04:13","slug":"bayern-hat-einen-neuen-radiosender-arabella-bayern","status":"publish","type":"post","link":"https:\/\/www.achimbrueckner.de\/dxradio\/php\/wordpress\/?p=30695","title":{"rendered":"Bayern hat einen neuen Radiosender: Arabella Bayern"},"content":{"rendered":"<p><a href=\"https:\/\/www.radioszene.de\/149319\/radio-arabella-bayern.html\" rel=\"noopener noreferrer\" target=\"_blank\">https:\/\/www.radioszene.de\/149319\/radio-arabella-bayern.html<\/a><\/p>\n","protected":false},"excerpt":{"rendered":"<p>https:\/\/www.radioszene.de\/149319\/radio-arabella-bayern.html<\/p>\n","protected":false},"author":1,"featured_media":0,"comment_status":"closed","ping_status":"open","sticky":false,"template":"","format":"standard","meta":{"_jetpack_memberships_contains_paid_content":false,"footnotes":"","jetpack_publicize_message":"","jetpack_publicize_feature_enabled":true,"jetpack_social_post_already_shared":true,"jetpack_social_options":{"image_generator_settings":{"template":"highway","default_image_id":0,"font":"","enabled":false},"version":2}},"categories":[1,16],"tags":[41],"class_list":["post-30695","post","type-post","status-publish","format-standard","hentry","category-deutsch","category-radioszene","tag-radioszene"],"jetpack_publicize_connections":[],"jetpack_featured_media_url":"","jetpack_sharing_enabled":true,"jetpack_shortlink":"https:\/\/wp.me\/p5CDmr-7Z5","jetpack-related-posts":[{"id":32805,"url":"https:\/\/www.achimbrueckner.de\/dxradio\/php\/wordpress\/?p=32805","url_meta":{"origin":30695,"position":0},"title":"Wien hat einen neuen Schlager- und Oldiesender: arabella GOLD","author":"Administrator","date":"June 1, 2021","format":false,"excerpt":"https:\/\/www.radioszene.de\/154790\/arabella-gold.html","rel":"","context":"In &quot;Deutsch&quot;","block_context":{"text":"Deutsch","link":"https:\/\/www.achimbrueckner.de\/dxradio\/php\/wordpress\/?cat=1"},"img":{"alt_text":"","src":"","width":0,"height":0},"classes":[]},{"id":17114,"url":"https:\/\/www.achimbrueckner.de\/dxradio\/php\/wordpress\/?p=17114","url_meta":{"origin":30695,"position":1},"title":"Radio Arabella ist erfolgreichster Lokalsender in Bayern","author":"Administrator","date":"March 28, 2018","format":false,"excerpt":"http:\/\/www.radioszene.de\/120364\/arabella-muenchen-ma-2018-1.html","rel":"","context":"In &quot;Deutsch&quot;","block_context":{"text":"Deutsch","link":"https:\/\/www.achimbrueckner.de\/dxradio\/php\/wordpress\/?cat=1"},"img":{"alt_text":"","src":"","width":0,"height":0},"classes":[]},{"id":23601,"url":"https:\/\/www.achimbrueckner.de\/dxradio\/php\/wordpress\/?p=23601","url_meta":{"origin":30695,"position":2},"title":"Erfolgreicher Schnellstart \u2013 Radio TEDDY punktet bei Funkanalyse Bayern","author":"Administrator","date":"July 3, 2019","format":false,"excerpt":"https:\/\/www.radioszene.de\/134329\/erfolgreicher-schnellstart-radio-teddy-punktet-bei-funkanalyse-bayern.html","rel":"","context":"In &quot;Deutsch&quot;","block_context":{"text":"Deutsch","link":"https:\/\/www.achimbrueckner.de\/dxradio\/php\/wordpress\/?cat=1"},"img":{"alt_text":"","src":"","width":0,"height":0},"classes":[]},{"id":31863,"url":"https:\/\/www.achimbrueckner.de\/dxradio\/php\/wordpress\/?p=31863","url_meta":{"origin":30695,"position":3},"title":"Radio Arabella startet Webradio \u201eClassic Rock\u201c","author":"Administrator","date":"February 2, 2021","format":false,"excerpt":"https:\/\/www.radioszene.de\/151918\/radio-arabella-classic-rock.html","rel":"","context":"In &quot;Deutsch&quot;","block_context":{"text":"Deutsch","link":"https:\/\/www.achimbrueckner.de\/dxradio\/php\/wordpress\/?cat=1"},"img":{"alt_text":"","src":"","width":0,"height":0},"classes":[]},{"id":30964,"url":"https:\/\/www.achimbrueckner.de\/dxradio\/php\/wordpress\/?p=30964","url_meta":{"origin":30695,"position":4},"title":"Radio Arabella erh\u00e4lt erneut Auszeichnung f\u00fcr beste Volont\u00e4rs-Ausbildung","author":"Administrator","date":"December 4, 2020","format":false,"excerpt":"https:\/\/www.radioszene.de\/150177\/radio-arabella-radiosiegel.html","rel":"","context":"In &quot;Deutsch&quot;","block_context":{"text":"Deutsch","link":"https:\/\/www.achimbrueckner.de\/dxradio\/php\/wordpress\/?cat=1"},"img":{"alt_text":"","src":"","width":0,"height":0},"classes":[]},{"id":24205,"url":"https:\/\/www.achimbrueckner.de\/dxradio\/php\/wordpress\/?p=24205","url_meta":{"origin":30695,"position":5},"title":"Radio Arabella startet mit Apple Business Chat","author":"Administrator","date":"August 12, 2019","format":false,"excerpt":"https:\/\/www.radioszene.de\/135601\/radio-arabella-apple-nachrichten-imessage-business-chat.html","rel":"","context":"In &quot;Deutsch&quot;","block_context":{"text":"Deutsch","link":"https:\/\/www.achimbrueckner.de\/dxradio\/php\/wordpress\/?cat=1"},"img":{"alt_text":"","src":"","width":0,"height":0},"classes":[]}],"_links":{"self":[{"href":"https:\/\/www.achimbrueckner.de\/dxradio\/php\/wordpress\/index.php?rest_route=\/wp\/v2\/posts\/30695","targetHints":{"allow":["GET"]}}],"collection":[{"href":"https:\/\/www.achimbrueckner.de\/dxradio\/php\/wordpress\/index.php?rest_route=\/wp\/v2\/posts"}],"about":[{"href":"https:\/\/www.achimbrueckner.de\/dxradio\/php\/wordpress\/index.php?rest_route=\/wp\/v2\/types\/post"}],"author":[{"embeddable":true,"href":"https:\/\/www.achimbrueckner.de\/dxradio\/php\/wordpress\/index.php?rest_route=\/wp\/v2\/users\/1"}],"replies":[{"embeddable":true,"href":"https:\/\/www.achimbrueckner.de\/dxradio\/php\/wordpress\/index.php?rest_route=%2Fwp%2Fv2%2Fcomments&post=30695"}],"version-history":[{"count":0,"href":"https:\/\/www.achimbrueckner.de\/dxradio\/php\/wordpress\/index.php?rest_route=\/wp\/v2\/posts\/30695\/revisions"}],"wp:attachment":[{"href":"https:\/\/www.achimbrueckner.de\/dxradio\/php\/wordpress\/index.php?rest_route=%2Fwp%2Fv2%2Fmedia&parent=30695"}],"wp:term":[{"taxonomy":"category","embeddable":true,"href":"https:\/\/www.achimbrueckner.de\/dxradio\/php\/wordpress\/index.php?rest_route=%2Fwp%2Fv2%2Fcategories&post=30695"},{"taxonomy":"post_tag","embeddable":true,"href":"https:\/\/www.achimbrueckner.de\/dxradio\/php\/wordpress\/index.php?rest_route=%2Fwp%2Fv2%2Ftags&post=30695"}],"curies":[{"name":"wp","href":"https:\/\/api.w.org\/{rel}","templated":true}]}}