{"id":30742,"date":"2020-11-07T22:10:58","date_gmt":"2020-11-07T22:10:58","guid":{"rendered":"https:\/\/www.achimbrueckner.de\/dxradio\/php\/wordpress\/?p=30742"},"modified":"2020-11-07T22:10:58","modified_gmt":"2020-11-07T22:10:58","slug":"blm-offnet-turen-zum-virtuellen-360-rundgang","status":"publish","type":"post","link":"https:\/\/www.achimbrueckner.de\/dxradio\/php\/wordpress\/?p=30742","title":{"rendered":"BLM \u00f6ffnet T\u00fcren zum virtuellen 360\u00b0-Rundgang"},"content":{"rendered":"<p><a href=\"https:\/\/www.infosat.de\/entertainment\/blm-ffnet-t-ren-zum-virtuellen-360-rundgang\" rel=\"noopener noreferrer\" target=\"_blank\">https:\/\/www.infosat.de\/entertainment\/blm-ffnet-t-ren-zum-virtuellen-360-rundgang<\/a><\/p>\n","protected":false},"excerpt":{"rendered":"<p>https:\/\/www.infosat.de\/entertainment\/blm-ffnet-t-ren-zum-virtuellen-360-rundgang<\/p>\n","protected":false},"author":1,"featured_media":0,"comment_status":"closed","ping_status":"open","sticky":false,"template":"","format":"standard","meta":{"_jetpack_memberships_contains_paid_content":false,"footnotes":"","jetpack_publicize_message":"","jetpack_publicize_feature_enabled":true,"jetpack_social_post_already_shared":true,"jetpack_social_options":{"image_generator_settings":{"template":"highway","default_image_id":0,"font":"","enabled":false},"version":2}},"categories":[1],"tags":[],"class_list":["post-30742","post","type-post","status-publish","format-standard","hentry","category-deutsch"],"jetpack_publicize_connections":[],"jetpack_featured_media_url":"","jetpack_sharing_enabled":true,"jetpack_shortlink":"https:\/\/wp.me\/p5CDmr-7ZQ","jetpack-related-posts":[{"id":6658,"url":"https:\/\/www.achimbrueckner.de\/dxradio\/php\/wordpress\/?p=6658","url_meta":{"origin":30742,"position":0},"title":"Stuttgarter Fernsehturm \u00f6ffnet wieder f\u00fcr die \u00d6ffentlichkeit","author":"Administrator","date":"November 27, 2015","format":false,"excerpt":"https:\/\/www.infosat.de\/entertainment\/stuttgarter-fernsehturm-ffnet-wieder-f-r-die-ffentlichkeit","rel":"","context":"In &quot;Deutsch&quot;","block_context":{"text":"Deutsch","link":"https:\/\/www.achimbrueckner.de\/dxradio\/php\/wordpress\/?cat=1"},"img":{"alt_text":"","src":"","width":0,"height":0},"classes":[]},{"id":25367,"url":"https:\/\/www.achimbrueckner.de\/dxradio\/php\/wordpress\/?p=25367","url_meta":{"origin":30742,"position":1},"title":"Medientage M\u00fcnchen: BLM zeichnet Sch\u00fcler- und Jugendradios aus","author":"Administrator","date":"October 17, 2019","format":false,"excerpt":"https:\/\/www.infosat.de\/entertainment\/medientage-m-nchen-blm-zeichnet-sch-ler-und-jugendradios-aus","rel":"","context":"In &quot;Deutsch&quot;","block_context":{"text":"Deutsch","link":"https:\/\/www.achimbrueckner.de\/dxradio\/php\/wordpress\/?cat=1"},"img":{"alt_text":"","src":"","width":0,"height":0},"classes":[]},{"id":14945,"url":"https:\/\/www.achimbrueckner.de\/dxradio\/php\/wordpress\/?p=14945","url_meta":{"origin":30742,"position":2},"title":"\u201eRadio statt Schule\u201c &#8211; BLM-Schulradiotag-Specials bei den Medientagen M\u00fcnchen","author":"Administrator","date":"October 11, 2017","format":false,"excerpt":"https:\/\/www.infosat.de\/entertainment\/radio-statt-schule-blm-schulradiotag-specials-bei-den-medientagen-m-nchen","rel":"","context":"In &quot;Deutsch&quot;","block_context":{"text":"Deutsch","link":"https:\/\/www.achimbrueckner.de\/dxradio\/php\/wordpress\/?cat=1"},"img":{"alt_text":"","src":"","width":0,"height":0},"classes":[]},{"id":20315,"url":"https:\/\/www.achimbrueckner.de\/dxradio\/php\/wordpress\/?p=20315","url_meta":{"origin":30742,"position":3},"title":"InfoDigital aktuell: Der WDR in virtuellen Welten","author":"Administrator","date":"December 8, 2018","format":false,"excerpt":"https:\/\/www.infosat.de\/digitale-welt\/infodigital-aktuell-der-wdr-virtuellen-welten","rel":"","context":"In &quot;Deutsch&quot;","block_context":{"text":"Deutsch","link":"https:\/\/www.achimbrueckner.de\/dxradio\/php\/wordpress\/?cat=1"},"img":{"alt_text":"","src":"","width":0,"height":0},"classes":[]},{"id":6096,"url":"https:\/\/www.achimbrueckner.de\/dxradio\/php\/wordpress\/?p=6096","url_meta":{"origin":30742,"position":4},"title":"\u201etotal digital\u201c: BLM ver\u00f6ffentlicht neuen Ratgeber f\u00fcr Mediennutzer","author":"Administrator","date":"September 30, 2015","format":false,"excerpt":"https:\/\/www.infosat.de\/digitale-welt\/total-digital-blm-ver-ffentlicht-neuen-ratgeber-f-r-mediennutzer","rel":"","context":"In &quot;Deutsch&quot;","block_context":{"text":"Deutsch","link":"https:\/\/www.achimbrueckner.de\/dxradio\/php\/wordpress\/?cat=1"},"img":{"alt_text":"","src":"","width":0,"height":0},"classes":[]},{"id":26808,"url":"https:\/\/www.achimbrueckner.de\/dxradio\/php\/wordpress\/?p=26808","url_meta":{"origin":30742,"position":5},"title":"BLM und Radio \u201echarivari\u201c starten Pilotprojekt zur Regionalisierung von DAB+ Programmen","author":"Administrator","date":"January 24, 2020","format":false,"excerpt":"https:\/\/www.infosat.de\/radio\/blm-und-radio-charivari-starten-pilotprojekt-zur-regionalisierung-von-dab-programmen","rel":"","context":"In &quot;Deutsch&quot;","block_context":{"text":"Deutsch","link":"https:\/\/www.achimbrueckner.de\/dxradio\/php\/wordpress\/?cat=1"},"img":{"alt_text":"","src":"","width":0,"height":0},"classes":[]}],"_links":{"self":[{"href":"https:\/\/www.achimbrueckner.de\/dxradio\/php\/wordpress\/index.php?rest_route=\/wp\/v2\/posts\/30742","targetHints":{"allow":["GET"]}}],"collection":[{"href":"https:\/\/www.achimbrueckner.de\/dxradio\/php\/wordpress\/index.php?rest_route=\/wp\/v2\/posts"}],"about":[{"href":"https:\/\/www.achimbrueckner.de\/dxradio\/php\/wordpress\/index.php?rest_route=\/wp\/v2\/types\/post"}],"author":[{"embeddable":true,"href":"https:\/\/www.achimbrueckner.de\/dxradio\/php\/wordpress\/index.php?rest_route=\/wp\/v2\/users\/1"}],"replies":[{"embeddable":true,"href":"https:\/\/www.achimbrueckner.de\/dxradio\/php\/wordpress\/index.php?rest_route=%2Fwp%2Fv2%2Fcomments&post=30742"}],"version-history":[{"count":0,"href":"https:\/\/www.achimbrueckner.de\/dxradio\/php\/wordpress\/index.php?rest_route=\/wp\/v2\/posts\/30742\/revisions"}],"wp:attachment":[{"href":"https:\/\/www.achimbrueckner.de\/dxradio\/php\/wordpress\/index.php?rest_route=%2Fwp%2Fv2%2Fmedia&parent=30742"}],"wp:term":[{"taxonomy":"category","embeddable":true,"href":"https:\/\/www.achimbrueckner.de\/dxradio\/php\/wordpress\/index.php?rest_route=%2Fwp%2Fv2%2Fcategories&post=30742"},{"taxonomy":"post_tag","embeddable":true,"href":"https:\/\/www.achimbrueckner.de\/dxradio\/php\/wordpress\/index.php?rest_route=%2Fwp%2Fv2%2Ftags&post=30742"}],"curies":[{"name":"wp","href":"https:\/\/api.w.org\/{rel}","templated":true}]}}