{"id":3077,"date":"2014-04-11T15:51:56","date_gmt":"2014-04-11T15:51:56","guid":{"rendered":"https:\/\/www.achimbrueckner.de\/dxradio\/php\/wordpress\/?p=3077"},"modified":"2014-04-11T15:51:56","modified_gmt":"2014-04-11T15:51:56","slug":"vom-radiohandel-zum-weltkonzern-die-geschichte-von-grundig","status":"publish","type":"post","link":"https:\/\/www.achimbrueckner.de\/dxradio\/php\/wordpress\/?p=3077","title":{"rendered":"Vom Radiohandel zum Weltkonzern \u2013 die Geschichte von Grundig"},"content":{"rendered":"<p><a href=\"http:\/\/www.elv-downloads.de\/bilder\/journal\/2012_05\/12\/grundig.pdf\" target=\"_blank\">http:\/\/www.elv-downloads.de\/bilder\/journal\/2012_05\/12\/grundig.pdf<\/a><\/p>\n","protected":false},"excerpt":{"rendered":"<p>http:\/\/www.elv-downloads.de\/bilder\/journal\/2012_05\/12\/grundig.pdf<\/p>\n","protected":false},"author":1,"featured_media":0,"comment_status":"open","ping_status":"open","sticky":false,"template":"","format":"standard","meta":{"_jetpack_memberships_contains_paid_content":false,"footnotes":"","jetpack_publicize_message":"","jetpack_publicize_feature_enabled":true,"jetpack_social_post_already_shared":false,"jetpack_social_options":{"image_generator_settings":{"template":"highway","default_image_id":0,"font":"","enabled":false},"version":2}},"categories":[1],"tags":[],"class_list":["post-3077","post","type-post","status-publish","format-standard","hentry","category-deutsch"],"jetpack_publicize_connections":[],"jetpack_featured_media_url":"","jetpack_sharing_enabled":true,"jetpack_shortlink":"https:\/\/wp.me\/p5CDmr-ND","jetpack-related-posts":[{"id":4373,"url":"https:\/\/www.achimbrueckner.de\/dxradio\/php\/wordpress\/?p=4373","url_meta":{"origin":3077,"position":0},"title":"Ausstellung: \u201eGRUNDIG \u2013 VOM HEINZELMANN ZUM WELTEMPF\u00c4NGER\u201c","author":"Administrator","date":"April 10, 2015","format":false,"excerpt":"http:\/\/www.verstaerkeramt.eu\/grundig-vom-heinzelmann-zum-weltempfaenger\/","rel":"","context":"In &quot;Deutsch&quot;","block_context":{"text":"Deutsch","link":"https:\/\/www.achimbrueckner.de\/dxradio\/php\/wordpress\/?cat=1"},"img":{"alt_text":"","src":"","width":0,"height":0},"classes":[]},{"id":35531,"url":"https:\/\/www.achimbrueckner.de\/dxradio\/php\/wordpress\/?p=35531","url_meta":{"origin":3077,"position":1},"title":"Die Geschichte des Privatradios in Deutschland &#8211; Von der Servicewelle zum Dudelfunk","author":"Administrator","date":"April 2, 2022","format":false,"excerpt":"https:\/\/www.podcast.de\/episode\/587927370\/die-geschichte-des-privatradios-in-deutschland-von-der-servicewelle-zum-dudelfunk","rel":"","context":"In &quot;Deutsch&quot;","block_context":{"text":"Deutsch","link":"https:\/\/www.achimbrueckner.de\/dxradio\/php\/wordpress\/?cat=1"},"img":{"alt_text":"","src":"","width":0,"height":0},"classes":[]},{"id":26190,"url":"https:\/\/www.achimbrueckner.de\/dxradio\/php\/wordpress\/?p=26190","url_meta":{"origin":3077,"position":2},"title":"Die Geschichte des Fernsehens: Von der Spielerei zum Welterfolg (Teil 3)","author":"Administrator","date":"December 14, 2019","format":false,"excerpt":"https:\/\/www.digitalfernsehen.de\/ratgeber\/digital-tv\/die-geschichte-des-fernsehens-von-der-spielerei-zum-welterfolg-teil-3-551054\/","rel":"","context":"In &quot;Deutsch&quot;","block_context":{"text":"Deutsch","link":"https:\/\/www.achimbrueckner.de\/dxradio\/php\/wordpress\/?cat=1"},"img":{"alt_text":"","src":"","width":0,"height":0},"classes":[]},{"id":2298,"url":"https:\/\/www.achimbrueckner.de\/dxradio\/php\/wordpress\/?p=2298","url_meta":{"origin":3077,"position":3},"title":"50. RMRC DX-Camp Langenselbold","author":"Administrator","date":"September 15, 2012","format":false,"excerpt":"Unser 50. DX-Camp wird gro\u00df gefeiert. Es findet vom 01. bis 07. Oktober 2012 in Langenselbold statt. Vor dem DX-Camp werden wir eine KW-Sendung \u00fcber Sitkunai ausstrahlen: 1. voraussichtlich So. 23.9.2012 14.00-15.00 UTC auf 6180 kHz 2. voraussichtlich So. 21.10.2012 14.00-15.00 UTC auf 6180 kHz Das Programm steht noch nicht\u2026","rel":"","context":"In &quot;camps&quot;","block_context":{"text":"camps","link":"https:\/\/www.achimbrueckner.de\/dxradio\/php\/wordpress\/?cat=5"},"img":{"alt_text":"","src":"","width":0,"height":0},"classes":[]},{"id":12643,"url":"https:\/\/www.achimbrueckner.de\/dxradio\/php\/wordpress\/?p=12643","url_meta":{"origin":3077,"position":4},"title":"Ende von DVB-T Bilder vom Berg","author":"Administrator","date":"March 28, 2017","format":false,"excerpt":"http:\/\/www.sueddeutsche.de\/medien\/ende-von-dvb-t-bilder-vom-berg-1.3438218","rel":"","context":"In &quot;Deutsch&quot;","block_context":{"text":"Deutsch","link":"https:\/\/www.achimbrueckner.de\/dxradio\/php\/wordpress\/?cat=1"},"img":{"alt_text":"","src":"","width":0,"height":0},"classes":[]},{"id":34076,"url":"https:\/\/www.achimbrueckner.de\/dxradio\/php\/wordpress\/?p=34076","url_meta":{"origin":3077,"position":5},"title":"Thomas Riegler Geschichte des Rundfunks","author":"Administrator","date":"November 25, 2021","format":false,"excerpt":"Buchtipp: Thomas Riegler hat ein 239-Seiten B\u00fcchlein zur Geschichte des Rundfunks rausgebracht, das bei Amazon erh\u00e4ltlich ist. Die Geschichte des Rundfunks beginnt 1873 mit dem Nachweis der elektromagnetischen Wellen und der Erforschung ihrer Eigenschaften. Erste erfolgreiche Funkversuche erfolgten um 1894. Nur zehn Jahre sp\u00e4ter wurden die ersten T\u00f6ne \u00fcbertragen. Womit\u2026","rel":"","context":"In &quot;Deutsch&quot;","block_context":{"text":"Deutsch","link":"https:\/\/www.achimbrueckner.de\/dxradio\/php\/wordpress\/?cat=1"},"img":{"alt_text":"","src":"","width":0,"height":0},"classes":[]}],"_links":{"self":[{"href":"https:\/\/www.achimbrueckner.de\/dxradio\/php\/wordpress\/index.php?rest_route=\/wp\/v2\/posts\/3077","targetHints":{"allow":["GET"]}}],"collection":[{"href":"https:\/\/www.achimbrueckner.de\/dxradio\/php\/wordpress\/index.php?rest_route=\/wp\/v2\/posts"}],"about":[{"href":"https:\/\/www.achimbrueckner.de\/dxradio\/php\/wordpress\/index.php?rest_route=\/wp\/v2\/types\/post"}],"author":[{"embeddable":true,"href":"https:\/\/www.achimbrueckner.de\/dxradio\/php\/wordpress\/index.php?rest_route=\/wp\/v2\/users\/1"}],"replies":[{"embeddable":true,"href":"https:\/\/www.achimbrueckner.de\/dxradio\/php\/wordpress\/index.php?rest_route=%2Fwp%2Fv2%2Fcomments&post=3077"}],"version-history":[{"count":0,"href":"https:\/\/www.achimbrueckner.de\/dxradio\/php\/wordpress\/index.php?rest_route=\/wp\/v2\/posts\/3077\/revisions"}],"wp:attachment":[{"href":"https:\/\/www.achimbrueckner.de\/dxradio\/php\/wordpress\/index.php?rest_route=%2Fwp%2Fv2%2Fmedia&parent=3077"}],"wp:term":[{"taxonomy":"category","embeddable":true,"href":"https:\/\/www.achimbrueckner.de\/dxradio\/php\/wordpress\/index.php?rest_route=%2Fwp%2Fv2%2Fcategories&post=3077"},{"taxonomy":"post_tag","embeddable":true,"href":"https:\/\/www.achimbrueckner.de\/dxradio\/php\/wordpress\/index.php?rest_route=%2Fwp%2Fv2%2Ftags&post=3077"}],"curies":[{"name":"wp","href":"https:\/\/api.w.org\/{rel}","templated":true}]}}