{"id":30968,"date":"2020-12-04T22:17:34","date_gmt":"2020-12-04T22:17:34","guid":{"rendered":"https:\/\/www.achimbrueckner.de\/dxradio\/php\/wordpress\/?p=30968"},"modified":"2020-12-04T22:17:34","modified_gmt":"2020-12-04T22:17:34","slug":"musik-techno-ikone-mijk-van-dijk-aus-furstenberg-macht-jetzt-internet-radio","status":"publish","type":"post","link":"https:\/\/www.achimbrueckner.de\/dxradio\/php\/wordpress\/?p=30968","title":{"rendered":"Musik Techno-Ikone Mijk van Dijk aus F\u00fcrstenberg macht jetzt Internet-Radio"},"content":{"rendered":"<p><a href=\"https:\/\/www.moz.de\/lokales\/gransee\/musik-techno-ikone-mijk-van-dijk-aus-fuerstenberg-macht-jetzt-internet-radio-53468500.html\" rel=\"noopener noreferrer\" target=\"_blank\">https:\/\/www.moz.de\/lokales\/gransee\/musik-techno-ikone-mijk-van-dijk-aus-fuerstenberg-macht-jetzt-internet-radio-53468500.html<\/a><\/p>\n","protected":false},"excerpt":{"rendered":"<p>https:\/\/www.moz.de\/lokales\/gransee\/musik-techno-ikone-mijk-van-dijk-aus-fuerstenberg-macht-jetzt-internet-radio-53468500.html<\/p>\n","protected":false},"author":1,"featured_media":0,"comment_status":"closed","ping_status":"open","sticky":false,"template":"","format":"standard","meta":{"_jetpack_memberships_contains_paid_content":false,"footnotes":"","jetpack_publicize_message":"","jetpack_publicize_feature_enabled":true,"jetpack_social_post_already_shared":true,"jetpack_social_options":{"image_generator_settings":{"template":"highway","default_image_id":0,"font":"","enabled":false},"version":2}},"categories":[1],"tags":[],"class_list":["post-30968","post","type-post","status-publish","format-standard","hentry","category-deutsch"],"jetpack_publicize_connections":[],"jetpack_featured_media_url":"","jetpack_sharing_enabled":true,"jetpack_shortlink":"https:\/\/wp.me\/p5CDmr-83u","jetpack-related-posts":[{"id":1975,"url":"https:\/\/www.achimbrueckner.de\/dxradio\/php\/wordpress\/?p=1975","url_meta":{"origin":30968,"position":0},"title":"Medienpreis f\u00fcr Radio-Ikone Lex Harding","author":"Administrator","date":"November 25, 2011","format":false,"excerpt":"Medienpreis f\u00fcr Radio-Ikone Lex Harding http:\/\/www.radioszene.de\/32035\/medienpreis-fuer-radio-ikone-lex-harding.html","rel":"","context":"In &quot;Deutsch&quot;","block_context":{"text":"Deutsch","link":"https:\/\/www.achimbrueckner.de\/dxradio\/php\/wordpress\/?cat=1"},"img":{"alt_text":"","src":"","width":0,"height":0},"classes":[]},{"id":34738,"url":"https:\/\/www.achimbrueckner.de\/dxradio\/php\/wordpress\/?p=34738","url_meta":{"origin":30968,"position":1},"title":"Radio S\u00fcdtirol wieder \u00fcber Stream h\u00f6rbar","author":"Administrator","date":"February 28, 2022","format":false,"excerpt":"Radio S\u00fcdtirol wieder \u00fcber Stream h\u00f6rbar Nach langer Pause kann Radio S\u00fcdtirol auch wieder \u00fcbers Internet empfangen werden. Sowohl \u00fcber die Webseite, als auch \u00fcber Direktstream. Siegfried Torggler meldet sich zu den Nachrichten aus dem Studio in M\u00fcnchen. Die Musik ist wohl einmalig: nacheinander laufen Schlager, Techno, Volksmusik, Oldies.... https:\/\/radiosuedtirol.eu?option=com_frontpage&Itemid=1\u2026","rel":"","context":"In &quot;Deutsch&quot;","block_context":{"text":"Deutsch","link":"https:\/\/www.achimbrueckner.de\/dxradio\/php\/wordpress\/?cat=1"},"img":{"alt_text":"","src":"","width":0,"height":0},"classes":[]},{"id":28077,"url":"https:\/\/www.achimbrueckner.de\/dxradio\/php\/wordpress\/?p=28077","url_meta":{"origin":30968,"position":2},"title":"Radio Ober\u00f6sterreich jetzt mit noch mehr Musik aus dem Alpenland","author":"Administrator","date":"April 9, 2020","format":false,"excerpt":"https:\/\/www.infosat.de\/radio\/radio-ober-sterreich-jetzt-mit-noch-mehr-musik-aus-dem-alpenland","rel":"","context":"In &quot;Deutsch&quot;","block_context":{"text":"Deutsch","link":"https:\/\/www.achimbrueckner.de\/dxradio\/php\/wordpress\/?cat=1"},"img":{"alt_text":"","src":"","width":0,"height":0},"classes":[]},{"id":33160,"url":"https:\/\/www.achimbrueckner.de\/dxradio\/php\/wordpress\/?p=33160","url_meta":{"origin":30968,"position":3},"title":"Mit 100 gestorben: MDR erinnert an DDR-TV-Ikone Herbert K\u00f6fer","author":"Administrator","date":"July 26, 2021","format":false,"excerpt":"https:\/\/www.dwdl.de\/nachrichten\/83794\/mit_100_gestorben_mdr_erinnert_an_ddrtvikone_herbert_koefer\/","rel":"","context":"In &quot;Deutsch&quot;","block_context":{"text":"Deutsch","link":"https:\/\/www.achimbrueckner.de\/dxradio\/php\/wordpress\/?cat=1"},"img":{"alt_text":"","src":"","width":0,"height":0},"classes":[]},{"id":40903,"url":"https:\/\/www.achimbrueckner.de\/dxradio\/php\/wordpress\/?p=40903","url_meta":{"origin":30968,"position":4},"title":"Radio One Retro: Musik und Mitschnitte aus \u201ealten Zeiten\u201c von BBC Radio One","author":"Administrator","date":"February 6, 2024","format":false,"excerpt":"https:\/\/www.radioblog.eu\/2024\/02\/06\/radio-one-retro-musik-und-mitschnitte-aus-alten-zeiten-von-bbc-radio-one\/","rel":"","context":"In &quot;Deutsch&quot;","block_context":{"text":"Deutsch","link":"https:\/\/www.achimbrueckner.de\/dxradio\/php\/wordpress\/?cat=1"},"img":{"alt_text":"","src":"","width":0,"height":0},"classes":[]},{"id":19224,"url":"https:\/\/www.achimbrueckner.de\/dxradio\/php\/wordpress\/?p=19224","url_meta":{"origin":30968,"position":5},"title":"Musik kommt besonders h\u00e4ufig aus dem Radio","author":"Administrator","date":"September 19, 2018","format":false,"excerpt":"https:\/\/www.berchtesgadener-anzeiger.de\/startseite_artikel,-musik-kommt-besonders-haeufig-aus-dem-radio-_arid,438198.html","rel":"","context":"In &quot;Deutsch&quot;","block_context":{"text":"Deutsch","link":"https:\/\/www.achimbrueckner.de\/dxradio\/php\/wordpress\/?cat=1"},"img":{"alt_text":"","src":"","width":0,"height":0},"classes":[]}],"_links":{"self":[{"href":"https:\/\/www.achimbrueckner.de\/dxradio\/php\/wordpress\/index.php?rest_route=\/wp\/v2\/posts\/30968","targetHints":{"allow":["GET"]}}],"collection":[{"href":"https:\/\/www.achimbrueckner.de\/dxradio\/php\/wordpress\/index.php?rest_route=\/wp\/v2\/posts"}],"about":[{"href":"https:\/\/www.achimbrueckner.de\/dxradio\/php\/wordpress\/index.php?rest_route=\/wp\/v2\/types\/post"}],"author":[{"embeddable":true,"href":"https:\/\/www.achimbrueckner.de\/dxradio\/php\/wordpress\/index.php?rest_route=\/wp\/v2\/users\/1"}],"replies":[{"embeddable":true,"href":"https:\/\/www.achimbrueckner.de\/dxradio\/php\/wordpress\/index.php?rest_route=%2Fwp%2Fv2%2Fcomments&post=30968"}],"version-history":[{"count":0,"href":"https:\/\/www.achimbrueckner.de\/dxradio\/php\/wordpress\/index.php?rest_route=\/wp\/v2\/posts\/30968\/revisions"}],"wp:attachment":[{"href":"https:\/\/www.achimbrueckner.de\/dxradio\/php\/wordpress\/index.php?rest_route=%2Fwp%2Fv2%2Fmedia&parent=30968"}],"wp:term":[{"taxonomy":"category","embeddable":true,"href":"https:\/\/www.achimbrueckner.de\/dxradio\/php\/wordpress\/index.php?rest_route=%2Fwp%2Fv2%2Fcategories&post=30968"},{"taxonomy":"post_tag","embeddable":true,"href":"https:\/\/www.achimbrueckner.de\/dxradio\/php\/wordpress\/index.php?rest_route=%2Fwp%2Fv2%2Ftags&post=30968"}],"curies":[{"name":"wp","href":"https:\/\/api.w.org\/{rel}","templated":true}]}}