{"id":30971,"date":"2020-12-05T15:16:38","date_gmt":"2020-12-05T15:16:38","guid":{"rendered":"https:\/\/www.achimbrueckner.de\/dxradio\/php\/wordpress\/?p=30971"},"modified":"2020-12-05T15:16:38","modified_gmt":"2020-12-05T15:16:38","slug":"von-akne-kid-joe-bis-zenker-brothers-von-diesen-bands-stammen-bayerns-beste-songs-2020","status":"publish","type":"post","link":"https:\/\/www.achimbrueckner.de\/dxradio\/php\/wordpress\/?p=30971","title":{"rendered":"Von Akne Kid Joe bis Zenker Brothers &#8211; Von diesen Bands stammen Bayerns beste Songs 2020"},"content":{"rendered":"<p><a href=\"https:\/\/www.br.de\/radio\/bayern2\/sendungen\/zuendfunk\/bayerns-beste-songs-2020-tipps-der-redaktion-100.html\" rel=\"noopener noreferrer\" target=\"_blank\">https:\/\/www.br.de\/radio\/bayern2\/sendungen\/zuendfunk\/bayerns-beste-songs-2020-tipps-der-redaktion-100.html<\/a><\/p>\n","protected":false},"excerpt":{"rendered":"<p>https:\/\/www.br.de\/radio\/bayern2\/sendungen\/zuendfunk\/bayerns-beste-songs-2020-tipps-der-redaktion-100.html<\/p>\n","protected":false},"author":1,"featured_media":0,"comment_status":"closed","ping_status":"open","sticky":false,"template":"","format":"standard","meta":{"_jetpack_memberships_contains_paid_content":false,"footnotes":"","jetpack_publicize_message":"","jetpack_publicize_feature_enabled":true,"jetpack_social_post_already_shared":true,"jetpack_social_options":{"image_generator_settings":{"template":"highway","default_image_id":0,"font":"","enabled":false},"version":2}},"categories":[1],"tags":[24],"class_list":["post-30971","post","type-post","status-publish","format-standard","hentry","category-deutsch","tag-am"],"jetpack_publicize_connections":[],"jetpack_featured_media_url":"","jetpack_sharing_enabled":true,"jetpack_shortlink":"https:\/\/wp.me\/p5CDmr-83x","jetpack-related-posts":[{"id":43145,"url":"https:\/\/www.achimbrueckner.de\/dxradio\/php\/wordpress\/?p=43145","url_meta":{"origin":30971,"position":0},"title":"BLM Medienpreis: Bayerns beste Radiomoderatorin kommt aus M\u00fcnchen","author":"Administrator","date":"June 27, 2025","format":false,"excerpt":"https:\/\/www.radioszene.de\/203803\/medienpreis-larissa-lannert-charivari.html","rel":"","context":"In &quot;Deutsch&quot;","block_context":{"text":"Deutsch","link":"https:\/\/www.achimbrueckner.de\/dxradio\/php\/wordpress\/?cat=1"},"img":{"alt_text":"","src":"","width":0,"height":0},"classes":[]},{"id":45027,"url":"https:\/\/www.achimbrueckner.de\/dxradio\/php\/wordpress\/?p=45027","url_meta":{"origin":30971,"position":1},"title":"Abschied von einem Vision\u00e4r: Bayerns Privatradiopionier Peter Pelunka verstorben","author":"Administrator","date":"February 12, 2026","format":false,"excerpt":"https:\/\/www.radiowoche.de\/abschied-von-einem-visionaer-bayerns-privatradiopionier-peter-pelunka-verstorben\/","rel":"","context":"In &quot;Deutsch&quot;","block_context":{"text":"Deutsch","link":"https:\/\/www.achimbrueckner.de\/dxradio\/php\/wordpress\/?cat=1"},"img":{"alt_text":"","src":"","width":0,"height":0},"classes":[]},{"id":21398,"url":"https:\/\/www.achimbrueckner.de\/dxradio\/php\/wordpress\/?p=21398","url_meta":{"origin":30971,"position":2},"title":"Senden f\u00fcr Bayerns Gro\u00dfst\u00e4dte","author":"Administrator","date":"February 8, 2019","format":false,"excerpt":"https:\/\/www.deutschlandfunk.de\/uebernahme-von-ego-fm-senden-fuer-bayerns-grossstaedte.2907.de.html?dram:article_id=440467","rel":"","context":"In &quot;Deutsch&quot;","block_context":{"text":"Deutsch","link":"https:\/\/www.achimbrueckner.de\/dxradio\/php\/wordpress\/?cat=1"},"img":{"alt_text":"","src":"","width":0,"height":0},"classes":[]},{"id":21926,"url":"https:\/\/www.achimbrueckner.de\/dxradio\/php\/wordpress\/?p=21926","url_meta":{"origin":30971,"position":3},"title":"Der Sendestart von Arabella Kult &#8211; Bayerns Musiksender","author":"Administrator","date":"March 1, 2019","format":false,"excerpt":"https:\/\/www.youtube.com\/watch?v=kRd2sI-x-5k","rel":"","context":"In &quot;Deutsch&quot;","block_context":{"text":"Deutsch","link":"https:\/\/www.achimbrueckner.de\/dxradio\/php\/wordpress\/?cat=1"},"img":{"alt_text":"","src":"","width":0,"height":0},"classes":[]},{"id":37950,"url":"https:\/\/www.achimbrueckner.de\/dxradio\/php\/wordpress\/?p=37950","url_meta":{"origin":30971,"position":4},"title":"Sender Wendelstein Bayerns h\u00f6chste Sendestation","author":"Administrator","date":"November 17, 2022","format":false,"excerpt":"https:\/\/www.br.de\/mediathek\/video\/sender-wendelstein-bayerns-hoechste-sendestation-av:6374f9b245a5d500085b5faf","rel":"","context":"In &quot;Deutsch&quot;","block_context":{"text":"Deutsch","link":"https:\/\/www.achimbrueckner.de\/dxradio\/php\/wordpress\/?cat=1"},"img":{"alt_text":"","src":"","width":0,"height":0},"classes":[]},{"id":21906,"url":"https:\/\/www.achimbrueckner.de\/dxradio\/php\/wordpress\/?p=21906","url_meta":{"origin":30971,"position":5},"title":"Bayerns Ministerpr\u00e4sident S\u00f6der will Rundfunkbeitrag an die Inflation koppeln.","author":"Administrator","date":"March 1, 2019","format":false,"excerpt":"http:\/\/www.turi2.de\/aktuell\/bayerns-ministerpraesident-soeder-will-rundfunkbeitrag-an-die-inflation-koppeln\/","rel":"","context":"In &quot;Deutsch&quot;","block_context":{"text":"Deutsch","link":"https:\/\/www.achimbrueckner.de\/dxradio\/php\/wordpress\/?cat=1"},"img":{"alt_text":"","src":"","width":0,"height":0},"classes":[]}],"_links":{"self":[{"href":"https:\/\/www.achimbrueckner.de\/dxradio\/php\/wordpress\/index.php?rest_route=\/wp\/v2\/posts\/30971","targetHints":{"allow":["GET"]}}],"collection":[{"href":"https:\/\/www.achimbrueckner.de\/dxradio\/php\/wordpress\/index.php?rest_route=\/wp\/v2\/posts"}],"about":[{"href":"https:\/\/www.achimbrueckner.de\/dxradio\/php\/wordpress\/index.php?rest_route=\/wp\/v2\/types\/post"}],"author":[{"embeddable":true,"href":"https:\/\/www.achimbrueckner.de\/dxradio\/php\/wordpress\/index.php?rest_route=\/wp\/v2\/users\/1"}],"replies":[{"embeddable":true,"href":"https:\/\/www.achimbrueckner.de\/dxradio\/php\/wordpress\/index.php?rest_route=%2Fwp%2Fv2%2Fcomments&post=30971"}],"version-history":[{"count":0,"href":"https:\/\/www.achimbrueckner.de\/dxradio\/php\/wordpress\/index.php?rest_route=\/wp\/v2\/posts\/30971\/revisions"}],"wp:attachment":[{"href":"https:\/\/www.achimbrueckner.de\/dxradio\/php\/wordpress\/index.php?rest_route=%2Fwp%2Fv2%2Fmedia&parent=30971"}],"wp:term":[{"taxonomy":"category","embeddable":true,"href":"https:\/\/www.achimbrueckner.de\/dxradio\/php\/wordpress\/index.php?rest_route=%2Fwp%2Fv2%2Fcategories&post=30971"},{"taxonomy":"post_tag","embeddable":true,"href":"https:\/\/www.achimbrueckner.de\/dxradio\/php\/wordpress\/index.php?rest_route=%2Fwp%2Fv2%2Ftags&post=30971"}],"curies":[{"name":"wp","href":"https:\/\/api.w.org\/{rel}","templated":true}]}}