{"id":30972,"date":"2020-12-05T15:17:35","date_gmt":"2020-12-05T15:17:35","guid":{"rendered":"https:\/\/www.achimbrueckner.de\/dxradio\/php\/wordpress\/?p=30972"},"modified":"2020-12-05T15:17:35","modified_gmt":"2020-12-05T15:17:35","slug":"radio-wartezimmer-fur-patienten-in-wenden-2","status":"publish","type":"post","link":"https:\/\/www.achimbrueckner.de\/dxradio\/php\/wordpress\/?p=30972","title":{"rendered":"&#8220;Radio Wartezimmer&#8221; f\u00fcr Patienten in Wenden"},"content":{"rendered":"<p><a href=\"https:\/\/www1.wdr.de\/nachrichten\/westfalen-lippe\/radio-wartezimmer-spieren-wenden-interview-100.html\" rel=\"noopener noreferrer\" target=\"_blank\">https:\/\/www1.wdr.de\/nachrichten\/westfalen-lippe\/radio-wartezimmer-spieren-wenden-interview-100.html<\/a><\/p>\n","protected":false},"excerpt":{"rendered":"<p>https:\/\/www1.wdr.de\/nachrichten\/westfalen-lippe\/radio-wartezimmer-spieren-wenden-interview-100.html<\/p>\n","protected":false},"author":1,"featured_media":0,"comment_status":"closed","ping_status":"open","sticky":false,"template":"","format":"standard","meta":{"_jetpack_memberships_contains_paid_content":false,"footnotes":"","jetpack_publicize_message":"","jetpack_publicize_feature_enabled":true,"jetpack_social_post_already_shared":true,"jetpack_social_options":{"image_generator_settings":{"template":"highway","default_image_id":0,"font":"","enabled":false},"version":2}},"categories":[1],"tags":[],"class_list":["post-30972","post","type-post","status-publish","format-standard","hentry","category-deutsch"],"jetpack_publicize_connections":[],"jetpack_featured_media_url":"","jetpack_sharing_enabled":true,"jetpack_shortlink":"https:\/\/wp.me\/p5CDmr-83y","jetpack-related-posts":[{"id":30571,"url":"https:\/\/www.achimbrueckner.de\/dxradio\/php\/wordpress\/?p=30571","url_meta":{"origin":30972,"position":0},"title":"&#8220;Radio Wartezimmer&#8221; f\u00fcr Patienten in Wenden","author":"Administrator","date":"October 24, 2020","format":false,"excerpt":"https:\/\/www1.wdr.de\/nachrichten\/westfalen-lippe\/radio-wartezimmer-spieren-wenden-interview-100.html","rel":"","context":"In &quot;Deutsch&quot;","block_context":{"text":"Deutsch","link":"https:\/\/www.achimbrueckner.de\/dxradio\/php\/wordpress\/?cat=1"},"img":{"alt_text":"","src":"","width":0,"height":0},"classes":[]},{"id":30965,"url":"https:\/\/www.achimbrueckner.de\/dxradio\/php\/wordpress\/?p=30965","url_meta":{"origin":30972,"position":1},"title":"Terminaufruf per Radio: Minisender gegen volle Wartezimmer","author":"Administrator","date":"December 4, 2020","format":false,"excerpt":"https:\/\/www.bbv-net.de\/Welt\/NRW\/Terminaufruf-per-Radio-Minisender-gegen-volle-Wartezimmer-274459.html","rel":"","context":"In &quot;Deutsch&quot;","block_context":{"text":"Deutsch","link":"https:\/\/www.achimbrueckner.de\/dxradio\/php\/wordpress\/?cat=1"},"img":{"alt_text":"","src":"","width":0,"height":0},"classes":[]},{"id":31136,"url":"https:\/\/www.achimbrueckner.de\/dxradio\/php\/wordpress\/?p=31136","url_meta":{"origin":30972,"position":2},"title":"\u201eRadio Wartezimmer\u201c erleichtert Praxisalltag","author":"Administrator","date":"December 14, 2020","format":false,"excerpt":"https:\/\/www.radioszene.de\/150512\/radio-wartezimmer.html","rel":"","context":"In &quot;Deutsch&quot;","block_context":{"text":"Deutsch","link":"https:\/\/www.achimbrueckner.de\/dxradio\/php\/wordpress\/?cat=1"},"img":{"alt_text":"","src":"","width":0,"height":0},"classes":[]},{"id":488,"url":"https:\/\/www.achimbrueckner.de\/dxradio\/php\/wordpress\/?p=488","url_meta":{"origin":30972,"position":3},"title":"CRI H\u00f6rerklub","author":"Administrator","date":"August 8, 2009","format":false,"excerpt":"Die Gr\u00fcndung eines deutschprachigen H\u00f6rerklubs von China Radio International steht bevor. Interessenten wenden sich an Helmut Matt Telefon: 0049 7643 347345 E-mail: helmut(at)helmutmatt.de Info via RHCI-Online","rel":"","context":"In &quot;camps&quot;","block_context":{"text":"camps","link":"https:\/\/www.achimbrueckner.de\/dxradio\/php\/wordpress\/?cat=5"},"img":{"alt_text":"","src":"","width":0,"height":0},"classes":[]},{"id":40364,"url":"https:\/\/www.achimbrueckner.de\/dxradio\/php\/wordpress\/?p=40364","url_meta":{"origin":30972,"position":4},"title":"Debatte um UKW-Abschaltung in Bayern: \u00dcber 60 Privatradios wenden sich mit Brandbrief an Politik","author":"Administrator","date":"October 19, 2023","format":false,"excerpt":"https:\/\/www.radioszene.de\/180639\/ukw-abschaltung-in-bayern.html","rel":"","context":"In &quot;Deutsch&quot;","block_context":{"text":"Deutsch","link":"https:\/\/www.achimbrueckner.de\/dxradio\/php\/wordpress\/?cat=1"},"img":{"alt_text":"","src":"","width":0,"height":0},"classes":[]},{"id":2677,"url":"https:\/\/www.achimbrueckner.de\/dxradio\/php\/wordpress\/?p=2677","url_meta":{"origin":30972,"position":5},"title":"RMRC startet mit Sendungen \u00fcber WRMI aus Miami USA","author":"Administrator","date":"October 3, 2013","format":false,"excerpt":"Hallo Hobbyfreunde, der Rhein-Main-Radio-Club (RMRC) startet nun mit seinen im Vorfeld schon angek\u00fcndigten KW-Sendungen \u00fcber WRMI aus dem US-Sonnenstaat Florida. Beginn ist Samstag, der 5.Oktober 2013 um 23:15 - 23:45 UTC auf 9955kHz. In bestimmten Abst\u00e4nden, werden immer wieder die 30 Minuten langen Sendungen gef\u00fcllt sein mit Beitr\u00e4gen aus dem\u2026","rel":"","context":"In &quot;Deutsch&quot;","block_context":{"text":"Deutsch","link":"https:\/\/www.achimbrueckner.de\/dxradio\/php\/wordpress\/?cat=1"},"img":{"alt_text":"","src":"","width":0,"height":0},"classes":[]}],"_links":{"self":[{"href":"https:\/\/www.achimbrueckner.de\/dxradio\/php\/wordpress\/index.php?rest_route=\/wp\/v2\/posts\/30972","targetHints":{"allow":["GET"]}}],"collection":[{"href":"https:\/\/www.achimbrueckner.de\/dxradio\/php\/wordpress\/index.php?rest_route=\/wp\/v2\/posts"}],"about":[{"href":"https:\/\/www.achimbrueckner.de\/dxradio\/php\/wordpress\/index.php?rest_route=\/wp\/v2\/types\/post"}],"author":[{"embeddable":true,"href":"https:\/\/www.achimbrueckner.de\/dxradio\/php\/wordpress\/index.php?rest_route=\/wp\/v2\/users\/1"}],"replies":[{"embeddable":true,"href":"https:\/\/www.achimbrueckner.de\/dxradio\/php\/wordpress\/index.php?rest_route=%2Fwp%2Fv2%2Fcomments&post=30972"}],"version-history":[{"count":0,"href":"https:\/\/www.achimbrueckner.de\/dxradio\/php\/wordpress\/index.php?rest_route=\/wp\/v2\/posts\/30972\/revisions"}],"wp:attachment":[{"href":"https:\/\/www.achimbrueckner.de\/dxradio\/php\/wordpress\/index.php?rest_route=%2Fwp%2Fv2%2Fmedia&parent=30972"}],"wp:term":[{"taxonomy":"category","embeddable":true,"href":"https:\/\/www.achimbrueckner.de\/dxradio\/php\/wordpress\/index.php?rest_route=%2Fwp%2Fv2%2Fcategories&post=30972"},{"taxonomy":"post_tag","embeddable":true,"href":"https:\/\/www.achimbrueckner.de\/dxradio\/php\/wordpress\/index.php?rest_route=%2Fwp%2Fv2%2Ftags&post=30972"}],"curies":[{"name":"wp","href":"https:\/\/api.w.org\/{rel}","templated":true}]}}