{"id":30982,"date":"2020-12-05T16:24:17","date_gmt":"2020-12-05T16:24:17","guid":{"rendered":"https:\/\/www.achimbrueckner.de\/dxradio\/php\/wordpress\/?p=30982"},"modified":"2020-12-05T16:24:17","modified_gmt":"2020-12-05T16:24:17","slug":"on-air-100-jahre-radio","status":"publish","type":"post","link":"https:\/\/www.achimbrueckner.de\/dxradio\/php\/wordpress\/?p=30982","title":{"rendered":"ON AIR. 100 Jahre Radio"},"content":{"rendered":"<p><a href=\"https:\/\/www.lifepr.de\/inaktiv\/museum-fuer-kommunikation-berlin\/ON-AIR-100-Jahre-Radio\/boxid\/826729\" rel=\"noopener noreferrer\" target=\"_blank\">https:\/\/www.lifepr.de\/inaktiv\/museum-fuer-kommunikation-berlin\/ON-AIR-100-Jahre-Radio\/boxid\/826729<\/a><\/p>\n","protected":false},"excerpt":{"rendered":"<p>https:\/\/www.lifepr.de\/inaktiv\/museum-fuer-kommunikation-berlin\/ON-AIR-100-Jahre-Radio\/boxid\/826729<\/p>\n","protected":false},"author":1,"featured_media":0,"comment_status":"closed","ping_status":"open","sticky":false,"template":"","format":"standard","meta":{"_jetpack_memberships_contains_paid_content":false,"footnotes":"","jetpack_publicize_message":"","jetpack_publicize_feature_enabled":true,"jetpack_social_post_already_shared":true,"jetpack_social_options":{"image_generator_settings":{"template":"highway","default_image_id":0,"font":"","enabled":false},"version":2}},"categories":[1],"tags":[],"class_list":["post-30982","post","type-post","status-publish","format-standard","hentry","category-deutsch"],"jetpack_publicize_connections":[],"jetpack_featured_media_url":"","jetpack_sharing_enabled":true,"jetpack_shortlink":"https:\/\/wp.me\/p5CDmr-83I","jetpack-related-posts":[{"id":30558,"url":"https:\/\/www.achimbrueckner.de\/dxradio\/php\/wordpress\/?p=30558","url_meta":{"origin":30982,"position":0},"title":"Medienwelten. 75 Jahre Radio Bremen","author":"Administrator","date":"October 24, 2020","format":false,"excerpt":"https:\/\/www.lifepr.de\/inaktiv\/focke-museum-bremer-landesmuseum-fuer-kunst-und-kulturgeschichte-bremen\/Medienwelten-75-Jahre-Radio-Bremen\/boxid\/820774","rel":"","context":"In &quot;Deutsch&quot;","block_context":{"text":"Deutsch","link":"https:\/\/www.achimbrueckner.de\/dxradio\/php\/wordpress\/?cat=1"},"img":{"alt_text":"","src":"","width":0,"height":0},"classes":[]},{"id":37538,"url":"https:\/\/www.achimbrueckner.de\/dxradio\/php\/wordpress\/?p=37538","url_meta":{"origin":30982,"position":1},"title":",,ON AIR \u2014 100 Jahre Radio\u201d im Frankfurter Museum f\u00fcr Kommunikation: Von &#8220;Rundfunkverbrechern&#8221; und Br\u00fcckenbauern","author":"Administrator","date":"September 22, 2022","format":false,"excerpt":"https:\/\/www.ardaudiothek.de\/episode\/swr2-kultur-aktuell\/on-air-100-jahre-radio-im-frankfurter-museum-fuer-kommunikation-von-rundfunkverbrechern-und-brueckenbauern\/swr\/95209764\/","rel":"","context":"In &quot;Deutsch&quot;","block_context":{"text":"Deutsch","link":"https:\/\/www.achimbrueckner.de\/dxradio\/php\/wordpress\/?cat=1"},"img":{"alt_text":"","src":"","width":0,"height":0},"classes":[]},{"id":30267,"url":"https:\/\/www.achimbrueckner.de\/dxradio\/php\/wordpress\/?p=30267","url_meta":{"origin":30982,"position":2},"title":"ON AIR. 100 Jahre Radio &#8211; Ausstellungser\u00f6ffnung am 1.Oktober 2020","author":"Administrator","date":"September 30, 2020","format":false,"excerpt":"Liebe Funkfreunde! Es gibt via Moosbrunn auf Kurzwelle am 1.Oktober (also morgen) eine Sondersendung mit dem Titel \"ON AIR. 100 Jahre Radio\" mit einer Livestream \u00dcbertragung 1.10.2020 17.00 - 18.00 UTC 5980 kHz 100 kW mit LPH nach Westeuropa Das Museum f\u00fcr Kommunikation Berlin er\u00f6ffnet am 1.Oktober 2020 eine Sonderausstellung\u2026","rel":"","context":"In &quot;audio&quot;","block_context":{"text":"audio","link":"https:\/\/www.achimbrueckner.de\/dxradio\/php\/wordpress\/?cat=47"},"img":{"alt_text":"","src":"","width":0,"height":0},"classes":[]},{"id":28921,"url":"https:\/\/www.achimbrueckner.de\/dxradio\/php\/wordpress\/?p=28921","url_meta":{"origin":30982,"position":3},"title":"ON AIR. 100 Jahre Radio Ausstellung  vom 25. September 2020 bis 29. August 2021 im Museum f\u00fcr Kommunikation Berlin","author":"Administrator","date":"June 1, 2020","format":false,"excerpt":"https:\/\/radio.museumsstiftung.de\/","rel":"","context":"In &quot;Deutsch&quot;","block_context":{"text":"Deutsch","link":"https:\/\/www.achimbrueckner.de\/dxradio\/php\/wordpress\/?cat=1"},"img":{"alt_text":"","src":"","width":0,"height":0},"classes":[]},{"id":37218,"url":"https:\/\/www.achimbrueckner.de\/dxradio\/php\/wordpress\/?p=37218","url_meta":{"origin":30982,"position":4},"title":"100 Jahre Radio: Besuch der Ausstellung im Frankfurter Museum f\u00fcr Kommunikation","author":"Administrator","date":"August 7, 2022","format":false,"excerpt":"https:\/\/www.radioblog.eu\/2022\/08\/06\/100-jahre-radio-besuch-der-ausstellung-im-frankfurter-museum-fuer-kommunikation\/","rel":"","context":"In &quot;Deutsch&quot;","block_context":{"text":"Deutsch","link":"https:\/\/www.achimbrueckner.de\/dxradio\/php\/wordpress\/?cat=1"},"img":{"alt_text":"","src":"","width":0,"height":0},"classes":[]},{"id":34077,"url":"https:\/\/www.achimbrueckner.de\/dxradio\/php\/wordpress\/?p=34077","url_meta":{"origin":30982,"position":5},"title":"Ausstellungser\u00f6ffnung On Air. 100 Jahre Radio (LIVESTREAM aus dem Museum f\u00fcr Kommunikation)","author":"Administrator","date":"November 25, 2021","format":false,"excerpt":"https:\/\/www.youtube.com\/watch?v=AuGJR2msrt8&list=PLbdwNz99LFQAk0TmJ6rIW7qzK8RCxLbPr&index=2","rel":"","context":"In &quot;Deutsch&quot;","block_context":{"text":"Deutsch","link":"https:\/\/www.achimbrueckner.de\/dxradio\/php\/wordpress\/?cat=1"},"img":{"alt_text":"","src":"","width":0,"height":0},"classes":[]}],"_links":{"self":[{"href":"https:\/\/www.achimbrueckner.de\/dxradio\/php\/wordpress\/index.php?rest_route=\/wp\/v2\/posts\/30982","targetHints":{"allow":["GET"]}}],"collection":[{"href":"https:\/\/www.achimbrueckner.de\/dxradio\/php\/wordpress\/index.php?rest_route=\/wp\/v2\/posts"}],"about":[{"href":"https:\/\/www.achimbrueckner.de\/dxradio\/php\/wordpress\/index.php?rest_route=\/wp\/v2\/types\/post"}],"author":[{"embeddable":true,"href":"https:\/\/www.achimbrueckner.de\/dxradio\/php\/wordpress\/index.php?rest_route=\/wp\/v2\/users\/1"}],"replies":[{"embeddable":true,"href":"https:\/\/www.achimbrueckner.de\/dxradio\/php\/wordpress\/index.php?rest_route=%2Fwp%2Fv2%2Fcomments&post=30982"}],"version-history":[{"count":0,"href":"https:\/\/www.achimbrueckner.de\/dxradio\/php\/wordpress\/index.php?rest_route=\/wp\/v2\/posts\/30982\/revisions"}],"wp:attachment":[{"href":"https:\/\/www.achimbrueckner.de\/dxradio\/php\/wordpress\/index.php?rest_route=%2Fwp%2Fv2%2Fmedia&parent=30982"}],"wp:term":[{"taxonomy":"category","embeddable":true,"href":"https:\/\/www.achimbrueckner.de\/dxradio\/php\/wordpress\/index.php?rest_route=%2Fwp%2Fv2%2Fcategories&post=30982"},{"taxonomy":"post_tag","embeddable":true,"href":"https:\/\/www.achimbrueckner.de\/dxradio\/php\/wordpress\/index.php?rest_route=%2Fwp%2Fv2%2Ftags&post=30982"}],"curies":[{"name":"wp","href":"https:\/\/api.w.org\/{rel}","templated":true}]}}