{"id":30984,"date":"2020-12-05T16:39:35","date_gmt":"2020-12-05T16:39:35","guid":{"rendered":"https:\/\/www.achimbrueckner.de\/dxradio\/php\/wordpress\/?p=30984"},"modified":"2020-12-05T16:39:35","modified_gmt":"2020-12-05T16:39:35","slug":"sondersendungen-the-mighty-kbc-5-25-dezember-2020","status":"publish","type":"post","link":"https:\/\/www.achimbrueckner.de\/dxradio\/php\/wordpress\/?p=30984","title":{"rendered":"Sondersendungen: The Mighty KBC 5. \/ 25. Dezember 2020"},"content":{"rendered":"<p>(Datum 5. &#038; 25.12.2020, Frequenz: 6080 kHz \/ Zeit UTC)<\/p>\n<p>21:00 &#8211; 23:00 : HaDieKlaasEnDave Dutch Sinterklaas Show with Dave Donkervoort 100kW from Yerevan Armenia<\/p>\n<p>Zum Nachlesen: <a href=\"https:\/\/www.kbcradio.eu\/index.php?dir=shows\/6095\" rel=\"noopener noreferrer\" target=\"_blank\">https:\/\/www.kbcradio.eu\/index.php?dir=shows\/6095<\/a><\/p>\n<p>Info via <a href=\"http:\/\/www.ratzer.at\" rel=\"noopener noreferrer\" target=\"_blank\">A-DX<\/a><\/p>\n","protected":false},"excerpt":{"rendered":"<p>(Datum 5. &#038; 25.12.2020, Frequenz: 6080 kHz \/ Zeit UTC) 21:00 &#8211; 23:00 : HaDieKlaasEnDave Dutch Sinterklaas Show with Dave Donkervoort 100kW from Yerevan Armenia Zum Nachlesen: https:\/\/www.kbcradio.eu\/index.php?dir=shows\/6095 Info via A-DX<\/p>\n","protected":false},"author":1,"featured_media":0,"comment_status":"closed","ping_status":"open","sticky":false,"template":"","format":"standard","meta":{"_jetpack_memberships_contains_paid_content":false,"footnotes":"","jetpack_publicize_message":"","jetpack_publicize_feature_enabled":true,"jetpack_social_post_already_shared":true,"jetpack_social_options":{"image_generator_settings":{"template":"highway","default_image_id":0,"font":"","enabled":false},"version":2}},"categories":[1,14],"tags":[40],"class_list":["post-30984","post","type-post","status-publish","format-standard","hentry","category-deutsch","category-dx","tag-dx"],"jetpack_publicize_connections":[],"jetpack_featured_media_url":"","jetpack_sharing_enabled":true,"jetpack_shortlink":"https:\/\/wp.me\/p5CDmr-83K","jetpack-related-posts":[{"id":46,"url":"https:\/\/www.achimbrueckner.de\/dxradio\/php\/wordpress\/?p=46","url_meta":{"origin":30984,"position":0},"title":"Erster Asia-DX Contest von wellenforum und A-DX","author":"Administrator","date":"September 30, 2006","format":false,"excerpt":"Die Online-Foren wellenforum.de (Deutschland) und A-DX (\u00d6sterreich) f\u00fchren in der Zeit vom 29.10.2006 (00:00 UTC) bis 19.11.2006 (23:59 UTC) den 1. Asia DX Contest durch. Teilnehmen kann jeder Radiofreund, ob Newcomer oder Oldtimer, die Mitgliedschaft in einer Hobbyvereinigung ist nat\u00fcrlich nicht notwendig. Alles weitere unter Asia-DX-Contest.","rel":"","context":"In &quot;contests&quot;","block_context":{"text":"contests","link":"https:\/\/www.achimbrueckner.de\/dxradio\/php\/wordpress\/?cat=6"},"img":{"alt_text":"","src":"","width":0,"height":0},"classes":[]},{"id":16479,"url":"https:\/\/www.achimbrueckner.de\/dxradio\/php\/wordpress\/?p=16479","url_meta":{"origin":30984,"position":1},"title":"Special program from SDXF on world radio day","author":"Administrator","date":"February 13, 2018","format":false,"excerpt":"On World Radio Day, February 13th the Swedish DX Federation, SDXF will send a special program via Channel 292 on 6070 kHz. We love to get reports, please send them to: qsl@sdxf.se The program will be transmitted three times 08:00-09:00 Central European Time 19:00-20:00 Central European Time 21:00-22:00 Central European\u2026","rel":"","context":"In &quot;dx&quot;","block_context":{"text":"dx","link":"https:\/\/www.achimbrueckner.de\/dxradio\/php\/wordpress\/?cat=14"},"img":{"alt_text":"","src":"","width":0,"height":0},"classes":[]},{"id":3898,"url":"https:\/\/www.achimbrueckner.de\/dxradio\/php\/wordpress\/?p=3898","url_meta":{"origin":30984,"position":2},"title":"90 Jahre Radio Freitag, 26. Dezember 2014, 18:00 bis 20:00 Uhr","author":"Administrator","date":"December 26, 2014","format":false,"excerpt":"http:\/\/www.ndr.de\/ndr1niedersachsen\/epg\/90-Jahre-Radio,sendung321664.html Info via A-DX","rel":"","context":"In &quot;Deutsch&quot;","block_context":{"text":"Deutsch","link":"https:\/\/www.achimbrueckner.de\/dxradio\/php\/wordpress\/?cat=1"},"img":{"alt_text":"","src":"","width":0,"height":0},"classes":[]},{"id":3911,"url":"https:\/\/www.achimbrueckner.de\/dxradio\/php\/wordpress\/?p=3911","url_meta":{"origin":30984,"position":3},"title":"Kunos Radiothek und FM Kompakt goes DX und wird International !","author":"Administrator","date":"December 30, 2014","format":false,"excerpt":"Radio HCJB wird ab 03.01.15 jeweils an den ersten drei Samstagen eines Monats innerhalb der Sendung \"F\u00fcr DXer\" einen Beitrag aus der Reihe Kunos-Radiothek ausstrahlen. Sendezeiten 06:30-07:00 \/ 08:30-09:00 \/ 17:00-17:30 \/ 20:00-20:30 \/ 23:00-23:30 MEZ Frequenzen 3995 & 7365 khz Sender Weenermoor (Deutschland) & Podcast via http:\/\/www.vozandes.net\/scripts\/ALP.php Damit \u00fcbernimmt\u2026","rel":"","context":"In &quot;Deutsch&quot;","block_context":{"text":"Deutsch","link":"https:\/\/www.achimbrueckner.de\/dxradio\/php\/wordpress\/?cat=1"},"img":{"alt_text":"","src":"","width":0,"height":0},"classes":[]},{"id":9108,"url":"https:\/\/www.achimbrueckner.de\/dxradio\/php\/wordpress\/?p=9108","url_meta":{"origin":30984,"position":4},"title":"Frequenz\u00e4nderung beim DWD: neu 6180 kHz (ex 5905 kHz)","author":"Administrator","date":"August 9, 2016","format":false,"excerpt":"Hallo, die Homepage des DWD berichtet \u00fcber eine Frequenz\u00e4nderung f\u00fcr die Testsendungen in AM ab dem 08.08.2016: \"Seewetterbericht \u00fcber Kurzwelle (AM): Testweise wird ein Seewetterbericht Nord- und Ostsee ausgestrahlt auf 5905, ab 8.8.2016 auf 6180 kHz t\u00e4glich 06:00-06:30, 12:00-12:30, 20:00-2030 UTC\" Quelle: http:\/\/www.dwd.de\/DE\/fachnutzer\/schifffahrt\/seewetter\/seewetter_node.html Info via A-DX","rel":"","context":"In &quot;Deutsch&quot;","block_context":{"text":"Deutsch","link":"https:\/\/www.achimbrueckner.de\/dxradio\/php\/wordpress\/?cat=1"},"img":{"alt_text":"","src":"","width":0,"height":0},"classes":[]},{"id":4291,"url":"https:\/\/www.achimbrueckner.de\/dxradio\/php\/wordpress\/?p=4291","url_meta":{"origin":30984,"position":5},"title":"Klangkunst Sendung am 17.04.2015 um 00:05 Uhr URSENDUNG Signal","author":"Administrator","date":"March 26, 2015","format":false,"excerpt":"http:\/\/www.deutschlandradiokultur.de\/ursendung-signal.1022.de.html?dram:article_id=310763 Info via A-DX","rel":"","context":"In &quot;Deutsch&quot;","block_context":{"text":"Deutsch","link":"https:\/\/www.achimbrueckner.de\/dxradio\/php\/wordpress\/?cat=1"},"img":{"alt_text":"","src":"","width":0,"height":0},"classes":[]}],"_links":{"self":[{"href":"https:\/\/www.achimbrueckner.de\/dxradio\/php\/wordpress\/index.php?rest_route=\/wp\/v2\/posts\/30984","targetHints":{"allow":["GET"]}}],"collection":[{"href":"https:\/\/www.achimbrueckner.de\/dxradio\/php\/wordpress\/index.php?rest_route=\/wp\/v2\/posts"}],"about":[{"href":"https:\/\/www.achimbrueckner.de\/dxradio\/php\/wordpress\/index.php?rest_route=\/wp\/v2\/types\/post"}],"author":[{"embeddable":true,"href":"https:\/\/www.achimbrueckner.de\/dxradio\/php\/wordpress\/index.php?rest_route=\/wp\/v2\/users\/1"}],"replies":[{"embeddable":true,"href":"https:\/\/www.achimbrueckner.de\/dxradio\/php\/wordpress\/index.php?rest_route=%2Fwp%2Fv2%2Fcomments&post=30984"}],"version-history":[{"count":0,"href":"https:\/\/www.achimbrueckner.de\/dxradio\/php\/wordpress\/index.php?rest_route=\/wp\/v2\/posts\/30984\/revisions"}],"wp:attachment":[{"href":"https:\/\/www.achimbrueckner.de\/dxradio\/php\/wordpress\/index.php?rest_route=%2Fwp%2Fv2%2Fmedia&parent=30984"}],"wp:term":[{"taxonomy":"category","embeddable":true,"href":"https:\/\/www.achimbrueckner.de\/dxradio\/php\/wordpress\/index.php?rest_route=%2Fwp%2Fv2%2Fcategories&post=30984"},{"taxonomy":"post_tag","embeddable":true,"href":"https:\/\/www.achimbrueckner.de\/dxradio\/php\/wordpress\/index.php?rest_route=%2Fwp%2Fv2%2Ftags&post=30984"}],"curies":[{"name":"wp","href":"https:\/\/api.w.org\/{rel}","templated":true}]}}