{"id":31042,"date":"2020-12-05T19:25:57","date_gmt":"2020-12-05T19:25:57","guid":{"rendered":"https:\/\/www.achimbrueckner.de\/dxradio\/php\/wordpress\/?p=31042"},"modified":"2020-12-05T19:25:57","modified_gmt":"2020-12-05T19:25:57","slug":"von-der-strase-ins-radio","status":"publish","type":"post","link":"https:\/\/www.achimbrueckner.de\/dxradio\/php\/wordpress\/?p=31042","title":{"rendered":"Von der Stra\u00dfe ins Radio"},"content":{"rendered":"<p><a href=\"https:\/\/taz.de\/Bizim-Kiez-Demo-gegen-Heimstaden-und-Co\/!5725816\/\" rel=\"noopener noreferrer\" target=\"_blank\">https:\/\/taz.de\/Bizim-Kiez-Demo-gegen-Heimstaden-und-Co\/!5725816\/<\/a><\/p>\n","protected":false},"excerpt":{"rendered":"<p>https:\/\/taz.de\/Bizim-Kiez-Demo-gegen-Heimstaden-und-Co\/!5725816\/<\/p>\n","protected":false},"author":1,"featured_media":0,"comment_status":"closed","ping_status":"open","sticky":false,"template":"","format":"standard","meta":{"_jetpack_memberships_contains_paid_content":false,"footnotes":"","jetpack_publicize_message":"","jetpack_publicize_feature_enabled":true,"jetpack_social_post_already_shared":true,"jetpack_social_options":{"image_generator_settings":{"template":"highway","default_image_id":0,"font":"","enabled":false},"version":2}},"categories":[1],"tags":[],"class_list":["post-31042","post","type-post","status-publish","format-standard","hentry","category-deutsch"],"jetpack_publicize_connections":[],"jetpack_featured_media_url":"","jetpack_sharing_enabled":true,"jetpack_shortlink":"https:\/\/wp.me\/p5CDmr-84G","jetpack-related-posts":[{"id":29988,"url":"https:\/\/www.achimbrueckner.de\/dxradio\/php\/wordpress\/?p=29988","url_meta":{"origin":31042,"position":0},"title":"Ein Radio f\u00fcr meinen Kiez","author":"Administrator","date":"September 8, 2020","format":false,"excerpt":"https:\/\/taz.de\/Specht-der-Woche-31082020\/!171490\/","rel":"","context":"In &quot;Deutsch&quot;","block_context":{"text":"Deutsch","link":"https:\/\/www.achimbrueckner.de\/dxradio\/php\/wordpress\/?cat=1"},"img":{"alt_text":"","src":"","width":0,"height":0},"classes":[]},{"id":24549,"url":"https:\/\/www.achimbrueckner.de\/dxradio\/php\/wordpress\/?p=24549","url_meta":{"origin":31042,"position":1},"title":"Umweltschutz : Von der Stra\u00dfe ins Radio","author":"Administrator","date":"August 31, 2019","format":false,"excerpt":"https:\/\/www.sueddeutsche.de\/muenchen\/muenchen-fridays-for-future-radio-lora-1.4578888","rel":"","context":"In &quot;Deutsch&quot;","block_context":{"text":"Deutsch","link":"https:\/\/www.achimbrueckner.de\/dxradio\/php\/wordpress\/?cat=1"},"img":{"alt_text":"","src":"","width":0,"height":0},"classes":[]},{"id":23497,"url":"https:\/\/www.achimbrueckner.de\/dxradio\/php\/wordpress\/?p=23497","url_meta":{"origin":31042,"position":2},"title":"Peters gro\u00dfer Traum: Ich bin der Radio-Opa von Wilmersdorf!","author":"Administrator","date":"June 20, 2019","format":false,"excerpt":"https:\/\/www.berliner-kurier.de\/berlin\/kiez---stadt\/peters-grosser-traum-ich-bin-der-radio-opa-von-wilmersdorf--32713452","rel":"","context":"In &quot;Deutsch&quot;","block_context":{"text":"Deutsch","link":"https:\/\/www.achimbrueckner.de\/dxradio\/php\/wordpress\/?cat=1"},"img":{"alt_text":"","src":"","width":0,"height":0},"classes":[]},{"id":28493,"url":"https:\/\/www.achimbrueckner.de\/dxradio\/php\/wordpress\/?p=28493","url_meta":{"origin":31042,"position":3},"title":"Statt Demo auf der Stra\u00dfe: Radio-Kundgebung beschallt die Stra\u00dfen","author":"Administrator","date":"May 4, 2020","format":false,"excerpt":"https:\/\/www.neuepresse.de\/Hannover\/Meine-Stadt\/Statt-Demo-auf-der-Strasse-Radio-Kundgebung-beschallt-die-Strassen","rel":"","context":"In &quot;Deutsch&quot;","block_context":{"text":"Deutsch","link":"https:\/\/www.achimbrueckner.de\/dxradio\/php\/wordpress\/?cat=1"},"img":{"alt_text":"","src":"","width":0,"height":0},"classes":[]},{"id":44027,"url":"https:\/\/www.achimbrueckner.de\/dxradio\/php\/wordpress\/?p=44027","url_meta":{"origin":31042,"position":4},"title":"Klage gegen Rundfunkbeitrag Entscheidung mit Aussicht auf noch mehr Klagen","author":"Administrator","date":"October 16, 2025","format":false,"excerpt":"https:\/\/taz.de\/Wer-ARD-und-ZDF-fuer-einseitig-haelt-kann-nun-gegen-den-Rundfunkbeitrag-klagen\/!6121023\/","rel":"","context":"In &quot;Deutsch&quot;","block_context":{"text":"Deutsch","link":"https:\/\/www.achimbrueckner.de\/dxradio\/php\/wordpress\/?cat=1"},"img":{"alt_text":"","src":"","width":0,"height":0},"classes":[]},{"id":43682,"url":"https:\/\/www.achimbrueckner.de\/dxradio\/php\/wordpress\/?p=43682","url_meta":{"origin":31042,"position":5},"title":"Nach 15 Jahren: dein fm wird eingestellt \u2013 Sp\u00e4tschicht zieht ins Lokalradio ein.","author":"Administrator","date":"August 29, 2025","format":false,"excerpt":"Nach 15 Jahren: dein fm wird eingestellt \u2013 Sp\u00e4tschicht zieht ins Lokalradio ein. Nach rund 15 Jahren wird der Radiosender dein fm eingestellt. Eine \u00dcberf\u00fchrung des Senders ins Digitalradio (DAB+) ist derzeit nicht geplant. Damit endet eine \u00c4ra f\u00fcr viele treue H\u00f6rerinnen und H\u00f6rer, die den lokalen Radiosender \u00fcber die\u2026","rel":"","context":"In &quot;Deutsch&quot;","block_context":{"text":"Deutsch","link":"https:\/\/www.achimbrueckner.de\/dxradio\/php\/wordpress\/?cat=1"},"img":{"alt_text":"","src":"","width":0,"height":0},"classes":[]}],"_links":{"self":[{"href":"https:\/\/www.achimbrueckner.de\/dxradio\/php\/wordpress\/index.php?rest_route=\/wp\/v2\/posts\/31042","targetHints":{"allow":["GET"]}}],"collection":[{"href":"https:\/\/www.achimbrueckner.de\/dxradio\/php\/wordpress\/index.php?rest_route=\/wp\/v2\/posts"}],"about":[{"href":"https:\/\/www.achimbrueckner.de\/dxradio\/php\/wordpress\/index.php?rest_route=\/wp\/v2\/types\/post"}],"author":[{"embeddable":true,"href":"https:\/\/www.achimbrueckner.de\/dxradio\/php\/wordpress\/index.php?rest_route=\/wp\/v2\/users\/1"}],"replies":[{"embeddable":true,"href":"https:\/\/www.achimbrueckner.de\/dxradio\/php\/wordpress\/index.php?rest_route=%2Fwp%2Fv2%2Fcomments&post=31042"}],"version-history":[{"count":0,"href":"https:\/\/www.achimbrueckner.de\/dxradio\/php\/wordpress\/index.php?rest_route=\/wp\/v2\/posts\/31042\/revisions"}],"wp:attachment":[{"href":"https:\/\/www.achimbrueckner.de\/dxradio\/php\/wordpress\/index.php?rest_route=%2Fwp%2Fv2%2Fmedia&parent=31042"}],"wp:term":[{"taxonomy":"category","embeddable":true,"href":"https:\/\/www.achimbrueckner.de\/dxradio\/php\/wordpress\/index.php?rest_route=%2Fwp%2Fv2%2Fcategories&post=31042"},{"taxonomy":"post_tag","embeddable":true,"href":"https:\/\/www.achimbrueckner.de\/dxradio\/php\/wordpress\/index.php?rest_route=%2Fwp%2Fv2%2Ftags&post=31042"}],"curies":[{"name":"wp","href":"https:\/\/api.w.org\/{rel}","templated":true}]}}