{"id":31062,"date":"2020-12-08T16:04:34","date_gmt":"2020-12-08T16:04:34","guid":{"rendered":"https:\/\/www.achimbrueckner.de\/dxradio\/php\/wordpress\/?p=31062"},"modified":"2020-12-08T16:04:34","modified_gmt":"2020-12-08T16:04:34","slug":"das-all-und-all-das-antenne-bayern-launcht-podcast-mit-nobelpreistrager","status":"publish","type":"post","link":"https:\/\/www.achimbrueckner.de\/dxradio\/php\/wordpress\/?p=31062","title":{"rendered":"\u201eDas All und all das!\u201d: ANTENNE BAYERN launcht Podcast mit Nobelpreistr\u00e4ger"},"content":{"rendered":"<p><a href=\"https:\/\/www.radiowoche.de\/33735-2\/\" rel=\"noopener noreferrer\" target=\"_blank\">https:\/\/www.radiowoche.de\/33735-2\/<\/a><\/p>\n","protected":false},"excerpt":{"rendered":"<p>https:\/\/www.radiowoche.de\/33735-2\/<\/p>\n","protected":false},"author":1,"featured_media":0,"comment_status":"closed","ping_status":"open","sticky":false,"template":"","format":"standard","meta":{"_jetpack_memberships_contains_paid_content":false,"footnotes":"","jetpack_publicize_message":"","jetpack_publicize_feature_enabled":true,"jetpack_social_post_already_shared":true,"jetpack_social_options":{"image_generator_settings":{"template":"highway","default_image_id":0,"font":"","enabled":false},"version":2}},"categories":[1],"tags":[],"class_list":["post-31062","post","type-post","status-publish","format-standard","hentry","category-deutsch"],"jetpack_publicize_connections":[],"jetpack_featured_media_url":"","jetpack_sharing_enabled":true,"jetpack_shortlink":"https:\/\/wp.me\/p5CDmr-850","jetpack-related-posts":[{"id":37154,"url":"https:\/\/www.achimbrueckner.de\/dxradio\/php\/wordpress\/?p=37154","url_meta":{"origin":31062,"position":0},"title":"\u201eGeheimakte 1972\u201d: ANTENNE BAYERN ver\u00f6ffentlicht Podcast \u00fcber das Olympia-Attentat in M\u00fcnchen","author":"Administrator","date":"August 1, 2022","format":false,"excerpt":"https:\/\/www.radiowoche.de\/geheimakte-1972-antenne-bayern-veroeffentlicht-podcast-ueber-das-olympia-attentat-in-muenchen\/","rel":"","context":"In &quot;Deutsch&quot;","block_context":{"text":"Deutsch","link":"https:\/\/www.achimbrueckner.de\/dxradio\/php\/wordpress\/?cat=1"},"img":{"alt_text":"","src":"","width":0,"height":0},"classes":[]},{"id":30437,"url":"https:\/\/www.achimbrueckner.de\/dxradio\/php\/wordpress\/?p=30437","url_meta":{"origin":31062,"position":1},"title":"ANTENNE BAYERN launcht Podcast \u201eBayern. Buddha. Happiness.\u201c","author":"Administrator","date":"October 16, 2020","format":false,"excerpt":"https:\/\/www.infosat.de\/radio\/antenne-bayern-launcht-podcast-bayern-buddha-happiness","rel":"","context":"In &quot;Deutsch&quot;","block_context":{"text":"Deutsch","link":"https:\/\/www.achimbrueckner.de\/dxradio\/php\/wordpress\/?cat=1"},"img":{"alt_text":"","src":"","width":0,"height":0},"classes":[]},{"id":33400,"url":"https:\/\/www.achimbrueckner.de\/dxradio\/php\/wordpress\/?p=33400","url_meta":{"origin":31062,"position":2},"title":"Das neue Wochenende auf ANTENNE BAYERN mit Katrin M\u00fcller-Hohenstein und Stefan Meixner","author":"Administrator","date":"August 21, 2021","format":false,"excerpt":"https:\/\/www.radioszene.de\/157001\/das-neue-wochenende-auf-antenne-bayern-mit-katrin-mueller-hohenstein-und-stefan-meixner.html","rel":"","context":"In &quot;Deutsch&quot;","block_context":{"text":"Deutsch","link":"https:\/\/www.achimbrueckner.de\/dxradio\/php\/wordpress\/?cat=1"},"img":{"alt_text":"","src":"","width":0,"height":0},"classes":[]},{"id":38438,"url":"https:\/\/www.achimbrueckner.de\/dxradio\/php\/wordpress\/?p=38438","url_meta":{"origin":31062,"position":3},"title":"Meine Radios des Jahres 2022","author":"Administrator","date":"January 2, 2023","format":false,"excerpt":"Meine Radios des Jahres 2022 FIP aus Frankreich, das eklektische Musikprogramm, das jederzeit sehr stimmige Musik bietet - zu h\u00f6ren via http:\/\/icecast.radiofrance.fr\/fip-midfi.mp3 Couleur 3 - die (viel) bessere Alternative zu SRF3\/DRS3. Couleur 3 spielt Musik verschiedener Sparten, auch Klassik-Rock geh\u00f6rt zum regelm\u00e4ssigen Repertoire dieses in der Schweiz terrestrisch empfangbaren Programms;\u2026","rel":"","context":"In &quot;Deutsch&quot;","block_context":{"text":"Deutsch","link":"https:\/\/www.achimbrueckner.de\/dxradio\/php\/wordpress\/?cat=1"},"img":{"alt_text":"","src":"","width":0,"height":0},"classes":[]},{"id":33196,"url":"https:\/\/www.achimbrueckner.de\/dxradio\/php\/wordpress\/?p=33196","url_meta":{"origin":31062,"position":4},"title":"\u00c1lvaro Soler und ANTENNE BAYERN starten \u201eSommer Hits\u201d-Webradio","author":"Administrator","date":"July 30, 2021","format":false,"excerpt":"https:\/\/www.radiowoche.de\/alvaro-soler-und-antenne-bayern-starten-sommer-hits-webradio\/","rel":"","context":"In &quot;Deutsch&quot;","block_context":{"text":"Deutsch","link":"https:\/\/www.achimbrueckner.de\/dxradio\/php\/wordpress\/?cat=1"},"img":{"alt_text":"","src":"","width":0,"height":0},"classes":[]},{"id":30883,"url":"https:\/\/www.achimbrueckner.de\/dxradio\/php\/wordpress\/?p=30883","url_meta":{"origin":31062,"position":5},"title":"ROCK ANTENNE Hamburg und FC St. Pauli starten \u201eSt. Podcast\u201c","author":"Administrator","date":"November 26, 2020","format":false,"excerpt":"https:\/\/www.radiowoche.de\/rock-antenne-hamburg-und-fc-st-pauli-starten-st-podcast\/","rel":"","context":"In &quot;Deutsch&quot;","block_context":{"text":"Deutsch","link":"https:\/\/www.achimbrueckner.de\/dxradio\/php\/wordpress\/?cat=1"},"img":{"alt_text":"","src":"","width":0,"height":0},"classes":[]}],"_links":{"self":[{"href":"https:\/\/www.achimbrueckner.de\/dxradio\/php\/wordpress\/index.php?rest_route=\/wp\/v2\/posts\/31062","targetHints":{"allow":["GET"]}}],"collection":[{"href":"https:\/\/www.achimbrueckner.de\/dxradio\/php\/wordpress\/index.php?rest_route=\/wp\/v2\/posts"}],"about":[{"href":"https:\/\/www.achimbrueckner.de\/dxradio\/php\/wordpress\/index.php?rest_route=\/wp\/v2\/types\/post"}],"author":[{"embeddable":true,"href":"https:\/\/www.achimbrueckner.de\/dxradio\/php\/wordpress\/index.php?rest_route=\/wp\/v2\/users\/1"}],"replies":[{"embeddable":true,"href":"https:\/\/www.achimbrueckner.de\/dxradio\/php\/wordpress\/index.php?rest_route=%2Fwp%2Fv2%2Fcomments&post=31062"}],"version-history":[{"count":0,"href":"https:\/\/www.achimbrueckner.de\/dxradio\/php\/wordpress\/index.php?rest_route=\/wp\/v2\/posts\/31062\/revisions"}],"wp:attachment":[{"href":"https:\/\/www.achimbrueckner.de\/dxradio\/php\/wordpress\/index.php?rest_route=%2Fwp%2Fv2%2Fmedia&parent=31062"}],"wp:term":[{"taxonomy":"category","embeddable":true,"href":"https:\/\/www.achimbrueckner.de\/dxradio\/php\/wordpress\/index.php?rest_route=%2Fwp%2Fv2%2Fcategories&post=31062"},{"taxonomy":"post_tag","embeddable":true,"href":"https:\/\/www.achimbrueckner.de\/dxradio\/php\/wordpress\/index.php?rest_route=%2Fwp%2Fv2%2Ftags&post=31062"}],"curies":[{"name":"wp","href":"https:\/\/api.w.org\/{rel}","templated":true}]}}