{"id":31063,"date":"2020-12-08T16:06:34","date_gmt":"2020-12-08T16:06:34","guid":{"rendered":"https:\/\/www.achimbrueckner.de\/dxradio\/php\/wordpress\/?p=31063"},"modified":"2020-12-08T16:06:34","modified_gmt":"2020-12-08T16:06:34","slug":"sachsen-anhalt-kippt-erhohung-des-rundfunkbeitrags","status":"publish","type":"post","link":"https:\/\/www.achimbrueckner.de\/dxradio\/php\/wordpress\/?p=31063","title":{"rendered":"Sachsen-Anhalt kippt Erh\u00f6hung des Rundfunkbeitrags"},"content":{"rendered":"<p><a href=\"https:\/\/www.teltarif.de\/erhoehung-rundfunkbeitrag-sachsen-anhalt\/news\/82814.html\" rel=\"noopener noreferrer\" target=\"_blank\">https:\/\/www.teltarif.de\/erhoehung-rundfunkbeitrag-sachsen-anhalt\/news\/82814.html<\/a><\/p>\n","protected":false},"excerpt":{"rendered":"<p>https:\/\/www.teltarif.de\/erhoehung-rundfunkbeitrag-sachsen-anhalt\/news\/82814.html<\/p>\n","protected":false},"author":1,"featured_media":0,"comment_status":"closed","ping_status":"open","sticky":false,"template":"","format":"standard","meta":{"_jetpack_memberships_contains_paid_content":false,"footnotes":"","jetpack_publicize_message":"","jetpack_publicize_feature_enabled":true,"jetpack_social_post_already_shared":true,"jetpack_social_options":{"image_generator_settings":{"template":"highway","default_image_id":0,"font":"","enabled":false},"version":2}},"categories":[1],"tags":[],"class_list":["post-31063","post","type-post","status-publish","format-standard","hentry","category-deutsch"],"jetpack_publicize_connections":[],"jetpack_featured_media_url":"","jetpack_sharing_enabled":true,"jetpack_shortlink":"https:\/\/wp.me\/p5CDmr-851","jetpack-related-posts":[{"id":13696,"url":"https:\/\/www.achimbrueckner.de\/dxradio\/php\/wordpress\/?p=13696","url_meta":{"origin":31063,"position":0},"title":"ARD &#038; ZDF: Erh\u00f6hung des Rundfunk\u00adbeitrags nach 2020?","author":"Administrator","date":"July 11, 2017","format":false,"excerpt":"https:\/\/www.teltarif.de\/ard-zdf-online-filme-abruf-rundfunkbeitrag-erhoehung-2020\/news\/69290.html","rel":"","context":"In &quot;Deutsch&quot;","block_context":{"text":"Deutsch","link":"https:\/\/www.achimbrueckner.de\/dxradio\/php\/wordpress\/?cat=1"},"img":{"alt_text":"","src":"","width":0,"height":0},"classes":[]},{"id":29782,"url":"https:\/\/www.achimbrueckner.de\/dxradio\/php\/wordpress\/?p=29782","url_meta":{"origin":31063,"position":1},"title":"Erh\u00f6hung des Rundfunkbeitrags scheitert wohl an Sachsen-Anhalt","author":"Administrator","date":"August 19, 2020","format":false,"excerpt":"https:\/\/www.dwdl.de\/nachrichten\/79009\/erhoehung_des_rundfunkbeitrags_scheitert_wohl_an_sachsenanhalt\/","rel":"","context":"In &quot;Deutsch&quot;","block_context":{"text":"Deutsch","link":"https:\/\/www.achimbrueckner.de\/dxradio\/php\/wordpress\/?cat=1"},"img":{"alt_text":"","src":"","width":0,"height":0},"classes":[]},{"id":33255,"url":"https:\/\/www.achimbrueckner.de\/dxradio\/php\/wordpress\/?p=33255","url_meta":{"origin":31063,"position":2},"title":"ARD und ZDF begr\u00fc\u00dfen Erh\u00f6hung des Rundfunkbeitrags","author":"Administrator","date":"August 5, 2021","format":false,"excerpt":"https:\/\/www.teltarif.de\/ard-zdf-deutschlandradio-rundfunkbeitrag-urteil-reaktionen\/news\/85341.html","rel":"","context":"In &quot;Deutsch&quot;","block_context":{"text":"Deutsch","link":"https:\/\/www.achimbrueckner.de\/dxradio\/php\/wordpress\/?cat=1"},"img":{"alt_text":"","src":"","width":0,"height":0},"classes":[]},{"id":33253,"url":"https:\/\/www.achimbrueckner.de\/dxradio\/php\/wordpress\/?p=33253","url_meta":{"origin":31063,"position":3},"title":"Verfassungsgericht setzt h\u00f6heren Rundfunkbeitrag durch\u2013 Kritik an Sachsen-Anhalt","author":"Administrator","date":"August 5, 2021","format":false,"excerpt":"https:\/\/meedia.de\/2021\/08\/05\/verfassungsgericht-erhoeht-rundfunkbeitrag-kritik-an-sachsen-anhalt\/","rel":"","context":"In &quot;Deutsch&quot;","block_context":{"text":"Deutsch","link":"https:\/\/www.achimbrueckner.de\/dxradio\/php\/wordpress\/?cat=1"},"img":{"alt_text":"","src":"","width":0,"height":0},"classes":[]},{"id":40059,"url":"https:\/\/www.achimbrueckner.de\/dxradio\/php\/wordpress\/?p=40059","url_meta":{"origin":31063,"position":4},"title":"DAB+: Netzausbau und neue Pro\u00adgramme","author":"Administrator","date":"August 25, 2023","format":false,"excerpt":"https:\/\/www.teltarif.de\/dab-plus-radio-sachsen-anhalt-saw\/news\/92849.html","rel":"","context":"In &quot;Deutsch&quot;","block_context":{"text":"Deutsch","link":"https:\/\/www.achimbrueckner.de\/dxradio\/php\/wordpress\/?cat=1"},"img":{"alt_text":"","src":"","width":0,"height":0},"classes":[]},{"id":20614,"url":"https:\/\/www.achimbrueckner.de\/dxradio\/php\/wordpress\/?p=20614","url_meta":{"origin":31063,"position":5},"title":"L\u00e4nder-Widerstand gegen Erh\u00f6hung des Rundfunkbeitrags","author":"Administrator","date":"December 29, 2018","format":false,"excerpt":"https:\/\/www.golem.de\/news\/ard-zdf-laender-widerstand-gegen-erhoehung-des-rundfunkbeitrags-1812-138432.html","rel":"","context":"In &quot;Deutsch&quot;","block_context":{"text":"Deutsch","link":"https:\/\/www.achimbrueckner.de\/dxradio\/php\/wordpress\/?cat=1"},"img":{"alt_text":"","src":"","width":0,"height":0},"classes":[]}],"_links":{"self":[{"href":"https:\/\/www.achimbrueckner.de\/dxradio\/php\/wordpress\/index.php?rest_route=\/wp\/v2\/posts\/31063","targetHints":{"allow":["GET"]}}],"collection":[{"href":"https:\/\/www.achimbrueckner.de\/dxradio\/php\/wordpress\/index.php?rest_route=\/wp\/v2\/posts"}],"about":[{"href":"https:\/\/www.achimbrueckner.de\/dxradio\/php\/wordpress\/index.php?rest_route=\/wp\/v2\/types\/post"}],"author":[{"embeddable":true,"href":"https:\/\/www.achimbrueckner.de\/dxradio\/php\/wordpress\/index.php?rest_route=\/wp\/v2\/users\/1"}],"replies":[{"embeddable":true,"href":"https:\/\/www.achimbrueckner.de\/dxradio\/php\/wordpress\/index.php?rest_route=%2Fwp%2Fv2%2Fcomments&post=31063"}],"version-history":[{"count":0,"href":"https:\/\/www.achimbrueckner.de\/dxradio\/php\/wordpress\/index.php?rest_route=\/wp\/v2\/posts\/31063\/revisions"}],"wp:attachment":[{"href":"https:\/\/www.achimbrueckner.de\/dxradio\/php\/wordpress\/index.php?rest_route=%2Fwp%2Fv2%2Fmedia&parent=31063"}],"wp:term":[{"taxonomy":"category","embeddable":true,"href":"https:\/\/www.achimbrueckner.de\/dxradio\/php\/wordpress\/index.php?rest_route=%2Fwp%2Fv2%2Fcategories&post=31063"},{"taxonomy":"post_tag","embeddable":true,"href":"https:\/\/www.achimbrueckner.de\/dxradio\/php\/wordpress\/index.php?rest_route=%2Fwp%2Fv2%2Ftags&post=31063"}],"curies":[{"name":"wp","href":"https:\/\/api.w.org\/{rel}","templated":true}]}}