{"id":31065,"date":"2020-12-08T16:49:53","date_gmt":"2020-12-08T16:49:53","guid":{"rendered":"https:\/\/www.achimbrueckner.de\/dxradio\/php\/wordpress\/?p=31065"},"modified":"2020-12-08T16:49:53","modified_gmt":"2020-12-08T16:49:53","slug":"google-home-integriert-apple-music","status":"publish","type":"post","link":"https:\/\/www.achimbrueckner.de\/dxradio\/php\/wordpress\/?p=31065","title":{"rendered":"Google Home integriert Apple Music"},"content":{"rendered":"<p><a href=\"https:\/\/www.heise.de\/news\/Google-Home-integriert-Apple-Music-4983230.html\" rel=\"noopener noreferrer\" target=\"_blank\">https:\/\/www.heise.de\/news\/Google-Home-integriert-Apple-Music-4983230.html<\/a><\/p>\n","protected":false},"excerpt":{"rendered":"<p>https:\/\/www.heise.de\/news\/Google-Home-integriert-Apple-Music-4983230.html<\/p>\n","protected":false},"author":1,"featured_media":0,"comment_status":"closed","ping_status":"open","sticky":false,"template":"","format":"standard","meta":{"_jetpack_memberships_contains_paid_content":false,"footnotes":"","jetpack_publicize_message":"","jetpack_publicize_feature_enabled":true,"jetpack_social_post_already_shared":true,"jetpack_social_options":{"image_generator_settings":{"template":"highway","default_image_id":0,"font":"","enabled":false},"version":2}},"categories":[1],"tags":[],"class_list":["post-31065","post","type-post","status-publish","format-standard","hentry","category-deutsch"],"jetpack_publicize_connections":[],"jetpack_featured_media_url":"","jetpack_sharing_enabled":true,"jetpack_shortlink":"https:\/\/wp.me\/p5CDmr-853","jetpack-related-posts":[{"id":26227,"url":"https:\/\/www.achimbrueckner.de\/dxradio\/php\/wordpress\/?p=26227","url_meta":{"origin":31065,"position":0},"title":"Amazon, Apple, Google &#038; Co planen offenes Protokoll f\u00fcr Smart-Home-Ger\u00e4te","author":"Administrator","date":"December 18, 2019","format":false,"excerpt":"https:\/\/www.heise.de\/mac-and-i\/meldung\/Amazon-Apple-Google-Co-planen-offenes-Protokoll-fuer-Smart-Home-Geraete-4619175.html","rel":"","context":"In &quot;Deutsch&quot;","block_context":{"text":"Deutsch","link":"https:\/\/www.achimbrueckner.de\/dxradio\/php\/wordpress\/?cat=1"},"img":{"alt_text":"","src":"","width":0,"height":0},"classes":[]},{"id":38146,"url":"https:\/\/www.achimbrueckner.de\/dxradio\/php\/wordpress\/?p=38146","url_meta":{"origin":31065,"position":1},"title":"Neuer Karaoke-Dienst f\u00fcr Apple Music: \u00c4ltere Apple-TV-Modelle bleiben drau\u00dfen","author":"Administrator","date":"December 7, 2022","format":false,"excerpt":"https:\/\/www.heise.de\/news\/Neuer-Karaoke-Dienst-fuer-Apple-Music-Aeltere-Apple-TV-Modelle-bleiben-draussen-7368472.html","rel":"","context":"In &quot;Deutsch&quot;","block_context":{"text":"Deutsch","link":"https:\/\/www.achimbrueckner.de\/dxradio\/php\/wordpress\/?cat=1"},"img":{"alt_text":"","src":"","width":0,"height":0},"classes":[]},{"id":33612,"url":"https:\/\/www.achimbrueckner.de\/dxradio\/php\/wordpress\/?p=33612","url_meta":{"origin":31065,"position":2},"title":"H\u00f6rb\u00fccher verschwinden aus Apple Music","author":"Administrator","date":"September 18, 2021","format":false,"excerpt":"https:\/\/www.heise.de\/news\/Hoerbuecher-verschwinden-aus-Apple-Music-6195305.html","rel":"","context":"In &quot;Deutsch&quot;","block_context":{"text":"Deutsch","link":"https:\/\/www.achimbrueckner.de\/dxradio\/php\/wordpress\/?cat=1"},"img":{"alt_text":"","src":"","width":0,"height":0},"classes":[]},{"id":39990,"url":"https:\/\/www.achimbrueckner.de\/dxradio\/php\/wordpress\/?p=39990","url_meta":{"origin":31065,"position":3},"title":"Apple Music: Neue algorithmische Radiostation nach eigenem Musikgeschmack","author":"Administrator","date":"August 8, 2023","format":false,"excerpt":"https:\/\/www.heise.de\/news\/Apple-Music-Neue-algorithmische-Radiostation-nach-eigenem-Musikgeschmack-9237609.html","rel":"","context":"In &quot;Deutsch&quot;","block_context":{"text":"Deutsch","link":"https:\/\/www.achimbrueckner.de\/dxradio\/php\/wordpress\/?cat=1"},"img":{"alt_text":"","src":"","width":0,"height":0},"classes":[]},{"id":37845,"url":"https:\/\/www.achimbrueckner.de\/dxradio\/php\/wordpress\/?p=37845","url_meta":{"origin":31065,"position":4},"title":"L.Dre: Apple Music zahlt doppelt so viel wie Spotify","author":"Administrator","date":"November 3, 2022","format":false,"excerpt":"https:\/\/www.heise.de\/news\/Unabhaengiger-Kuenstler-Apple-Music-zahlt-doppelt-so-viel-wie-Spotify-7326258.html","rel":"","context":"In &quot;Deutsch&quot;","block_context":{"text":"Deutsch","link":"https:\/\/www.achimbrueckner.de\/dxradio\/php\/wordpress\/?cat=1"},"img":{"alt_text":"","src":"","width":0,"height":0},"classes":[]},{"id":24161,"url":"https:\/\/www.achimbrueckner.de\/dxradio\/php\/wordpress\/?p=24161","url_meta":{"origin":31065,"position":5},"title":"Google integriert Podcasts in Suchergebnisse","author":"Administrator","date":"August 8, 2019","format":false,"excerpt":"https:\/\/t3n-de.cdn.ampproject.org\/c\/s\/t3n.de\/news\/google-integriert-podcasts-1186317\/amp\/","rel":"","context":"In &quot;Deutsch&quot;","block_context":{"text":"Deutsch","link":"https:\/\/www.achimbrueckner.de\/dxradio\/php\/wordpress\/?cat=1"},"img":{"alt_text":"","src":"","width":0,"height":0},"classes":[]}],"_links":{"self":[{"href":"https:\/\/www.achimbrueckner.de\/dxradio\/php\/wordpress\/index.php?rest_route=\/wp\/v2\/posts\/31065","targetHints":{"allow":["GET"]}}],"collection":[{"href":"https:\/\/www.achimbrueckner.de\/dxradio\/php\/wordpress\/index.php?rest_route=\/wp\/v2\/posts"}],"about":[{"href":"https:\/\/www.achimbrueckner.de\/dxradio\/php\/wordpress\/index.php?rest_route=\/wp\/v2\/types\/post"}],"author":[{"embeddable":true,"href":"https:\/\/www.achimbrueckner.de\/dxradio\/php\/wordpress\/index.php?rest_route=\/wp\/v2\/users\/1"}],"replies":[{"embeddable":true,"href":"https:\/\/www.achimbrueckner.de\/dxradio\/php\/wordpress\/index.php?rest_route=%2Fwp%2Fv2%2Fcomments&post=31065"}],"version-history":[{"count":0,"href":"https:\/\/www.achimbrueckner.de\/dxradio\/php\/wordpress\/index.php?rest_route=\/wp\/v2\/posts\/31065\/revisions"}],"wp:attachment":[{"href":"https:\/\/www.achimbrueckner.de\/dxradio\/php\/wordpress\/index.php?rest_route=%2Fwp%2Fv2%2Fmedia&parent=31065"}],"wp:term":[{"taxonomy":"category","embeddable":true,"href":"https:\/\/www.achimbrueckner.de\/dxradio\/php\/wordpress\/index.php?rest_route=%2Fwp%2Fv2%2Fcategories&post=31065"},{"taxonomy":"post_tag","embeddable":true,"href":"https:\/\/www.achimbrueckner.de\/dxradio\/php\/wordpress\/index.php?rest_route=%2Fwp%2Fv2%2Ftags&post=31065"}],"curies":[{"name":"wp","href":"https:\/\/api.w.org\/{rel}","templated":true}]}}