{"id":31133,"date":"2020-12-14T11:00:17","date_gmt":"2020-12-14T11:00:17","guid":{"rendered":"https:\/\/www.achimbrueckner.de\/dxradio\/php\/wordpress\/?p=31133"},"modified":"2020-12-14T11:00:17","modified_gmt":"2020-12-14T11:00:17","slug":"wdr-rundfunkrat-stimmt-veranderungen-bei-wdr-5-zu","status":"publish","type":"post","link":"https:\/\/www.achimbrueckner.de\/dxradio\/php\/wordpress\/?p=31133","title":{"rendered":"WDR Rundfunkrat stimmt Ver\u00e4nderungen bei WDR 5 zu"},"content":{"rendered":"<p><a href=\"https:\/\/www.radiowoche.de\/programmreform-bei-wdr-5\/\" rel=\"noopener\" target=\"_blank\">https:\/\/www.radiowoche.de\/programmreform-bei-wdr-5\/<\/a><\/p>\n","protected":false},"excerpt":{"rendered":"<p>https:\/\/www.radiowoche.de\/programmreform-bei-wdr-5\/<\/p>\n","protected":false},"author":1,"featured_media":0,"comment_status":"closed","ping_status":"open","sticky":false,"template":"","format":"standard","meta":{"_jetpack_memberships_contains_paid_content":false,"footnotes":"","jetpack_publicize_message":"","jetpack_publicize_feature_enabled":true,"jetpack_social_post_already_shared":true,"jetpack_social_options":{"image_generator_settings":{"template":"highway","default_image_id":0,"font":"","enabled":false},"version":2}},"categories":[1],"tags":[24],"class_list":["post-31133","post","type-post","status-publish","format-standard","hentry","category-deutsch","tag-am"],"jetpack_publicize_connections":[],"jetpack_featured_media_url":"","jetpack_sharing_enabled":true,"jetpack_shortlink":"https:\/\/wp.me\/p5CDmr-869","jetpack-related-posts":[{"id":6033,"url":"https:\/\/www.achimbrueckner.de\/dxradio\/php\/wordpress\/?p=6033","url_meta":{"origin":31133,"position":0},"title":"WDR: Rundfunkrat stimmt Programmreformen bei WDR 3 und WDR 5 zu","author":"Administrator","date":"September 23, 2015","format":false,"excerpt":"http:\/\/www.radiowoche.de\/wdr-rundfunkrat-stimmt-programmreformen-bei-wdr-3-und-wdr-5-zu\/","rel":"","context":"In &quot;Deutsch&quot;","block_context":{"text":"Deutsch","link":"https:\/\/www.achimbrueckner.de\/dxradio\/php\/wordpress\/?cat=1"},"img":{"alt_text":"","src":"","width":0,"height":0},"classes":[]},{"id":18474,"url":"https:\/\/www.achimbrueckner.de\/dxradio\/php\/wordpress\/?p=18474","url_meta":{"origin":31133,"position":1},"title":"Gutachten f\u00fcr den WDR-Rundfunkrat kritisiert Gewinnspiele im WDR2-Programm","author":"Administrator","date":"July 13, 2018","format":false,"excerpt":"http:\/\/www.radiowoche.de\/gutachten-fuer-den-wdr-rundfunkrat-fordert-weniger-gewinnspiele-bei-wdr2\/","rel":"","context":"In &quot;Deutsch&quot;","block_context":{"text":"Deutsch","link":"https:\/\/www.achimbrueckner.de\/dxradio\/php\/wordpress\/?cat=1"},"img":{"alt_text":"","src":"","width":0,"height":0},"classes":[]},{"id":41178,"url":"https:\/\/www.achimbrueckner.de\/dxradio\/php\/wordpress\/?p=41178","url_meta":{"origin":31133,"position":2},"title":"Ver\u00e4nderungen bei WDR 3 und WDR 5: Mehr Vielfalt aus der ganzen ARD","author":"Administrator","date":"April 18, 2024","format":false,"excerpt":"https:\/\/www.satellifax.de\/mlesen.php?id=f43cf3d23e1ffc20abc7433e848bf39d","rel":"","context":"In &quot;Deutsch&quot;","block_context":{"text":"Deutsch","link":"https:\/\/www.achimbrueckner.de\/dxradio\/php\/wordpress\/?cat=1"},"img":{"alt_text":"","src":"","width":0,"height":0},"classes":[]},{"id":20460,"url":"https:\/\/www.achimbrueckner.de\/dxradio\/php\/wordpress\/?p=20460","url_meta":{"origin":31133,"position":3},"title":"WDR-Rundfunkrat pl\u00e4diert f\u00fcr Beitragserh\u00f6hung","author":"Administrator","date":"December 19, 2018","format":false,"excerpt":"http:\/\/www.radiowoche.de\/wdr-rundfunkrat-plaediert-fuer-beitragserhoehung\/","rel":"","context":"In &quot;Deutsch&quot;","block_context":{"text":"Deutsch","link":"https:\/\/www.achimbrueckner.de\/dxradio\/php\/wordpress\/?cat=1"},"img":{"alt_text":"","src":"","width":0,"height":0},"classes":[]},{"id":4302,"url":"https:\/\/www.achimbrueckner.de\/dxradio\/php\/wordpress\/?p=4302","url_meta":{"origin":31133,"position":4},"title":"Rundfunkrat stimmt Webers Pl\u00e4nen zu Von 1Live bis WDR 4: Rausch wird neuer Flotten-Chef","author":"Administrator","date":"March 27, 2015","format":false,"excerpt":"http:\/\/www.dwdl.de\/nachrichten\/50326\/von_1live_bis_wdr4_rausch_wird_neuer_flottenchef\/","rel":"","context":"In &quot;Deutsch&quot;","block_context":{"text":"Deutsch","link":"https:\/\/www.achimbrueckner.de\/dxradio\/php\/wordpress\/?cat=1"},"img":{"alt_text":"","src":"","width":0,"height":0},"classes":[]},{"id":37850,"url":"https:\/\/www.achimbrueckner.de\/dxradio\/php\/wordpress\/?p=37850","url_meta":{"origin":31133,"position":5},"title":"Ein Abend mit Harald Schmidt: Neues Radioformat bei WDR 4","author":"Administrator","date":"November 4, 2022","format":false,"excerpt":"https:\/\/www.radiowoche.de\/ein-abend-mit-harald-schmidt-neues-radioformat-bei-wdr-4\/","rel":"","context":"In &quot;Deutsch&quot;","block_context":{"text":"Deutsch","link":"https:\/\/www.achimbrueckner.de\/dxradio\/php\/wordpress\/?cat=1"},"img":{"alt_text":"","src":"","width":0,"height":0},"classes":[]}],"_links":{"self":[{"href":"https:\/\/www.achimbrueckner.de\/dxradio\/php\/wordpress\/index.php?rest_route=\/wp\/v2\/posts\/31133","targetHints":{"allow":["GET"]}}],"collection":[{"href":"https:\/\/www.achimbrueckner.de\/dxradio\/php\/wordpress\/index.php?rest_route=\/wp\/v2\/posts"}],"about":[{"href":"https:\/\/www.achimbrueckner.de\/dxradio\/php\/wordpress\/index.php?rest_route=\/wp\/v2\/types\/post"}],"author":[{"embeddable":true,"href":"https:\/\/www.achimbrueckner.de\/dxradio\/php\/wordpress\/index.php?rest_route=\/wp\/v2\/users\/1"}],"replies":[{"embeddable":true,"href":"https:\/\/www.achimbrueckner.de\/dxradio\/php\/wordpress\/index.php?rest_route=%2Fwp%2Fv2%2Fcomments&post=31133"}],"version-history":[{"count":0,"href":"https:\/\/www.achimbrueckner.de\/dxradio\/php\/wordpress\/index.php?rest_route=\/wp\/v2\/posts\/31133\/revisions"}],"wp:attachment":[{"href":"https:\/\/www.achimbrueckner.de\/dxradio\/php\/wordpress\/index.php?rest_route=%2Fwp%2Fv2%2Fmedia&parent=31133"}],"wp:term":[{"taxonomy":"category","embeddable":true,"href":"https:\/\/www.achimbrueckner.de\/dxradio\/php\/wordpress\/index.php?rest_route=%2Fwp%2Fv2%2Fcategories&post=31133"},{"taxonomy":"post_tag","embeddable":true,"href":"https:\/\/www.achimbrueckner.de\/dxradio\/php\/wordpress\/index.php?rest_route=%2Fwp%2Fv2%2Ftags&post=31133"}],"curies":[{"name":"wp","href":"https:\/\/api.w.org\/{rel}","templated":true}]}}