{"id":31142,"date":"2020-12-14T11:41:37","date_gmt":"2020-12-14T11:41:37","guid":{"rendered":"https:\/\/www.achimbrueckner.de\/dxradio\/php\/wordpress\/?p=31142"},"modified":"2020-12-14T11:41:37","modified_gmt":"2020-12-14T11:41:37","slug":"hbo-max-streaming-dienst-vorerst-nicht-in-deutschland","status":"publish","type":"post","link":"https:\/\/www.achimbrueckner.de\/dxradio\/php\/wordpress\/?p=31142","title":{"rendered":"HBO Max: Streaming-Dienst vorerst nicht in Deutschland"},"content":{"rendered":"<p><a href=\"https:\/\/www.teltarif.de\/warner-hbo-max-streaming-deutschland-sky\/news\/82816.html\" rel=\"noopener\" target=\"_blank\">https:\/\/www.teltarif.de\/warner-hbo-max-streaming-deutschland-sky\/news\/82816.html<\/a><\/p>\n","protected":false},"excerpt":{"rendered":"<p>https:\/\/www.teltarif.de\/warner-hbo-max-streaming-deutschland-sky\/news\/82816.html<\/p>\n","protected":false},"author":1,"featured_media":0,"comment_status":"closed","ping_status":"open","sticky":false,"template":"","format":"standard","meta":{"_jetpack_memberships_contains_paid_content":false,"footnotes":"","jetpack_publicize_message":"","jetpack_publicize_feature_enabled":true,"jetpack_social_post_already_shared":true,"jetpack_social_options":{"image_generator_settings":{"template":"highway","default_image_id":0,"font":"","enabled":false},"version":2}},"categories":[1],"tags":[24],"class_list":["post-31142","post","type-post","status-publish","format-standard","hentry","category-deutsch","tag-am"],"jetpack_publicize_connections":[],"jetpack_featured_media_url":"","jetpack_sharing_enabled":true,"jetpack_shortlink":"https:\/\/wp.me\/p5CDmr-86i","jetpack-related-posts":[{"id":38910,"url":"https:\/\/www.achimbrueckner.de\/dxradio\/php\/wordpress\/?p=38910","url_meta":{"origin":31142,"position":0},"title":"Warner: Nachfolger von &#8220;HBO Max&#8221; startet im April","author":"Administrator","date":"February 25, 2023","format":false,"excerpt":"https:\/\/www.teltarif.de\/streaming-business-hbo-max-warner\/news\/91034.html","rel":"","context":"In &quot;Deutsch&quot;","block_context":{"text":"Deutsch","link":"https:\/\/www.achimbrueckner.de\/dxradio\/php\/wordpress\/?cat=1"},"img":{"alt_text":"","src":"","width":0,"height":0},"classes":[]},{"id":36874,"url":"https:\/\/www.achimbrueckner.de\/dxradio\/php\/wordpress\/?p=36874","url_meta":{"origin":31142,"position":1},"title":"HBO Max: Warner stoppt Europa-Pl\u00e4ne","author":"Administrator","date":"July 7, 2022","format":false,"excerpt":"https:\/\/www.teltarif.de\/streaming-hbo-max-europa\/news\/88666.html","rel":"","context":"In &quot;Deutsch&quot;","block_context":{"text":"Deutsch","link":"https:\/\/www.achimbrueckner.de\/dxradio\/php\/wordpress\/?cat=1"},"img":{"alt_text":"","src":"","width":0,"height":0},"classes":[]},{"id":38666,"url":"https:\/\/www.achimbrueckner.de\/dxradio\/php\/wordpress\/?p=38666","url_meta":{"origin":31142,"position":2},"title":"Preiserh\u00f6hung: Wird HBO Max zu teuer?","author":"Administrator","date":"January 23, 2023","format":false,"excerpt":"https:\/\/www.teltarif.de\/preiserhoehung-hbo-max-europastart-streaming-discovery-warner\/news\/90665.html","rel":"","context":"In &quot;Deutsch&quot;","block_context":{"text":"Deutsch","link":"https:\/\/www.achimbrueckner.de\/dxradio\/php\/wordpress\/?cat=1"},"img":{"alt_text":"","src":"","width":0,"height":0},"classes":[]},{"id":33488,"url":"https:\/\/www.achimbrueckner.de\/dxradio\/php\/wordpress\/?p=33488","url_meta":{"origin":31142,"position":3},"title":"HBO Max: WarnerMedia k\u00fcndigt Pl\u00e4ne f\u00fcr Europa an","author":"Administrator","date":"September 2, 2021","format":false,"excerpt":"https:\/\/www.teltarif.de\/streaming-hbo-max-warnermedia-sky-netflix\/news\/85610.html","rel":"","context":"In &quot;Deutsch&quot;","block_context":{"text":"Deutsch","link":"https:\/\/www.achimbrueckner.de\/dxradio\/php\/wordpress\/?cat=1"},"img":{"alt_text":"","src":"","width":0,"height":0},"classes":[]},{"id":32356,"url":"https:\/\/www.achimbrueckner.de\/dxradio\/php\/wordpress\/?p=32356","url_meta":{"origin":31142,"position":4},"title":"Sky: Ab 2025 wackelt das Gesch\u00e4ftsmodell","author":"Administrator","date":"March 26, 2021","format":false,"excerpt":"https:\/\/www.teltarif.de\/sky-hbo-max-streaming-fernsehen-zukunft\/news\/83943.html","rel":"","context":"In &quot;Deutsch&quot;","block_context":{"text":"Deutsch","link":"https:\/\/www.achimbrueckner.de\/dxradio\/php\/wordpress\/?cat=1"},"img":{"alt_text":"","src":"","width":0,"height":0},"classes":[]},{"id":41863,"url":"https:\/\/www.achimbrueckner.de\/dxradio\/php\/wordpress\/?p=41863","url_meta":{"origin":31142,"position":5},"title":"Streaming: Max von Warner Bros. Discovery kommt 2026 nach Deutschland","author":"Administrator","date":"October 25, 2024","format":false,"excerpt":"https:\/\/www.heise.de\/news\/Streaming-Max-von-Warner-Bros-Discovery-kommt-2026-nach-Deutschland-9993117.html","rel":"","context":"In &quot;Deutsch&quot;","block_context":{"text":"Deutsch","link":"https:\/\/www.achimbrueckner.de\/dxradio\/php\/wordpress\/?cat=1"},"img":{"alt_text":"","src":"","width":0,"height":0},"classes":[]}],"_links":{"self":[{"href":"https:\/\/www.achimbrueckner.de\/dxradio\/php\/wordpress\/index.php?rest_route=\/wp\/v2\/posts\/31142","targetHints":{"allow":["GET"]}}],"collection":[{"href":"https:\/\/www.achimbrueckner.de\/dxradio\/php\/wordpress\/index.php?rest_route=\/wp\/v2\/posts"}],"about":[{"href":"https:\/\/www.achimbrueckner.de\/dxradio\/php\/wordpress\/index.php?rest_route=\/wp\/v2\/types\/post"}],"author":[{"embeddable":true,"href":"https:\/\/www.achimbrueckner.de\/dxradio\/php\/wordpress\/index.php?rest_route=\/wp\/v2\/users\/1"}],"replies":[{"embeddable":true,"href":"https:\/\/www.achimbrueckner.de\/dxradio\/php\/wordpress\/index.php?rest_route=%2Fwp%2Fv2%2Fcomments&post=31142"}],"version-history":[{"count":0,"href":"https:\/\/www.achimbrueckner.de\/dxradio\/php\/wordpress\/index.php?rest_route=\/wp\/v2\/posts\/31142\/revisions"}],"wp:attachment":[{"href":"https:\/\/www.achimbrueckner.de\/dxradio\/php\/wordpress\/index.php?rest_route=%2Fwp%2Fv2%2Fmedia&parent=31142"}],"wp:term":[{"taxonomy":"category","embeddable":true,"href":"https:\/\/www.achimbrueckner.de\/dxradio\/php\/wordpress\/index.php?rest_route=%2Fwp%2Fv2%2Fcategories&post=31142"},{"taxonomy":"post_tag","embeddable":true,"href":"https:\/\/www.achimbrueckner.de\/dxradio\/php\/wordpress\/index.php?rest_route=%2Fwp%2Fv2%2Ftags&post=31142"}],"curies":[{"name":"wp","href":"https:\/\/api.w.org\/{rel}","templated":true}]}}