{"id":31237,"date":"2020-12-18T21:39:52","date_gmt":"2020-12-18T21:39:52","guid":{"rendered":"https:\/\/www.achimbrueckner.de\/dxradio\/php\/wordpress\/?p=31237"},"modified":"2020-12-18T21:40:09","modified_gmt":"2020-12-18T21:40:09","slug":"sdxf-weihnachtssendung-2020","status":"publish","type":"post","link":"https:\/\/www.achimbrueckner.de\/dxradio\/php\/wordpress\/?p=31237","title":{"rendered":"SDXF Weihnachtssendung 2020"},"content":{"rendered":"<p>SDXFs Wochenendprogramm auf Kurzwelle<\/p>\n<p>Auch in diesem Jahr bietet der schwedische DX-Verband w\u00e4hrend der Weihnachts- und Neujahrsferien eine spezielle Kurzwellensendung an. Das 60-min\u00fctige Programm wurde von dem bekannten G\u00f6ran Lindemark zusammengestellt und enth\u00e4lt unter anderem ein exklusives Interview mit George Wood \u00fcber seine Zeit bei Radio Sweden. Wir h\u00f6ren auch einige Beispiele seiner musikalischen Favoriten.<\/p>\n<p>Weitere Features sind eine Wiederholung eines Radiosenders in Bolivien und Informationen zum H\u00f6ren \u00fcber den KIWI-Empf\u00e4nger des Verbandes in Parkalompolo. Jeder, der einen Bericht \u00fcber die letzte Sendung von SDXF eingereicht hat, kann damit rechnen, in der Mailbox erw\u00e4hnt zu werden.<\/p>\n<p>Die Sendung wird am Freitag, den 25. Dezember um ausgestrahlt 10.00\u201311.00 UTC auf 9670 kHz \u00fcber Kanal 292 in Deutschland. Es wird zwei Wiederholungen geben &#8211; die erste am 26. Dezember um 10.00\u201311.00 UTC und die andere am 1. Januar 2021 um 12.00\u201313.00 UTC. Diese \u00dcbertragungen sind auch auf 9670 kHz zu h\u00f6ren.<\/p>\n<p>SDXF freut sich \u00fcber H\u00f6rerberichte und Kommentare zum Programminhalt. Sie k\u00f6nnen an qsl@sdxf.se gesendet werden .<\/p>\n<p>Sch\u00f6ne Gr\u00fc\u00dfe<\/p>\n<p>Info via WOR<\/p>\n","protected":false},"excerpt":{"rendered":"<p>SDXFs Wochenendprogramm auf Kurzwelle Auch in diesem Jahr bietet der schwedische DX-Verband w\u00e4hrend der Weihnachts- und Neujahrsferien eine spezielle Kurzwellensendung an. Das 60-min\u00fctige Programm wurde von dem bekannten G\u00f6ran Lindemark zusammengestellt und enth\u00e4lt unter anderem ein exklusives Interview mit George Wood \u00fcber seine Zeit bei Radio Sweden. Wir h\u00f6ren auch einige Beispiele seiner musikalischen Favoriten. &hellip; <a href=\"https:\/\/www.achimbrueckner.de\/dxradio\/php\/wordpress\/?p=31237\" class=\"more-link\">Continue reading <span class=\"screen-reader-text\">SDXF Weihnachtssendung 2020<\/span><\/a><\/p>\n","protected":false},"author":1,"featured_media":0,"comment_status":"closed","ping_status":"open","sticky":false,"template":"","format":"standard","meta":{"_jetpack_memberships_contains_paid_content":false,"footnotes":"","jetpack_publicize_message":"","jetpack_publicize_feature_enabled":true,"jetpack_social_post_already_shared":true,"jetpack_social_options":{"image_generator_settings":{"template":"highway","default_image_id":0,"font":"","enabled":false},"version":2}},"categories":[1,14],"tags":[24,40,33,30],"class_list":["post-31237","post","type-post","status-publish","format-standard","hentry","category-deutsch","category-dx","tag-am","tag-dx","tag-empfanger","tag-qsl"],"jetpack_publicize_connections":[],"jetpack_featured_media_url":"","jetpack_sharing_enabled":true,"jetpack_shortlink":"https:\/\/wp.me\/p5CDmr-87P","jetpack-related-posts":[{"id":374,"url":"https:\/\/www.achimbrueckner.de\/dxradio\/php\/wordpress\/?p=374","url_meta":{"origin":31237,"position":0},"title":"40. DX-Camp Langenselbold","author":"Administrator","date":"March 3, 2008","format":false,"excerpt":"Unser 40. DX Camp findet vom Mo. 17. bis So. 23.3.08 im Naturfreundehaus in Langenselbold bei Hanau statt. DXer und Radiofreunde sind herzlich eingeladen. Die H\u00f6hepunkte: Die ersten Tage sind wie immer vorwiegend zum H\u00f6ren. Erstmalig haben wir jetzt auch **DSL-Anschlu\u00df **f\u00fcr jedermann \u00fcber einen WLAN-Zugang. Und wir haben eine\u2026","rel":"","context":"In &quot;camps&quot;","block_context":{"text":"camps","link":"https:\/\/www.achimbrueckner.de\/dxradio\/php\/wordpress\/?cat=5"},"img":{"alt_text":"","src":"","width":0,"height":0},"classes":[]},{"id":34200,"url":"https:\/\/www.achimbrueckner.de\/dxradio\/php\/wordpress\/?p=34200","url_meta":{"origin":31237,"position":1},"title":"FMK Weihnachten 2021","author":"Administrator","date":"December 18, 2021","format":false,"excerpt":"Hallo liebe Radiofreunde, es wird dieses Jahr keinen DX-Marathon geben an dem sich FM Kompakt bzw. Radio Klein Paris beteiligen. Trotzdem habe ich mir etwas, einen kleinen Kontest, \u00fcberlegt. FM Kompakt hat in den Programmen von Partnerstationen jeweils einen Gru\u00df platziert und auch Musikw\u00fcnsche ge\u00e4u\u00dfert. Schaltet bitte folgende Programme ein\u2026","rel":"","context":"In &quot;Deutsch&quot;","block_context":{"text":"Deutsch","link":"https:\/\/www.achimbrueckner.de\/dxradio\/php\/wordpress\/?cat=1"},"img":{"alt_text":"","src":"","width":0,"height":0},"classes":[]},{"id":11296,"url":"https:\/\/www.achimbrueckner.de\/dxradio\/php\/wordpress\/?p=11296","url_meta":{"origin":31237,"position":2},"title":"50 Jahre ADDX","author":"Administrator","date":"December 8, 2016","format":false,"excerpt":"Hallo in die Runde, wie vielen Hobbyfreunden bestimmt bekannt ist, wird die ADDX e.V. im Jahr 2017 ihr 50. Gr\u00fcndungsjubil\u00e4um feiern. Das ist f\u00fcr uns von Vorstand und Redaktion \"Radio-Kurier mit weltweit h\u00f6ren\" Grund genug, auch akustisch einen R\u00fcckblick auf die Anfangstage und die Vereinsentwicklung zu pr\u00e4sentieren und \u00fcber unsere\u2026","rel":"","context":"In &quot;Deutsch&quot;","block_context":{"text":"Deutsch","link":"https:\/\/www.achimbrueckner.de\/dxradio\/php\/wordpress\/?cat=1"},"img":{"alt_text":"","src":"","width":0,"height":0},"classes":[]},{"id":111,"url":"https:\/\/www.achimbrueckner.de\/dxradio\/php\/wordpress\/?p=111","url_meta":{"origin":31237,"position":3},"title":"RAE Buenos Aires","author":"Administrator","date":"October 13, 2006","format":false,"excerpt":"RAE Buenos Aires ist auf 15345 Khz um 2140 Utc mit SINPO 34433 in Deutsch zu h\u00f6ren. Gerade wird die DX-Sendung mit vielen Logmeldungen ausgestrahlt. Danach folgt Musik aus den Norden Argentiniens. Die Webseite der Station ist unter http:\/\/www.radionacional.gov.ar\/rae\/rae.asp abrufbar, dort gibt es auch Infos \u00fcber die deutsche Redaktion und\u2026","rel":"","context":"In &quot;Empfang&quot;","block_context":{"text":"Empfang","link":"https:\/\/www.achimbrueckner.de\/dxradio\/php\/wordpress\/?cat=3"},"img":{"alt_text":"","src":"","width":0,"height":0},"classes":[]},{"id":7376,"url":"https:\/\/www.achimbrueckner.de\/dxradio\/php\/wordpress\/?p=7376","url_meta":{"origin":31237,"position":4},"title":"31. Januar 2016 Sonntag ab 10 Uhr MEZ: &#8220;Radio. Menschen &#038; Geschichten&#8221;","author":"Administrator","date":"January 26, 2016","format":false,"excerpt":"Hallo in die Runde, Wir haben ja schon \u00fcber ein neues \"Radio-im-Radio-Magazin\" hier berichtet.. Dieses \"Corona-freie\", Ihr wisst schon. In 5 Tagen geht es dann also los mit Ausgabe 1. In den letzten Tagen hat sich einiges getan. Der Name steht fest: \"Radio. Menschen und Geschichten\". Ne Facebookseite gibt's derweil\u2026","rel":"","context":"In &quot;Deutsch&quot;","block_context":{"text":"Deutsch","link":"https:\/\/www.achimbrueckner.de\/dxradio\/php\/wordpress\/?cat=1"},"img":{"alt_text":"","src":"","width":0,"height":0},"classes":[]},{"id":1057,"url":"https:\/\/www.achimbrueckner.de\/dxradio\/php\/wordpress\/?p=1057","url_meta":{"origin":31237,"position":5},"title":"H\u00f6rertreffen Friedrichshafen","author":"Administrator","date":"June 21, 2010","format":false,"excerpt":"H\u00f6rertreffen am Rande der HAM RADIO in Friedrichshafen am 26.06.2010 Die auf der HAM RADIO anwesenden H\u00f6rer von KBS, Seoul und Radio HCJB, Quito, treffen sich am Abend des \u00e2\u20ac\u017eMesse-Samstags\u00e2\u20ac\u0153 (26.06.2010) ab 20.00 Uhr Ortszeit im Hotel Koenigsaecker Zeppelinstrasse 299 88048 Friedrichshafen-Fischbach gleich bei der Bushaltestelle \u00e2\u20ac\u017eHotel Mayer\u00e2\u20ac\u0153 in Friedrichshafen-Fischbach\u2026","rel":"","context":"In &quot;camps&quot;","block_context":{"text":"camps","link":"https:\/\/www.achimbrueckner.de\/dxradio\/php\/wordpress\/?cat=5"},"img":{"alt_text":"","src":"","width":0,"height":0},"classes":[]}],"_links":{"self":[{"href":"https:\/\/www.achimbrueckner.de\/dxradio\/php\/wordpress\/index.php?rest_route=\/wp\/v2\/posts\/31237","targetHints":{"allow":["GET"]}}],"collection":[{"href":"https:\/\/www.achimbrueckner.de\/dxradio\/php\/wordpress\/index.php?rest_route=\/wp\/v2\/posts"}],"about":[{"href":"https:\/\/www.achimbrueckner.de\/dxradio\/php\/wordpress\/index.php?rest_route=\/wp\/v2\/types\/post"}],"author":[{"embeddable":true,"href":"https:\/\/www.achimbrueckner.de\/dxradio\/php\/wordpress\/index.php?rest_route=\/wp\/v2\/users\/1"}],"replies":[{"embeddable":true,"href":"https:\/\/www.achimbrueckner.de\/dxradio\/php\/wordpress\/index.php?rest_route=%2Fwp%2Fv2%2Fcomments&post=31237"}],"version-history":[{"count":0,"href":"https:\/\/www.achimbrueckner.de\/dxradio\/php\/wordpress\/index.php?rest_route=\/wp\/v2\/posts\/31237\/revisions"}],"wp:attachment":[{"href":"https:\/\/www.achimbrueckner.de\/dxradio\/php\/wordpress\/index.php?rest_route=%2Fwp%2Fv2%2Fmedia&parent=31237"}],"wp:term":[{"taxonomy":"category","embeddable":true,"href":"https:\/\/www.achimbrueckner.de\/dxradio\/php\/wordpress\/index.php?rest_route=%2Fwp%2Fv2%2Fcategories&post=31237"},{"taxonomy":"post_tag","embeddable":true,"href":"https:\/\/www.achimbrueckner.de\/dxradio\/php\/wordpress\/index.php?rest_route=%2Fwp%2Fv2%2Ftags&post=31237"}],"curies":[{"name":"wp","href":"https:\/\/api.w.org\/{rel}","templated":true}]}}