{"id":31307,"date":"2020-12-23T10:20:19","date_gmt":"2020-12-23T10:20:19","guid":{"rendered":"https:\/\/www.achimbrueckner.de\/dxradio\/php\/wordpress\/?p=31307"},"modified":"2020-12-23T10:20:19","modified_gmt":"2020-12-23T10:20:19","slug":"radio-statt-romer-radio-frankfurt-ubertragt-groses-stadtgelaut","status":"publish","type":"post","link":"https:\/\/www.achimbrueckner.de\/dxradio\/php\/wordpress\/?p=31307","title":{"rendered":"Radio statt R\u00f6mer: Radio Frankfurt \u00fcbertr\u00e4gt Gro\u00dfes Stadtgel\u00e4ut"},"content":{"rendered":"<p><a href=\"https:\/\/www.radiowoche.de\/radio-statt-roemer-radio-frankfurt-uebertraegt-grosses-stadtgelaeut\/\" rel=\"noopener\" target=\"_blank\">https:\/\/www.radiowoche.de\/radio-statt-roemer-radio-frankfurt-uebertraegt-grosses-stadtgelaeut\/<\/a><\/p>\n","protected":false},"excerpt":{"rendered":"<p>https:\/\/www.radiowoche.de\/radio-statt-roemer-radio-frankfurt-uebertraegt-grosses-stadtgelaeut\/<\/p>\n","protected":false},"author":1,"featured_media":0,"comment_status":"closed","ping_status":"open","sticky":false,"template":"","format":"standard","meta":{"_jetpack_memberships_contains_paid_content":false,"footnotes":"","jetpack_publicize_message":"","jetpack_publicize_feature_enabled":true,"jetpack_social_post_already_shared":true,"jetpack_social_options":{"image_generator_settings":{"template":"highway","default_image_id":0,"font":"","enabled":false},"version":2}},"categories":[1],"tags":[],"class_list":["post-31307","post","type-post","status-publish","format-standard","hentry","category-deutsch"],"jetpack_publicize_connections":[],"jetpack_featured_media_url":"","jetpack_sharing_enabled":true,"jetpack_shortlink":"https:\/\/wp.me\/p5CDmr-88X","jetpack-related-posts":[{"id":28167,"url":"https:\/\/www.achimbrueckner.de\/dxradio\/php\/wordpress\/?p=28167","url_meta":{"origin":31307,"position":0},"title":"Hinten statt vorne: Radio Frankfurt schie\u00dft Eigentor","author":"Administrator","date":"April 16, 2020","format":false,"excerpt":"https:\/\/www.smartphonefan.de\/2020\/04\/16\/hinten-statt-vorne-radio-frankfurt-schiesst-eigentor\/","rel":"","context":"In &quot;Deutsch&quot;","block_context":{"text":"Deutsch","link":"https:\/\/www.achimbrueckner.de\/dxradio\/php\/wordpress\/?cat=1"},"img":{"alt_text":"","src":"","width":0,"height":0},"classes":[]},{"id":43712,"url":"https:\/\/www.achimbrueckner.de\/dxradio\/php\/wordpress\/?p=43712","url_meta":{"origin":31307,"position":1},"title":"Greatest Hits statt aktuellem Pop: Formatwechsel bei Radio Frankfurt","author":"Administrator","date":"September 3, 2025","format":false,"excerpt":"https:\/\/www.radioblog.eu\/2025\/09\/03\/greatest-hits-statt-aktuellem-pop-formatwechsel-bei-radio-frankfurt\/","rel":"","context":"In &quot;Deutsch&quot;","block_context":{"text":"Deutsch","link":"https:\/\/www.achimbrueckner.de\/dxradio\/php\/wordpress\/?cat=1"},"img":{"alt_text":"","src":"","width":0,"height":0},"classes":[]},{"id":34552,"url":"https:\/\/www.achimbrueckner.de\/dxradio\/php\/wordpress\/?p=34552","url_meta":{"origin":31307,"position":2},"title":"Gro\u00dfes App-Update bei HIT RADIO FFH, planet radio und harmony.fm","author":"Administrator","date":"February 2, 2022","format":false,"excerpt":"https:\/\/www.radiowoche.de\/grosses-app-update-bei-hit-radio-ffh-planet-radio-und-harmony-fm\/","rel":"","context":"In &quot;Deutsch&quot;","block_context":{"text":"Deutsch","link":"https:\/\/www.achimbrueckner.de\/dxradio\/php\/wordpress\/?cat=1"},"img":{"alt_text":"","src":"","width":0,"height":0},"classes":[]},{"id":23664,"url":"https:\/\/www.achimbrueckner.de\/dxradio\/php\/wordpress\/?p=23664","url_meta":{"origin":31307,"position":3},"title":"Gro\u00dfes Interesse an den Platten aus Vinyl bei der Radio- und Phonob\u00f6rse in St. Georgen","author":"Administrator","date":"July 7, 2019","format":false,"excerpt":"https:\/\/www.suedkurier.de\/region\/schwarzwald\/st-georgen\/Grosses-Interesse-an-den-Platten-aus-Vinyl-bei-der-Radio-und-Phonoboerse-in-St-Georgen;art410944,10190197","rel":"","context":"In &quot;Deutsch&quot;","block_context":{"text":"Deutsch","link":"https:\/\/www.achimbrueckner.de\/dxradio\/php\/wordpress\/?cat=1"},"img":{"alt_text":"","src":"","width":0,"height":0},"classes":[]},{"id":25895,"url":"https:\/\/www.achimbrueckner.de\/dxradio\/php\/wordpress\/?p=25895","url_meta":{"origin":31307,"position":4},"title":"Frankfurt: Radio X aus dem Wohnzimmer","author":"Administrator","date":"November 22, 2019","format":false,"excerpt":"https:\/\/www.fr.de\/frankfurt\/frankfurt-radio-wohnzimmer-zr-13227026.html","rel":"","context":"In &quot;Deutsch&quot;","block_context":{"text":"Deutsch","link":"https:\/\/www.achimbrueckner.de\/dxradio\/php\/wordpress\/?cat=1"},"img":{"alt_text":"","src":"","width":0,"height":0},"classes":[]},{"id":27779,"url":"https:\/\/www.achimbrueckner.de\/dxradio\/php\/wordpress\/?p=27779","url_meta":{"origin":31307,"position":5},"title":"Antenne Frankfurt hei\u00dft ab Montag \u201cRadio Frankfurt\u201d","author":"Administrator","date":"March 27, 2020","format":false,"excerpt":"https:\/\/www.radioszene.de\/142297\/radio-frankfurt-ohne-antenne.html","rel":"","context":"In &quot;Deutsch&quot;","block_context":{"text":"Deutsch","link":"https:\/\/www.achimbrueckner.de\/dxradio\/php\/wordpress\/?cat=1"},"img":{"alt_text":"","src":"","width":0,"height":0},"classes":[]}],"_links":{"self":[{"href":"https:\/\/www.achimbrueckner.de\/dxradio\/php\/wordpress\/index.php?rest_route=\/wp\/v2\/posts\/31307","targetHints":{"allow":["GET"]}}],"collection":[{"href":"https:\/\/www.achimbrueckner.de\/dxradio\/php\/wordpress\/index.php?rest_route=\/wp\/v2\/posts"}],"about":[{"href":"https:\/\/www.achimbrueckner.de\/dxradio\/php\/wordpress\/index.php?rest_route=\/wp\/v2\/types\/post"}],"author":[{"embeddable":true,"href":"https:\/\/www.achimbrueckner.de\/dxradio\/php\/wordpress\/index.php?rest_route=\/wp\/v2\/users\/1"}],"replies":[{"embeddable":true,"href":"https:\/\/www.achimbrueckner.de\/dxradio\/php\/wordpress\/index.php?rest_route=%2Fwp%2Fv2%2Fcomments&post=31307"}],"version-history":[{"count":0,"href":"https:\/\/www.achimbrueckner.de\/dxradio\/php\/wordpress\/index.php?rest_route=\/wp\/v2\/posts\/31307\/revisions"}],"wp:attachment":[{"href":"https:\/\/www.achimbrueckner.de\/dxradio\/php\/wordpress\/index.php?rest_route=%2Fwp%2Fv2%2Fmedia&parent=31307"}],"wp:term":[{"taxonomy":"category","embeddable":true,"href":"https:\/\/www.achimbrueckner.de\/dxradio\/php\/wordpress\/index.php?rest_route=%2Fwp%2Fv2%2Fcategories&post=31307"},{"taxonomy":"post_tag","embeddable":true,"href":"https:\/\/www.achimbrueckner.de\/dxradio\/php\/wordpress\/index.php?rest_route=%2Fwp%2Fv2%2Ftags&post=31307"}],"curies":[{"name":"wp","href":"https:\/\/api.w.org\/{rel}","templated":true}]}}