{"id":31311,"date":"2020-12-23T10:25:34","date_gmt":"2020-12-23T10:25:34","guid":{"rendered":"https:\/\/www.achimbrueckner.de\/dxradio\/php\/wordpress\/?p=31311"},"modified":"2020-12-23T10:25:34","modified_gmt":"2020-12-23T10:25:34","slug":"radio-calima-und-italiana-fm-italienische-programme-auf-den-kanarischen-inseln","status":"publish","type":"post","link":"https:\/\/www.achimbrueckner.de\/dxradio\/php\/wordpress\/?p=31311","title":{"rendered":"Radio Calima und Italiana FM: Italienische Programme auf den Kanarischen Inseln"},"content":{"rendered":"<p><a href=\"https:\/\/www.smartphonefan.de\/2020\/12\/22\/radio-calima-und-italiana-fm-italienische-programme-auf-den-kanarischen-inseln\/\" rel=\"noopener\" target=\"_blank\">https:\/\/www.smartphonefan.de\/2020\/12\/22\/radio-calima-und-italiana-fm-italienische-programme-auf-den-kanarischen-inseln\/<\/a><\/p>\n","protected":false},"excerpt":{"rendered":"<p>https:\/\/www.smartphonefan.de\/2020\/12\/22\/radio-calima-und-italiana-fm-italienische-programme-auf-den-kanarischen-inseln\/<\/p>\n","protected":false},"author":1,"featured_media":0,"comment_status":"closed","ping_status":"open","sticky":false,"template":"","format":"standard","meta":{"_jetpack_memberships_contains_paid_content":false,"footnotes":"","jetpack_publicize_message":"","jetpack_publicize_feature_enabled":true,"jetpack_social_post_already_shared":true,"jetpack_social_options":{"image_generator_settings":{"template":"highway","default_image_id":0,"font":"","enabled":false},"version":2}},"categories":[1],"tags":[24,28],"class_list":["post-31311","post","type-post","status-publish","format-standard","hentry","category-deutsch","tag-am","tag-fm"],"jetpack_publicize_connections":[],"jetpack_featured_media_url":"","jetpack_sharing_enabled":true,"jetpack_shortlink":"https:\/\/wp.me\/p5CDmr-891","jetpack-related-posts":[{"id":22197,"url":"https:\/\/www.achimbrueckner.de\/dxradio\/php\/wordpress\/?p=22197","url_meta":{"origin":31311,"position":0},"title":"\u00dcbersicht: Deutschsprachiges Radio auf den Kanarischen Inseln","author":"Administrator","date":"March 17, 2019","format":false,"excerpt":"https:\/\/www.smartphonefan.de\/2019\/03\/17\/uebersicht-deutschsprachiges-radio-auf-den-kanarischen-inseln\/","rel":"","context":"In &quot;Deutsch&quot;","block_context":{"text":"Deutsch","link":"https:\/\/www.achimbrueckner.de\/dxradio\/php\/wordpress\/?cat=1"},"img":{"alt_text":"","src":"","width":0,"height":0},"classes":[]},{"id":30068,"url":"https:\/\/www.achimbrueckner.de\/dxradio\/php\/wordpress\/?p=30068","url_meta":{"origin":31311,"position":1},"title":"Radiokrieg auf den Kanarischen Inseln","author":"Administrator","date":"September 14, 2020","format":false,"excerpt":"https:\/\/www.smartphonefan.de\/2020\/09\/14\/radiokrieg-auf-den-kanarischen-inseln\/","rel":"","context":"In &quot;Deutsch&quot;","block_context":{"text":"Deutsch","link":"https:\/\/www.achimbrueckner.de\/dxradio\/php\/wordpress\/?cat=1"},"img":{"alt_text":"","src":"","width":0,"height":0},"classes":[]},{"id":42240,"url":"https:\/\/www.achimbrueckner.de\/dxradio\/php\/wordpress\/?p=42240","url_meta":{"origin":31311,"position":2},"title":"DAB+ in der Schweiz: Italienische statt deutsche Programme im Tessin","author":"Administrator","date":"February 24, 2025","format":false,"excerpt":"https:\/\/www.digitalfernsehen.de\/news\/empfang\/radio\/dab-in-der-schweiz-italienische-statt-deutsche-programme-im-tessin-1135504\/","rel":"","context":"In &quot;Deutsch&quot;","block_context":{"text":"Deutsch","link":"https:\/\/www.achimbrueckner.de\/dxradio\/php\/wordpress\/?cat=1"},"img":{"alt_text":"","src":"","width":0,"height":0},"classes":[]},{"id":30908,"url":"https:\/\/www.achimbrueckner.de\/dxradio\/php\/wordpress\/?p=30908","url_meta":{"origin":31311,"position":3},"title":"Coast FM, Gold FM und Radio Brian: Drei englische Programme auf Gran Canaria","author":"Administrator","date":"November 30, 2020","format":false,"excerpt":"https:\/\/www.smartphonefan.de\/2020\/11\/30\/coast-fm-gold-fm-und-radio-brian-drei-englische-programme-auf-gran-canaria\/","rel":"","context":"In &quot;Deutsch&quot;","block_context":{"text":"Deutsch","link":"https:\/\/www.achimbrueckner.de\/dxradio\/php\/wordpress\/?cat=1"},"img":{"alt_text":"","src":"","width":0,"height":0},"classes":[]},{"id":34200,"url":"https:\/\/www.achimbrueckner.de\/dxradio\/php\/wordpress\/?p=34200","url_meta":{"origin":31311,"position":4},"title":"FMK Weihnachten 2021","author":"Administrator","date":"December 18, 2021","format":false,"excerpt":"Hallo liebe Radiofreunde, es wird dieses Jahr keinen DX-Marathon geben an dem sich FM Kompakt bzw. Radio Klein Paris beteiligen. Trotzdem habe ich mir etwas, einen kleinen Kontest, \u00fcberlegt. FM Kompakt hat in den Programmen von Partnerstationen jeweils einen Gru\u00df platziert und auch Musikw\u00fcnsche ge\u00e4u\u00dfert. Schaltet bitte folgende Programme ein\u2026","rel":"","context":"In &quot;Deutsch&quot;","block_context":{"text":"Deutsch","link":"https:\/\/www.achimbrueckner.de\/dxradio\/php\/wordpress\/?cat=1"},"img":{"alt_text":"","src":"","width":0,"height":0},"classes":[]},{"id":40245,"url":"https:\/\/www.achimbrueckner.de\/dxradio\/php\/wordpress\/?p=40245","url_meta":{"origin":31311,"position":5},"title":"Italienische Mittelwelle 29.9.23","author":"Administrator","date":"October 1, 2023","format":false,"excerpt":"Italienische Mittelwelle: 29.9.23 - 19.15-19.35 UTC herum 1188 Radio Studio X O=4-5 1350 Radio Z100 O=4 1575 R. Centrale Milano O=3-4 Centrale Milano mit ruhiger, schlager\u00e4hnlicher Musik Geh\u00f6rt habe ich die mit dem Sangean ATS 909X2 heute im Garten Von R. Calcio auf 1539 habe ich noch nichts geh\u00f6rt Info\u2026","rel":"","context":"In &quot;Deutsch&quot;","block_context":{"text":"Deutsch","link":"https:\/\/www.achimbrueckner.de\/dxradio\/php\/wordpress\/?cat=1"},"img":{"alt_text":"","src":"","width":0,"height":0},"classes":[]}],"_links":{"self":[{"href":"https:\/\/www.achimbrueckner.de\/dxradio\/php\/wordpress\/index.php?rest_route=\/wp\/v2\/posts\/31311","targetHints":{"allow":["GET"]}}],"collection":[{"href":"https:\/\/www.achimbrueckner.de\/dxradio\/php\/wordpress\/index.php?rest_route=\/wp\/v2\/posts"}],"about":[{"href":"https:\/\/www.achimbrueckner.de\/dxradio\/php\/wordpress\/index.php?rest_route=\/wp\/v2\/types\/post"}],"author":[{"embeddable":true,"href":"https:\/\/www.achimbrueckner.de\/dxradio\/php\/wordpress\/index.php?rest_route=\/wp\/v2\/users\/1"}],"replies":[{"embeddable":true,"href":"https:\/\/www.achimbrueckner.de\/dxradio\/php\/wordpress\/index.php?rest_route=%2Fwp%2Fv2%2Fcomments&post=31311"}],"version-history":[{"count":0,"href":"https:\/\/www.achimbrueckner.de\/dxradio\/php\/wordpress\/index.php?rest_route=\/wp\/v2\/posts\/31311\/revisions"}],"wp:attachment":[{"href":"https:\/\/www.achimbrueckner.de\/dxradio\/php\/wordpress\/index.php?rest_route=%2Fwp%2Fv2%2Fmedia&parent=31311"}],"wp:term":[{"taxonomy":"category","embeddable":true,"href":"https:\/\/www.achimbrueckner.de\/dxradio\/php\/wordpress\/index.php?rest_route=%2Fwp%2Fv2%2Fcategories&post=31311"},{"taxonomy":"post_tag","embeddable":true,"href":"https:\/\/www.achimbrueckner.de\/dxradio\/php\/wordpress\/index.php?rest_route=%2Fwp%2Fv2%2Ftags&post=31311"}],"curies":[{"name":"wp","href":"https:\/\/api.w.org\/{rel}","templated":true}]}}