{"id":31339,"date":"2020-12-23T15:11:38","date_gmt":"2020-12-23T15:11:38","guid":{"rendered":"https:\/\/www.achimbrueckner.de\/dxradio\/php\/wordpress\/?p=31339"},"modified":"2020-12-23T15:11:38","modified_gmt":"2020-12-23T15:11:38","slug":"50-geschichten-aus-100-jahren-radio","status":"publish","type":"post","link":"https:\/\/www.achimbrueckner.de\/dxradio\/php\/wordpress\/?p=31339","title":{"rendered":"50 Geschichten aus 100 Jahren Radio"},"content":{"rendered":"<p><a href=\"https:\/\/www.n-tv.de\/leute\/buecher\/50-Geschichten-aus-100-Jahren-Radio-article21634050.html\" rel=\"noopener\" target=\"_blank\">https:\/\/www.n-tv.de\/leute\/buecher\/50-Geschichten-aus-100-Jahren-Radio-article21634050.html<\/a><\/p>\n","protected":false},"excerpt":{"rendered":"<p>https:\/\/www.n-tv.de\/leute\/buecher\/50-Geschichten-aus-100-Jahren-Radio-article21634050.html<\/p>\n","protected":false},"author":1,"featured_media":0,"comment_status":"closed","ping_status":"open","sticky":false,"template":"","format":"standard","meta":{"_jetpack_memberships_contains_paid_content":false,"footnotes":"","jetpack_publicize_message":"","jetpack_publicize_feature_enabled":true,"jetpack_social_post_already_shared":true,"jetpack_social_options":{"image_generator_settings":{"template":"highway","default_image_id":0,"font":"","enabled":false},"version":2}},"categories":[1],"tags":[],"class_list":["post-31339","post","type-post","status-publish","format-standard","hentry","category-deutsch"],"jetpack_publicize_connections":[],"jetpack_featured_media_url":"","jetpack_sharing_enabled":true,"jetpack_shortlink":"https:\/\/wp.me\/p5CDmr-89t","jetpack-related-posts":[{"id":28597,"url":"https:\/\/www.achimbrueckner.de\/dxradio\/php\/wordpress\/?p=28597","url_meta":{"origin":31339,"position":0},"title":"Buchtipp: \u201cEine Prise Funkgeschichte\u201d erz\u00e4hlt Geschichten aus 100 Jahren Rundfunk","author":"Administrator","date":"May 11, 2020","format":false,"excerpt":"http:\/\/www.radiowoche.de\/buchvorstellung-eine-prise-funkgeschichte-erzaehlt-geschichten-aus-100-jahren-rundfunk\/","rel":"","context":"In &quot;Deutsch&quot;","block_context":{"text":"Deutsch","link":"https:\/\/www.achimbrueckner.de\/dxradio\/php\/wordpress\/?cat=1"},"img":{"alt_text":"","src":"","width":0,"height":0},"classes":[]},{"id":39127,"url":"https:\/\/www.achimbrueckner.de\/dxradio\/php\/wordpress\/?p=39127","url_meta":{"origin":31339,"position":1},"title":"Radio.Die Show \u2013 Geschichten aus 100 Jahren Rundfunk","author":"Administrator","date":"March 26, 2023","format":false,"excerpt":"https:\/\/www.kulturbund-dahme-spreewald.de\/events\/eine-prise-funkgeschichte-die-radioshow-zu-100-jahre-rundfunk\/","rel":"","context":"In &quot;Deutsch&quot;","block_context":{"text":"Deutsch","link":"https:\/\/www.achimbrueckner.de\/dxradio\/php\/wordpress\/?cat=1"},"img":{"alt_text":"","src":"","width":0,"height":0},"classes":[]},{"id":37347,"url":"https:\/\/www.achimbrueckner.de\/dxradio\/php\/wordpress\/?p=37347","url_meta":{"origin":31339,"position":2},"title":"Radio Menschen und Geschichten 28 August 2022","author":"Administrator","date":"August 26, 2022","format":false,"excerpt":"Nach knapp 2 Jahren gibt's noch einmal(?) eine Ausgabe von \"Radio. Menschen & Geschichten\". Reduziert auf 30 Minuten, daf\u00fcr mit allen wichtigen Inhaltsstoffen f\u00fcr eine hoffentlich ausgewogene Ohr-Kost ohne Massenausw\u00fcrfe mit folgenden Themen: * Tag 186 des russischen Angriffskrieges auf die Ukraine \u2013 und er geht auch nicht am Rundfunk\u2026","rel":"","context":"In &quot;Deutsch&quot;","block_context":{"text":"Deutsch","link":"https:\/\/www.achimbrueckner.de\/dxradio\/php\/wordpress\/?cat=1"},"img":{"alt_text":"","src":"","width":0,"height":0},"classes":[]},{"id":7376,"url":"https:\/\/www.achimbrueckner.de\/dxradio\/php\/wordpress\/?p=7376","url_meta":{"origin":31339,"position":3},"title":"31. Januar 2016 Sonntag ab 10 Uhr MEZ: &#8220;Radio. Menschen &#038; Geschichten&#8221;","author":"Administrator","date":"January 26, 2016","format":false,"excerpt":"Hallo in die Runde, Wir haben ja schon \u00fcber ein neues \"Radio-im-Radio-Magazin\" hier berichtet.. Dieses \"Corona-freie\", Ihr wisst schon. In 5 Tagen geht es dann also los mit Ausgabe 1. In den letzten Tagen hat sich einiges getan. Der Name steht fest: \"Radio. Menschen und Geschichten\". Ne Facebookseite gibt's derweil\u2026","rel":"","context":"In &quot;Deutsch&quot;","block_context":{"text":"Deutsch","link":"https:\/\/www.achimbrueckner.de\/dxradio\/php\/wordpress\/?cat=1"},"img":{"alt_text":"","src":"","width":0,"height":0},"classes":[]},{"id":15933,"url":"https:\/\/www.achimbrueckner.de\/dxradio\/php\/wordpress\/?p=15933","url_meta":{"origin":31339,"position":4},"title":"SWS Programmtipps f\u00fcr den Rest des Dezembers 2017","author":"Administrator","date":"December 16, 2017","format":false,"excerpt":"Liebe Radiofreunde, das Jahr neigt sich dem Ende zu und wir melden uns ein letztes mal mit einer \u00dcbersicht an Sondersendungen und Programmtipps. Die Dezember-Sendung von Radio. \"Menschen und Geschichten\" ist die Ausgabe, in der wir nur Radiomenschen und deren Geschichten bringen. Alexander Tauscher geht seit Jahren auf Radioreise. Er\u2026","rel":"","context":"In &quot;Deutsch&quot;","block_context":{"text":"Deutsch","link":"https:\/\/www.achimbrueckner.de\/dxradio\/php\/wordpress\/?cat=1"},"img":{"alt_text":"","src":"","width":0,"height":0},"classes":[]},{"id":30165,"url":"https:\/\/www.achimbrueckner.de\/dxradio\/php\/wordpress\/?p=30165","url_meta":{"origin":31339,"position":5},"title":"Von Kerkeling bis Loriot: 10 Highlights aus 75 Jahren Radio Bremen","author":"Administrator","date":"September 21, 2020","format":false,"excerpt":"https:\/\/www.butenunbinnen.de\/nachrichten\/gesellschaft\/fuenfundsiebzig-jahre-radio-bremen-jubilaeum-100.html","rel":"","context":"In &quot;Deutsch&quot;","block_context":{"text":"Deutsch","link":"https:\/\/www.achimbrueckner.de\/dxradio\/php\/wordpress\/?cat=1"},"img":{"alt_text":"","src":"","width":0,"height":0},"classes":[]}],"_links":{"self":[{"href":"https:\/\/www.achimbrueckner.de\/dxradio\/php\/wordpress\/index.php?rest_route=\/wp\/v2\/posts\/31339","targetHints":{"allow":["GET"]}}],"collection":[{"href":"https:\/\/www.achimbrueckner.de\/dxradio\/php\/wordpress\/index.php?rest_route=\/wp\/v2\/posts"}],"about":[{"href":"https:\/\/www.achimbrueckner.de\/dxradio\/php\/wordpress\/index.php?rest_route=\/wp\/v2\/types\/post"}],"author":[{"embeddable":true,"href":"https:\/\/www.achimbrueckner.de\/dxradio\/php\/wordpress\/index.php?rest_route=\/wp\/v2\/users\/1"}],"replies":[{"embeddable":true,"href":"https:\/\/www.achimbrueckner.de\/dxradio\/php\/wordpress\/index.php?rest_route=%2Fwp%2Fv2%2Fcomments&post=31339"}],"version-history":[{"count":0,"href":"https:\/\/www.achimbrueckner.de\/dxradio\/php\/wordpress\/index.php?rest_route=\/wp\/v2\/posts\/31339\/revisions"}],"wp:attachment":[{"href":"https:\/\/www.achimbrueckner.de\/dxradio\/php\/wordpress\/index.php?rest_route=%2Fwp%2Fv2%2Fmedia&parent=31339"}],"wp:term":[{"taxonomy":"category","embeddable":true,"href":"https:\/\/www.achimbrueckner.de\/dxradio\/php\/wordpress\/index.php?rest_route=%2Fwp%2Fv2%2Fcategories&post=31339"},{"taxonomy":"post_tag","embeddable":true,"href":"https:\/\/www.achimbrueckner.de\/dxradio\/php\/wordpress\/index.php?rest_route=%2Fwp%2Fv2%2Ftags&post=31339"}],"curies":[{"name":"wp","href":"https:\/\/api.w.org\/{rel}","templated":true}]}}