{"id":31341,"date":"2020-12-23T15:17:30","date_gmt":"2020-12-23T15:17:30","guid":{"rendered":"https:\/\/www.achimbrueckner.de\/dxradio\/php\/wordpress\/?p=31341"},"modified":"2020-12-23T15:17:30","modified_gmt":"2020-12-23T15:17:30","slug":"mosambik-mit-theater-und-radio-gegen-wilderei","status":"publish","type":"post","link":"https:\/\/www.achimbrueckner.de\/dxradio\/php\/wordpress\/?p=31341","title":{"rendered":"Mosambik: Mit Theater und Radio gegen Wilderei"},"content":{"rendered":"<p><a href=\"https:\/\/www.dw.com\/de\/mosambik-mit-theater-und-radio-gegen-wilderei\/a-55952818\" rel=\"noopener\" target=\"_blank\">https:\/\/www.dw.com\/de\/mosambik-mit-theater-und-radio-gegen-wilderei\/a-55952818<\/a><\/p>\n","protected":false},"excerpt":{"rendered":"<p>https:\/\/www.dw.com\/de\/mosambik-mit-theater-und-radio-gegen-wilderei\/a-55952818<\/p>\n","protected":false},"author":1,"featured_media":0,"comment_status":"closed","ping_status":"open","sticky":false,"template":"","format":"standard","meta":{"_jetpack_memberships_contains_paid_content":false,"footnotes":"","jetpack_publicize_message":"","jetpack_publicize_feature_enabled":true,"jetpack_social_post_already_shared":true,"jetpack_social_options":{"image_generator_settings":{"template":"highway","default_image_id":0,"font":"","enabled":false},"version":2}},"categories":[1],"tags":[24],"class_list":["post-31341","post","type-post","status-publish","format-standard","hentry","category-deutsch","tag-am"],"jetpack_publicize_connections":[],"jetpack_featured_media_url":"","jetpack_sharing_enabled":true,"jetpack_shortlink":"https:\/\/wp.me\/p5CDmr-89v","jetpack-related-posts":[{"id":23941,"url":"https:\/\/www.achimbrueckner.de\/dxradio\/php\/wordpress\/?p=23941","url_meta":{"origin":31341,"position":0},"title":"Drohungen und Angriffe gegen Journalisten Wie umgehen mit dem Hass im Netz?","author":"Administrator","date":"July 23, 2019","format":false,"excerpt":"https:\/\/www.deutschlandfunk.de\/drohungen-und-angriffe-gegen-journalisten-wie-umgehen-mit.2907.de.html?dram:article_id=454563","rel":"","context":"In &quot;Deutsch&quot;","block_context":{"text":"Deutsch","link":"https:\/\/www.achimbrueckner.de\/dxradio\/php\/wordpress\/?cat=1"},"img":{"alt_text":"","src":"","width":0,"height":0},"classes":[]},{"id":35086,"url":"https:\/\/www.achimbrueckner.de\/dxradio\/php\/wordpress\/?p=35086","url_meta":{"origin":31341,"position":1},"title":"Kampf gegen Desinformation:  Mit KI und Crowdsourcing gegen Fake News","author":"Administrator","date":"March 10, 2022","format":false,"excerpt":"https:\/\/netzpolitik.org\/2022\/kampf-gegen-desinformation-mit-ki-und-crowdsourcing-gegen-fake-news\/","rel":"","context":"In &quot;Deutsch&quot;","block_context":{"text":"Deutsch","link":"https:\/\/www.achimbrueckner.de\/dxradio\/php\/wordpress\/?cat=1"},"img":{"alt_text":"","src":"","width":0,"height":0},"classes":[]},{"id":26563,"url":"https:\/\/www.achimbrueckner.de\/dxradio\/php\/wordpress\/?p=26563","url_meta":{"origin":31341,"position":2},"title":"Medien in Mosambik Viel Idealismus, wenig Freiheit","author":"Administrator","date":"January 6, 2020","format":false,"excerpt":"https:\/\/www.deutschlandfunk.de\/medien-in-mosambik-viel-idealismus-wenig-freiheit.2907.de.html?dram:article_id=467242","rel":"","context":"In &quot;Deutsch&quot;","block_context":{"text":"Deutsch","link":"https:\/\/www.achimbrueckner.de\/dxradio\/php\/wordpress\/?cat=1"},"img":{"alt_text":"","src":"","width":0,"height":0},"classes":[]},{"id":19698,"url":"https:\/\/www.achimbrueckner.de\/dxradio\/php\/wordpress\/?p=19698","url_meta":{"origin":31341,"position":3},"title":"Sch\u00e4fer k\u00e4mpft mit Radio gegen W\u00f6lfe","author":"Administrator","date":"October 23, 2018","format":false,"excerpt":"https:\/\/www.mdr.de\/sachsen-anhalt\/dessau\/wittenberg\/schaefer-gegen-woelfe-mit-radio-100.html","rel":"","context":"In &quot;Deutsch&quot;","block_context":{"text":"Deutsch","link":"https:\/\/www.achimbrueckner.de\/dxradio\/php\/wordpress\/?cat=1"},"img":{"alt_text":"","src":"","width":0,"height":0},"classes":[]},{"id":44003,"url":"https:\/\/www.achimbrueckner.de\/dxradio\/php\/wordpress\/?p=44003","url_meta":{"origin":31341,"position":4},"title":"6095 Radio Ambiance aus Finnland","author":"Administrator","date":"October 14, 2025","format":false,"excerpt":"Ich habe gegen 1730 Ut auf 6095 Radio Ambiance aus Finnland empfangen und mir den Empfang per Mail best\u00e4tigen lassen. Toni Hallikas erkl\u00e4rt er sendet mit 35 Watt. Mehr erlaubt seine Lizenz nicht. Info via Facebook A-DX","rel":"","context":"In &quot;Deutsch&quot;","block_context":{"text":"Deutsch","link":"https:\/\/www.achimbrueckner.de\/dxradio\/php\/wordpress\/?cat=1"},"img":{"alt_text":"","src":"","width":0,"height":0},"classes":[]},{"id":29262,"url":"https:\/\/www.achimbrueckner.de\/dxradio\/php\/wordpress\/?p=29262","url_meta":{"origin":31341,"position":5},"title":"RADIO 21 nimmt gemeinsam mit Kunden Song gegen Krisenstimmung im lokalen Handel auf","author":"Administrator","date":"July 1, 2020","format":false,"excerpt":"http:\/\/www.radiowoche.de\/radio-21-nimmt-gemeinsam-mit-kunden-song-gegen-krisenstimmung-im-lokalen-handel-auf\/","rel":"","context":"In &quot;Deutsch&quot;","block_context":{"text":"Deutsch","link":"https:\/\/www.achimbrueckner.de\/dxradio\/php\/wordpress\/?cat=1"},"img":{"alt_text":"","src":"","width":0,"height":0},"classes":[]}],"_links":{"self":[{"href":"https:\/\/www.achimbrueckner.de\/dxradio\/php\/wordpress\/index.php?rest_route=\/wp\/v2\/posts\/31341","targetHints":{"allow":["GET"]}}],"collection":[{"href":"https:\/\/www.achimbrueckner.de\/dxradio\/php\/wordpress\/index.php?rest_route=\/wp\/v2\/posts"}],"about":[{"href":"https:\/\/www.achimbrueckner.de\/dxradio\/php\/wordpress\/index.php?rest_route=\/wp\/v2\/types\/post"}],"author":[{"embeddable":true,"href":"https:\/\/www.achimbrueckner.de\/dxradio\/php\/wordpress\/index.php?rest_route=\/wp\/v2\/users\/1"}],"replies":[{"embeddable":true,"href":"https:\/\/www.achimbrueckner.de\/dxradio\/php\/wordpress\/index.php?rest_route=%2Fwp%2Fv2%2Fcomments&post=31341"}],"version-history":[{"count":0,"href":"https:\/\/www.achimbrueckner.de\/dxradio\/php\/wordpress\/index.php?rest_route=\/wp\/v2\/posts\/31341\/revisions"}],"wp:attachment":[{"href":"https:\/\/www.achimbrueckner.de\/dxradio\/php\/wordpress\/index.php?rest_route=%2Fwp%2Fv2%2Fmedia&parent=31341"}],"wp:term":[{"taxonomy":"category","embeddable":true,"href":"https:\/\/www.achimbrueckner.de\/dxradio\/php\/wordpress\/index.php?rest_route=%2Fwp%2Fv2%2Fcategories&post=31341"},{"taxonomy":"post_tag","embeddable":true,"href":"https:\/\/www.achimbrueckner.de\/dxradio\/php\/wordpress\/index.php?rest_route=%2Fwp%2Fv2%2Ftags&post=31341"}],"curies":[{"name":"wp","href":"https:\/\/api.w.org\/{rel}","templated":true}]}}