{"id":31343,"date":"2020-12-23T15:21:10","date_gmt":"2020-12-23T15:21:10","guid":{"rendered":"https:\/\/www.achimbrueckner.de\/dxradio\/php\/wordpress\/?p=31343"},"modified":"2020-12-23T15:21:10","modified_gmt":"2020-12-23T15:21:10","slug":"wie-das-radio-in-deutschland-kult-wurde","status":"publish","type":"post","link":"https:\/\/www.achimbrueckner.de\/dxradio\/php\/wordpress\/?p=31343","title":{"rendered":"Wie das Radio in Deutschland Kult wurde"},"content":{"rendered":"<p><a href=\"https:\/\/www.dw.com\/de\/wie-das-radio-in-deutschland-kult-wurde\/a-55957432\" rel=\"noopener\" target=\"_blank\">https:\/\/www.dw.com\/de\/wie-das-radio-in-deutschland-kult-wurde\/a-55957432<\/a><\/p>\n","protected":false},"excerpt":{"rendered":"<p>https:\/\/www.dw.com\/de\/wie-das-radio-in-deutschland-kult-wurde\/a-55957432<\/p>\n","protected":false},"author":1,"featured_media":0,"comment_status":"closed","ping_status":"open","sticky":false,"template":"","format":"standard","meta":{"_jetpack_memberships_contains_paid_content":false,"footnotes":"","jetpack_publicize_message":"","jetpack_publicize_feature_enabled":true,"jetpack_social_post_already_shared":true,"jetpack_social_options":{"image_generator_settings":{"template":"highway","default_image_id":0,"font":"","enabled":false},"version":2}},"categories":[1],"tags":[],"class_list":["post-31343","post","type-post","status-publish","format-standard","hentry","category-deutsch"],"jetpack_publicize_connections":[],"jetpack_featured_media_url":"","jetpack_sharing_enabled":true,"jetpack_shortlink":"https:\/\/wp.me\/p5CDmr-89x","jetpack-related-posts":[{"id":2201,"url":"https:\/\/www.achimbrueckner.de\/dxradio\/php\/wordpress\/?p=2201","url_meta":{"origin":31343,"position":0},"title":"Wie das Radio Massenmedium wurde","author":"Administrator","date":"March 28, 2012","format":false,"excerpt":"Wie das Radio Massenmedium wurde http:\/\/www.ndr.de\/ndrkultur\/programm\/kurtmagnusradiogeschichte101.html","rel":"","context":"In &quot;Deutsch&quot;","block_context":{"text":"Deutsch","link":"https:\/\/www.achimbrueckner.de\/dxradio\/php\/wordpress\/?cat=1"},"img":{"alt_text":"","src":"","width":0,"height":0},"classes":[]},{"id":33672,"url":"https:\/\/www.achimbrueckner.de\/dxradio\/php\/wordpress\/?p=33672","url_meta":{"origin":31343,"position":1},"title":"Katja Berg: Grenzenlose Unterhaltung: Radio Luxemburg","author":"Administrator","date":"September 29, 2021","format":false,"excerpt":"Buch-Tipp: Auf und Ab der Radiolegende Radio Luxemburg war der gro\u00dfe kommerzielle \u00fcberregionale Sender der 50er- bis 80er-Jahre. In Deutschland wurde er im Saarland und in Nordrhein-Westfalen wegen der N\u00e4he zum Nachbarland und dem damit einhergehenden guten Empfang besonders viel geh\u00f6rt und wird dort heute noch oft nostalgisch verkl\u00e4rt. Das\u2026","rel":"","context":"In &quot;Deutsch&quot;","block_context":{"text":"Deutsch","link":"https:\/\/www.achimbrueckner.de\/dxradio\/php\/wordpress\/?cat=1"},"img":{"alt_text":"","src":"","width":0,"height":0},"classes":[]},{"id":16777,"url":"https:\/\/www.achimbrueckner.de\/dxradio\/php\/wordpress\/?p=16777","url_meta":{"origin":31343,"position":2},"title":"Wie aus elektromagnetischen Wellen das Radio wurde","author":"Administrator","date":"March 5, 2018","format":false,"excerpt":"https:\/\/www.moz.de\/artikel-ansicht\/dg\/0\/1\/1642828\/","rel":"","context":"In &quot;Deutsch&quot;","block_context":{"text":"Deutsch","link":"https:\/\/www.achimbrueckner.de\/dxradio\/php\/wordpress\/?cat=1"},"img":{"alt_text":"","src":"","width":0,"height":0},"classes":[]},{"id":40381,"url":"https:\/\/www.achimbrueckner.de\/dxradio\/php\/wordpress\/?p=40381","url_meta":{"origin":31343,"position":3},"title":"100 Jahre Radio in Deutschland Das private H\u00f6rfunkged\u00e4chtnis des Landes","author":"Administrator","date":"October 21, 2023","format":false,"excerpt":"https:\/\/www.deutschlandfunk.de\/100-jahre-radio-wie-digiandi-privat-radiogeschichte-archiviert-100.html","rel":"","context":"In &quot;Deutsch&quot;","block_context":{"text":"Deutsch","link":"https:\/\/www.achimbrueckner.de\/dxradio\/php\/wordpress\/?cat=1"},"img":{"alt_text":"","src":"","width":0,"height":0},"classes":[]},{"id":1285,"url":"https:\/\/www.achimbrueckner.de\/dxradio\/php\/wordpress\/?p=1285","url_meta":{"origin":31343,"position":4},"title":"90 Jahre Rundfunk aus K\u00f6nigs Wusterhausen","author":"Administrator","date":"December 18, 2010","format":false,"excerpt":"90 Jahre Rundfunk aus K\u00f6nigs Wusterhausen Als am 22. Dezember 1920 auf dem heutigen Funkerberg in der Rundfunkstadt K\u00f6nigs Wusterhausen erstmalig ein Weihnachtskonzert ausgestrahlt wurde, d\u00fcrfte den Beteiligten nicht bewusst gewesen sein, welche historisch bedeutende Leistung sie vollbrachten. Im Sommer 1920 hatten sie begonnen, in der Hauptfunkstelle der Deutschen Reichspost\u2026","rel":"","context":"In &quot;Deutsch&quot;","block_context":{"text":"Deutsch","link":"https:\/\/www.achimbrueckner.de\/dxradio\/php\/wordpress\/?cat=1"},"img":{"alt_text":"","src":"","width":0,"height":0},"classes":[]},{"id":928,"url":"https:\/\/www.achimbrueckner.de\/dxradio\/php\/wordpress\/?p=928","url_meta":{"origin":31343,"position":5},"title":"Alles Gute Polskie Radio!","author":"Administrator","date":"February 26, 2010","format":false,"excerpt":"Der Polnische Rundfunk feiert in diesem Jahr seinen 85. Geburtstag. Aus diesem Grund wollen wir Ihnen heute die Geschichte der gr\u00f6\u00dften polnischen Rundfunkanstalt n\u00e4herbringen. Wie waren die Anf\u00e4nge, was und wie wurde gesendet und wieso wird Polskie Radio bis heute als das Schlagende Herz Polens bezeichnet http:\/\/www.polskieradio.pl\/zagranica\/de\/news\/artykul126446.html Info via A-DX","rel":"","context":"In &quot;Deutsch&quot;","block_context":{"text":"Deutsch","link":"https:\/\/www.achimbrueckner.de\/dxradio\/php\/wordpress\/?cat=1"},"img":{"alt_text":"","src":"","width":0,"height":0},"classes":[]}],"_links":{"self":[{"href":"https:\/\/www.achimbrueckner.de\/dxradio\/php\/wordpress\/index.php?rest_route=\/wp\/v2\/posts\/31343","targetHints":{"allow":["GET"]}}],"collection":[{"href":"https:\/\/www.achimbrueckner.de\/dxradio\/php\/wordpress\/index.php?rest_route=\/wp\/v2\/posts"}],"about":[{"href":"https:\/\/www.achimbrueckner.de\/dxradio\/php\/wordpress\/index.php?rest_route=\/wp\/v2\/types\/post"}],"author":[{"embeddable":true,"href":"https:\/\/www.achimbrueckner.de\/dxradio\/php\/wordpress\/index.php?rest_route=\/wp\/v2\/users\/1"}],"replies":[{"embeddable":true,"href":"https:\/\/www.achimbrueckner.de\/dxradio\/php\/wordpress\/index.php?rest_route=%2Fwp%2Fv2%2Fcomments&post=31343"}],"version-history":[{"count":0,"href":"https:\/\/www.achimbrueckner.de\/dxradio\/php\/wordpress\/index.php?rest_route=\/wp\/v2\/posts\/31343\/revisions"}],"wp:attachment":[{"href":"https:\/\/www.achimbrueckner.de\/dxradio\/php\/wordpress\/index.php?rest_route=%2Fwp%2Fv2%2Fmedia&parent=31343"}],"wp:term":[{"taxonomy":"category","embeddable":true,"href":"https:\/\/www.achimbrueckner.de\/dxradio\/php\/wordpress\/index.php?rest_route=%2Fwp%2Fv2%2Fcategories&post=31343"},{"taxonomy":"post_tag","embeddable":true,"href":"https:\/\/www.achimbrueckner.de\/dxradio\/php\/wordpress\/index.php?rest_route=%2Fwp%2Fv2%2Ftags&post=31343"}],"curies":[{"name":"wp","href":"https:\/\/api.w.org\/{rel}","templated":true}]}}