{"id":31438,"date":"2020-12-30T15:08:55","date_gmt":"2020-12-30T15:08:55","guid":{"rendered":"https:\/\/www.achimbrueckner.de\/dxradio\/php\/wordpress\/?p=31438"},"modified":"2020-12-30T15:08:55","modified_gmt":"2020-12-30T15:08:55","slug":"kritik-an-der-niederlandischen-lpam-politik","status":"publish","type":"post","link":"https:\/\/www.achimbrueckner.de\/dxradio\/php\/wordpress\/?p=31438","title":{"rendered":"Kritik an der niederl\u00e4ndischen LPAM-Politik"},"content":{"rendered":"<p>Kritik an der niederl\u00e4ndischen LPAM-Politik<br \/>\nSeit 2016 als Pilotprojekt und seit 2019 als regul\u00e4re M\u00f6glichkeit k\u00f6nnen Interessenten in den Niederlanden Senderechte f\u00fcr Mittelwellensender kleiner Leistung (\u201elow-power AM\u201c &lt;100 Watt) beantragen. Das tun immer mehr, doch dem DX-Veteranen Max van Arnhem (mwcircle) platzte j\u00fcngst der Kragen. Er bringt technische, aber auch programmliche Gr\u00fcnde gegen die wachsende Vielfalt vor, die nat\u00fcrlich auch DX-M\u00f6glichkeiten auf Mittelwelle verschlie\u00dft.<br \/>\n\u201eEs gibt immer mehr niederl\u00e4ndische LPAMs und auch immer mehr Frequenzen. Ich frage mich, ob dies wirklich den Regeln der ITU entspricht. Anfangs waren die verwendeten Frequenzen den Niederlanden zugewiesen, jetzt werden aber auch andere Frequenzen verwendet. Ein Beispiel ist 918 kHz. Diese Frequenz war nie eine \u201aniederl\u00e4ndische\u2018 Frequenz, wird jetzt aber auch verwendet. Die niederl\u00e4ndischen Beh\u00f6rden sagen, dass bei Beschwerden aus dem Ausland \u00fcber St\u00f6rungen die LPAM-Station auf einer solchen urspr\u00fcnglich nicht \u201aniederl\u00e4ndischen\u2018 Frequenz die \u00dcbertragung sofort einstellen muss. Und auch, dass eine solche nicht niederl\u00e4ndische Frequenz nach einer Vereinbarung mit dem Land, das der urspr\u00fcngliche \u201aEigent\u00fcmer\u2018 dieser Frequenz ist, einem LPAM zugeordnet werden kann. Es wird immer mehr eine verr\u00fcckte Situation. Die Sender sind trotz ihrer kleinen Leistung \u00fcberlokal h\u00f6rbar, aber keiner dieser Sender kann gut empfangen werden, weil es so viele auf derselben Frequenz gibt. Ich registriere auch Frequenzabweichungen, die st\u00f6rende Ger\u00e4usche verursachen. Und last but not least \u00e4hneln ihre Programme mit sehr wenigen Ausnahmen den Programmen der Piraten, die man zwischen 1600 und 1700 kHz h\u00f6rt. Alle diese Programme haben das gleiche Musikformat.\u201c<br \/>\nEs war freilich genau das erkl\u00e4rte politische Ziel gewiesen, \u201eHobbypiraten\u201c einen Weg aus der Illegalit\u00e4t und Strafverfolgung zu erm\u00f6glichen. Wegen des gro\u00dfen Interesses hat Agentschap Telecom weitere Frequenzen gesucht und zehn mit ausl\u00e4ndischen Beh\u00f6rden abgestimmt: 801, 819, 846, 900, 918, 1098, 1134, 1179, 1287 und 1467 kHz. Langj\u00e4hrige Mittelwellenfreunde werden sich hier an relativ frequenzgesch\u00fctzte Gro\u00dfsender erinnern, die aber, teils schon viel l\u00e4nger stillgelegt sind. Die angesprochene Frequenz 918 kHz wurde bis 2017 von Radio Slovenija aus Domzale (600 kW) belegt. Antr\u00e4ge f\u00fcr die neuen Frequenzen konnten ab 4. September 2019 eingereicht werden. In den Niederlanden hat 918 kHz jetzt folgende Belegungen. (Provinzen von Nord nach S\u00fcd bzw. West nach Ost)<br \/>\n(Drenthe) &#8211; Radio T-Pot, Gasselternijveen, 15. August 2020 ex 1287 kHz, https:\/\/www.facebook.com\/radiotpot.<br \/>\n(Nordholland) &#8211; Radio Monique 963, Velsen-Noord, ab 16. Dezember 2020 als Tribut an den Seesender, https:\/\/radiomonique963revival.nl\/ noch Baustelle.<br \/>\n(S\u00fcdholland) &#8211; Radio President, Hoogvliet, ex 828 kHz, https:\/\/radiopresident.com.<br \/>\n(Utrecht) &#8211; Radio Sitara FM, Vianen, ab 1. Dezember 2020.<br \/>\n(Gelderland) &#8211; Citrus AM, Emst, https:\/\/www.citrus-am.nl\/ld noch Baustelle.<br \/>\nEine regelm\u00e4\u00dfig aktualisierte Liste der \u00fcber 100 lizenzierten Mittelwellenstationen findet man bei https:\/\/radio-tv-nederland.nl\/am\/am.html. Hier werden in der Regel pro Frequenz bis zu einer Handvoll Nutzer aufgef\u00fchrt. Einsamer Spitzenreiter ist 1485 kHz mit mehr als 30 aktiven und geplanten Kleinsendern. Dabei muss man auch ber\u00fccksichtigen, dass die meisten Sender einen sehr \u00fcberschaubaren Sendebetrieb haben. Tats\u00e4chlich scheint man sich in der Szene uneins zu sein, ob sich die mit dem legalen Betrieb verbundenen Geb\u00fchren \u201elohnen\u201c. Demgem\u00e4\u00df gibt es auch die Nichtaktivierung und R\u00fcckgabe von Senderechten. Das noch unl\u00e4ngst auf der Website des Piepzenders (3920 kHz) aufgef\u00fchrte Mittelwellenprojekt ist inzwischen wieder verschwunden. (Dr. Hansj\u00f6rg Biener)<\/p>\n<p>Info via <a href=\"https:\/\/www.facebook.com\/groups\/510333262504155\/\">Facebook<\/a><\/p>\n","protected":false},"excerpt":{"rendered":"<p>Kritik an der niederl\u00e4ndischen LPAM-Politik Seit 2016 als Pilotprojekt und seit 2019 als regul\u00e4re M\u00f6glichkeit k\u00f6nnen Interessenten in den Niederlanden Senderechte f\u00fcr Mittelwellensender kleiner Leistung (\u201elow-power AM\u201c &lt;100 Watt) beantragen. Das tun immer mehr, doch dem DX-Veteranen Max van Arnhem (mwcircle) platzte j\u00fcngst der Kragen. Er bringt technische, aber auch programmliche Gr\u00fcnde gegen die wachsende &hellip; <a href=\"https:\/\/www.achimbrueckner.de\/dxradio\/php\/wordpress\/?p=31438\" class=\"more-link\">Continue reading <span class=\"screen-reader-text\">Kritik an der niederl\u00e4ndischen LPAM-Politik<\/span><\/a><\/p>\n","protected":false},"author":1,"featured_media":0,"comment_status":"closed","ping_status":"open","sticky":false,"template":"","format":"standard","meta":{"_jetpack_memberships_contains_paid_content":false,"footnotes":"","jetpack_publicize_message":"","jetpack_publicize_feature_enabled":true,"jetpack_social_post_already_shared":true,"jetpack_social_options":{"image_generator_settings":{"template":"highway","default_image_id":0,"font":"","enabled":false},"version":2}},"categories":[1,14,3],"tags":[24,31,40,42,28],"class_list":["post-31438","post","type-post","status-publish","format-standard","hentry","category-deutsch","category-dx","category-empfang","tag-am","tag-dab","tag-dx","tag-empfang","tag-fm"],"jetpack_publicize_connections":[],"jetpack_featured_media_url":"","jetpack_sharing_enabled":true,"jetpack_shortlink":"https:\/\/wp.me\/p5CDmr-8b4","jetpack-related-posts":[{"id":38537,"url":"https:\/\/www.achimbrueckner.de\/dxradio\/php\/wordpress\/?p=38537","url_meta":{"origin":31438,"position":0},"title":"LPAM Sender aus der Niederlanden","author":"Administrator","date":"January 9, 2023","format":false,"excerpt":"Es gibt eine neue Webseite mit einer wirklich guten Frequenzliste der niederl\u00e4ndischen Low Power AM Stationen: https:\/\/babylona.home.xs4all.nl\/pe9mj\/indexLPAM.htm Info via A-DX","rel":"","context":"In &quot;Deutsch&quot;","block_context":{"text":"Deutsch","link":"https:\/\/www.achimbrueckner.de\/dxradio\/php\/wordpress\/?cat=1"},"img":{"alt_text":"","src":"","width":0,"height":0},"classes":[]},{"id":1259,"url":"https:\/\/www.achimbrueckner.de\/dxradio\/php\/wordpress\/?p=1259","url_meta":{"origin":31438,"position":1},"title":"Sender und Frequenzen 2011: kostenloser Multi-Media-Artikel","author":"Administrator","date":"December 4, 2010","format":false,"excerpt":"wer \"Sender und Frequenzen 2011\" noch nicht hat, kann schon mal einen als kleinen Vorgeschmack kostenlos & diskriminierungsfrei ein Multimedia-PDF laden: \"Kleiner Streifzug durch den Kurzwellenempfang\", der sich als gehobene Einf\u00fchrung in unser Hobby versteht; mit Bild & Ton: http:\/\/bit.ly\/h5VP4G Auf der Seite findet sich auch ein Link zu dem,\u2026","rel":"","context":"In &quot;Deutsch&quot;","block_context":{"text":"Deutsch","link":"https:\/\/www.achimbrueckner.de\/dxradio\/php\/wordpress\/?cat=1"},"img":{"alt_text":"","src":"","width":0,"height":0},"classes":[]},{"id":5804,"url":"https:\/\/www.achimbrueckner.de\/dxradio\/php\/wordpress\/?p=5804","url_meta":{"origin":31438,"position":2},"title":"Einstellung Webpr\u00e4senz KWRS","author":"Administrator","date":"September 3, 2015","format":false,"excerpt":"Deutschland (Bayern): Nach 21 Jahren Betreuung der Internetpr\u00e4senz des Kurzwellenring S\u00fcd, seit 1999 unter www.kwrs.de, und vielen weiteren Engagements im Rahmen des Kurzwellenring S\u00fcd zieht Georg Einfalt zum Jahresende 2015 einen Schlussstrich. \u201eDie Attraktivit\u00e4t des Hobbys hat \u00fcber die letzten Jahre durch den Sendeschluss von immer mehr Kurzwellenstationen doch sehr\u2026","rel":"","context":"In &quot;Deutsch&quot;","block_context":{"text":"Deutsch","link":"https:\/\/www.achimbrueckner.de\/dxradio\/php\/wordpress\/?cat=1"},"img":{"alt_text":"","src":"","width":0,"height":0},"classes":[]},{"id":2234,"url":"https:\/\/www.achimbrueckner.de\/dxradio\/php\/wordpress\/?p=2234","url_meta":{"origin":31438,"position":3},"title":"British DX Club","author":"Administrator","date":"May 3, 2012","format":false,"excerpt":"Viele hilfreiche, aktuelle und kostenlose Publikationen nach Empfangsgebieten sortiert als PDF zum Download: http:\/\/homepage.ntlworld.com\/bdxcuk\/articles.html F\u00fcr den Feinschmecker auch 55 Seiten zum Thema: LPAM \/ RSL \/ Community Radio Mediumwave Log Info via A-DX","rel":"","context":"In &quot;Empfang&quot;","block_context":{"text":"Empfang","link":"https:\/\/www.achimbrueckner.de\/dxradio\/php\/wordpress\/?cat=3"},"img":{"alt_text":"","src":"","width":0,"height":0},"classes":[]},{"id":4242,"url":"https:\/\/www.achimbrueckner.de\/dxradio\/php\/wordpress\/?p=4242","url_meta":{"origin":31438,"position":4},"title":"Radio DARC Premiere 22. M\u00e4rz 2015 6070 Khz 1000 Utc","author":"Administrator","date":"March 19, 2015","format":false,"excerpt":"Liebe YLs und OMs. nun ist es bald so weit. \"RADIO DARC\" wird am kommenden Sonntag, den 22. M\u00e4rz 2015 im 49m Rundfunkband seine regelm\u00e4\u00dfige Sendefolge aufnehmen. Die Sendungen erfolgen immer sonntags um 11 Uhr Lokalzeit (10 Uhr UTC) mit 100 kW Sendeleistung aus Wien-Moosbrunn und in einer Wiederholung montags\u2026","rel":"","context":"In &quot;Deutsch&quot;","block_context":{"text":"Deutsch","link":"https:\/\/www.achimbrueckner.de\/dxradio\/php\/wordpress\/?cat=1"},"img":{"alt_text":"","src":"","width":0,"height":0},"classes":[]},{"id":42420,"url":"https:\/\/www.achimbrueckner.de\/dxradio\/php\/wordpress\/?p=42420","url_meta":{"origin":31438,"position":5},"title":"Radio Onda Ausschreibung Kurzwelle","author":"Administrator","date":"March 23, 2025","format":false,"excerpt":"LUXEMBURG: Eine Lizenz f\u00fcr den Betrieb von vier Kurzwellensendern in Junglinster wurde von Elisabeth Margue, der f\u00fcr Medien und Konnektivit\u00e4t zust\u00e4ndigen Ministerin des Premierministers, eine Lizenz f\u00fcr den Betrieb von vier Kurzwellensendern in Junglinster erteilt. Der belgische Rundfunk RADIO ONDA hat die Ausschreibung f\u00fcr die \u00dcbertragung auf folgenden Frequenzen gewonnen:\u2026","rel":"","context":"In &quot;Deutsch&quot;","block_context":{"text":"Deutsch","link":"https:\/\/www.achimbrueckner.de\/dxradio\/php\/wordpress\/?cat=1"},"img":{"alt_text":"","src":"","width":0,"height":0},"classes":[]}],"_links":{"self":[{"href":"https:\/\/www.achimbrueckner.de\/dxradio\/php\/wordpress\/index.php?rest_route=\/wp\/v2\/posts\/31438","targetHints":{"allow":["GET"]}}],"collection":[{"href":"https:\/\/www.achimbrueckner.de\/dxradio\/php\/wordpress\/index.php?rest_route=\/wp\/v2\/posts"}],"about":[{"href":"https:\/\/www.achimbrueckner.de\/dxradio\/php\/wordpress\/index.php?rest_route=\/wp\/v2\/types\/post"}],"author":[{"embeddable":true,"href":"https:\/\/www.achimbrueckner.de\/dxradio\/php\/wordpress\/index.php?rest_route=\/wp\/v2\/users\/1"}],"replies":[{"embeddable":true,"href":"https:\/\/www.achimbrueckner.de\/dxradio\/php\/wordpress\/index.php?rest_route=%2Fwp%2Fv2%2Fcomments&post=31438"}],"version-history":[{"count":0,"href":"https:\/\/www.achimbrueckner.de\/dxradio\/php\/wordpress\/index.php?rest_route=\/wp\/v2\/posts\/31438\/revisions"}],"wp:attachment":[{"href":"https:\/\/www.achimbrueckner.de\/dxradio\/php\/wordpress\/index.php?rest_route=%2Fwp%2Fv2%2Fmedia&parent=31438"}],"wp:term":[{"taxonomy":"category","embeddable":true,"href":"https:\/\/www.achimbrueckner.de\/dxradio\/php\/wordpress\/index.php?rest_route=%2Fwp%2Fv2%2Fcategories&post=31438"},{"taxonomy":"post_tag","embeddable":true,"href":"https:\/\/www.achimbrueckner.de\/dxradio\/php\/wordpress\/index.php?rest_route=%2Fwp%2Fv2%2Ftags&post=31438"}],"curies":[{"name":"wp","href":"https:\/\/api.w.org\/{rel}","templated":true}]}}