{"id":31469,"date":"2021-01-02T15:10:05","date_gmt":"2021-01-02T15:10:05","guid":{"rendered":"https:\/\/www.achimbrueckner.de\/dxradio\/php\/wordpress\/?p=31469"},"modified":"2021-01-02T15:10:05","modified_gmt":"2021-01-02T15:10:05","slug":"40-jahre-ndr-1-niedersachsen-wir-feiern-geburtstag","status":"publish","type":"post","link":"https:\/\/www.achimbrueckner.de\/dxradio\/php\/wordpress\/?p=31469","title":{"rendered":"40 Jahre NDR 1 Niedersachsen: Wir feiern Geburtstag!"},"content":{"rendered":"<p><a href=\"https:\/\/www.ndr.de\/ndr1niedersachsen\/40-Jahre-NDR-1-Niedersachsen-Wir-feiern-Geburtstag,jubilaeum806.html\" rel=\"noopener\" target=\"_blank\">https:\/\/www.ndr.de\/ndr1niedersachsen\/40-Jahre-NDR-1-Niedersachsen-Wir-feiern-Geburtstag,jubilaeum806.html<\/a><\/p>\n","protected":false},"excerpt":{"rendered":"<p>https:\/\/www.ndr.de\/ndr1niedersachsen\/40-Jahre-NDR-1-Niedersachsen-Wir-feiern-Geburtstag,jubilaeum806.html<\/p>\n","protected":false},"author":1,"featured_media":0,"comment_status":"closed","ping_status":"open","sticky":false,"template":"","format":"standard","meta":{"_jetpack_memberships_contains_paid_content":false,"footnotes":"","jetpack_publicize_message":"","jetpack_publicize_feature_enabled":true,"jetpack_social_post_already_shared":true,"jetpack_social_options":{"image_generator_settings":{"template":"highway","default_image_id":0,"font":"","enabled":false},"version":2}},"categories":[1],"tags":[],"class_list":["post-31469","post","type-post","status-publish","format-standard","hentry","category-deutsch"],"jetpack_publicize_connections":[],"jetpack_featured_media_url":"","jetpack_sharing_enabled":true,"jetpack_shortlink":"https:\/\/wp.me\/p5CDmr-8bz","jetpack-related-posts":[{"id":34367,"url":"https:\/\/www.achimbrueckner.de\/dxradio\/php\/wordpress\/?p=34367","url_meta":{"origin":31469,"position":0},"title":"70 Jahre DRA: Wir feiern Geburtstag!","author":"Administrator","date":"January 6, 2022","format":false,"excerpt":"https:\/\/www.dra.de\/de\/aktuelles\/artikel\/70-jahre-dra-wir-feiern-geburtstag","rel":"","context":"In &quot;Deutsch&quot;","block_context":{"text":"Deutsch","link":"https:\/\/www.achimbrueckner.de\/dxradio\/php\/wordpress\/?cat=1"},"img":{"alt_text":"","src":"","width":0,"height":0},"classes":[]},{"id":13575,"url":"https:\/\/www.achimbrueckner.de\/dxradio\/php\/wordpress\/?p=13575","url_meta":{"origin":31469,"position":1},"title":"30 Jahre Telstar Radio","author":"Administrator","date":"July 1, 2017","format":false,"excerpt":"Guten Morgen ins weite Radioland, heute feiern wir den 30. Geburtstag von Telstar Radio mit einem Sonderprogramm ab 12 Uhr. Zu h\u00f6ren via Internet unter www.telstarradio.de. Es gibt Mitschnitte aus 30 Jahren Radiogeschichte - von Ostbelgien \u00fcber Offenburg bis hin zum Veranstaltungsfunk in Gelnhausen. Viel Spa\u00df mit dem Programm -\u2026","rel":"","context":"In &quot;Deutsch&quot;","block_context":{"text":"Deutsch","link":"https:\/\/www.achimbrueckner.de\/dxradio\/php\/wordpress\/?cat=1"},"img":{"alt_text":"","src":"","width":0,"height":0},"classes":[]},{"id":17184,"url":"https:\/\/www.achimbrueckner.de\/dxradio\/php\/wordpress\/?p=17184","url_meta":{"origin":31469,"position":2},"title":"Anton, Det &#038; Co. feiern Geburtstag 55 Jahre Mainzelm\u00e4nnchen: Die Letzten ihrer Art","author":"Administrator","date":"April 2, 2018","format":false,"excerpt":"https:\/\/www.dwdl.de\/magazin\/66282\/55_jahre_mainzelmnnchen_die_letzten_ihrer_art\/","rel":"","context":"In &quot;Deutsch&quot;","block_context":{"text":"Deutsch","link":"https:\/\/www.achimbrueckner.de\/dxradio\/php\/wordpress\/?cat=1"},"img":{"alt_text":"","src":"","width":0,"height":0},"classes":[]},{"id":37375,"url":"https:\/\/www.achimbrueckner.de\/dxradio\/php\/wordpress\/?p=37375","url_meta":{"origin":31469,"position":3},"title":"Empfangstest: NDR 1 Niedersachsen im Autoradio in Hessen","author":"Administrator","date":"August 30, 2022","format":false,"excerpt":"https:\/\/www.radioblog.eu\/2022\/08\/30\/empfangstest-ndr-1-niedersachsen-im-autoradio-in-hessen\/","rel":"","context":"In &quot;Deutsch&quot;","block_context":{"text":"Deutsch","link":"https:\/\/www.achimbrueckner.de\/dxradio\/php\/wordpress\/?cat=1"},"img":{"alt_text":"","src":"","width":0,"height":0},"classes":[]},{"id":36531,"url":"https:\/\/www.achimbrueckner.de\/dxradio\/php\/wordpress\/?p=36531","url_meta":{"origin":31469,"position":4},"title":"NDR: Landesrundfunkrat Niedersachsen w\u00e4hlt Dr. Mehrdad Payandeh zum Vorsitzenden","author":"Administrator","date":"June 11, 2022","format":false,"excerpt":"https:\/\/www.radiowoche.de\/ndr-landesrundfunkrat-niedersachsen-waehlt-dr-mehrdad-payandeh-zum-vorsitzenden\/","rel":"","context":"In &quot;Deutsch&quot;","block_context":{"text":"Deutsch","link":"https:\/\/www.achimbrueckner.de\/dxradio\/php\/wordpress\/?cat=1"},"img":{"alt_text":"","src":"","width":0,"height":0},"classes":[]},{"id":33111,"url":"https:\/\/www.achimbrueckner.de\/dxradio\/php\/wordpress\/?p=33111","url_meta":{"origin":31469,"position":5},"title":"DAB+ in Niedersachsen: NDR nimmt zwei Standorte f\u00fcr das Weserbergland in Betrieb","author":"Administrator","date":"July 20, 2021","format":false,"excerpt":"https:\/\/www.radiowoche.de\/dab-in-niedersachsen-ndr-nimmt-zwei-standorte-fuer-das-weserbergland-in-betrieb\/","rel":"","context":"In &quot;Deutsch&quot;","block_context":{"text":"Deutsch","link":"https:\/\/www.achimbrueckner.de\/dxradio\/php\/wordpress\/?cat=1"},"img":{"alt_text":"","src":"","width":0,"height":0},"classes":[]}],"_links":{"self":[{"href":"https:\/\/www.achimbrueckner.de\/dxradio\/php\/wordpress\/index.php?rest_route=\/wp\/v2\/posts\/31469","targetHints":{"allow":["GET"]}}],"collection":[{"href":"https:\/\/www.achimbrueckner.de\/dxradio\/php\/wordpress\/index.php?rest_route=\/wp\/v2\/posts"}],"about":[{"href":"https:\/\/www.achimbrueckner.de\/dxradio\/php\/wordpress\/index.php?rest_route=\/wp\/v2\/types\/post"}],"author":[{"embeddable":true,"href":"https:\/\/www.achimbrueckner.de\/dxradio\/php\/wordpress\/index.php?rest_route=\/wp\/v2\/users\/1"}],"replies":[{"embeddable":true,"href":"https:\/\/www.achimbrueckner.de\/dxradio\/php\/wordpress\/index.php?rest_route=%2Fwp%2Fv2%2Fcomments&post=31469"}],"version-history":[{"count":0,"href":"https:\/\/www.achimbrueckner.de\/dxradio\/php\/wordpress\/index.php?rest_route=\/wp\/v2\/posts\/31469\/revisions"}],"wp:attachment":[{"href":"https:\/\/www.achimbrueckner.de\/dxradio\/php\/wordpress\/index.php?rest_route=%2Fwp%2Fv2%2Fmedia&parent=31469"}],"wp:term":[{"taxonomy":"category","embeddable":true,"href":"https:\/\/www.achimbrueckner.de\/dxradio\/php\/wordpress\/index.php?rest_route=%2Fwp%2Fv2%2Fcategories&post=31469"},{"taxonomy":"post_tag","embeddable":true,"href":"https:\/\/www.achimbrueckner.de\/dxradio\/php\/wordpress\/index.php?rest_route=%2Fwp%2Fv2%2Ftags&post=31469"}],"curies":[{"name":"wp","href":"https:\/\/api.w.org\/{rel}","templated":true}]}}