{"id":31587,"date":"2021-01-10T18:35:02","date_gmt":"2021-01-10T18:35:02","guid":{"rendered":"https:\/\/www.achimbrueckner.de\/dxradio\/php\/wordpress\/?p=31587"},"modified":"2021-01-10T18:35:02","modified_gmt":"2021-01-10T18:35:02","slug":"kinder-radio-diese-6-sender-bieten-spannende-medienerziehung-fur-kinder","status":"publish","type":"post","link":"https:\/\/www.achimbrueckner.de\/dxradio\/php\/wordpress\/?p=31587","title":{"rendered":"Kinder-Radio: Diese 6 Sender bieten spannende Medienerziehung f\u00fcr Kinder"},"content":{"rendered":"<p><a href=\"https:\/\/www.familie.de\/schulkind\/medien-lifestyle\/kinder-radio-spannende-medienerziehung-fuer-kinder\/\" rel=\"noopener\" target=\"_blank\">https:\/\/www.familie.de\/schulkind\/medien-lifestyle\/kinder-radio-spannende-medienerziehung-fuer-kinder\/<\/a><\/p>\n","protected":false},"excerpt":{"rendered":"<p>https:\/\/www.familie.de\/schulkind\/medien-lifestyle\/kinder-radio-spannende-medienerziehung-fuer-kinder\/<\/p>\n","protected":false},"author":1,"featured_media":0,"comment_status":"closed","ping_status":"open","sticky":false,"template":"","format":"standard","meta":{"_jetpack_memberships_contains_paid_content":false,"footnotes":"","jetpack_publicize_message":"","jetpack_publicize_feature_enabled":true,"jetpack_social_post_already_shared":true,"jetpack_social_options":{"image_generator_settings":{"template":"highway","default_image_id":0,"font":"","enabled":false},"version":2}},"categories":[1,15],"tags":[24,45],"class_list":["post-31587","post","type-post","status-publish","format-standard","hentry","category-deutsch","category-medien","tag-am","tag-medien"],"jetpack_publicize_connections":[],"jetpack_featured_media_url":"","jetpack_sharing_enabled":true,"jetpack_shortlink":"https:\/\/wp.me\/p5CDmr-8dt","jetpack-related-posts":[{"id":14664,"url":"https:\/\/www.achimbrueckner.de\/dxradio\/php\/wordpress\/?p=14664","url_meta":{"origin":31587,"position":0},"title":"5 Tipps zur Medienerziehung bei Kindern","author":"Administrator","date":"September 19, 2017","format":false,"excerpt":"http:\/\/www.spektrum.de\/news\/wie-kinder-und-jugendliche-mit-smartphone-und-computer-umgehen-lernen\/1502069","rel":"","context":"In &quot;Deutsch&quot;","block_context":{"text":"Deutsch","link":"https:\/\/www.achimbrueckner.de\/dxradio\/php\/wordpress\/?cat=1"},"img":{"alt_text":"","src":"","width":0,"height":0},"classes":[]},{"id":17348,"url":"https:\/\/www.achimbrueckner.de\/dxradio\/php\/wordpress\/?p=17348","url_meta":{"origin":31587,"position":1},"title":"Medienerziehung schon bei den Kleinsten","author":"Administrator","date":"April 14, 2018","format":false,"excerpt":"https:\/\/www.solinger-tageblatt.de\/solingen\/medienerziehung-schon-kleinsten-9777209.html","rel":"","context":"In &quot;Deutsch&quot;","block_context":{"text":"Deutsch","link":"https:\/\/www.achimbrueckner.de\/dxradio\/php\/wordpress\/?cat=1"},"img":{"alt_text":"","src":"","width":0,"height":0},"classes":[]},{"id":23668,"url":"https:\/\/www.achimbrueckner.de\/dxradio\/php\/wordpress\/?p=23668","url_meta":{"origin":31587,"position":2},"title":"Radiomacher gr\u00fcnden Verein &#8211; Medienerziehung f\u00fcr Sch\u00fcler geplant","author":"Administrator","date":"July 7, 2019","format":false,"excerpt":"https:\/\/www.lokalkompass.de\/recklinghausen\/c-vereine-ehrenamt\/radiomacher-gruenden-verein-medienerziehung-fuer-schueler-geplant_a1159299","rel":"","context":"In &quot;Deutsch&quot;","block_context":{"text":"Deutsch","link":"https:\/\/www.achimbrueckner.de\/dxradio\/php\/wordpress\/?cat=1"},"img":{"alt_text":"","src":"","width":0,"height":0},"classes":[]},{"id":25565,"url":"https:\/\/www.achimbrueckner.de\/dxradio\/php\/wordpress\/?p=25565","url_meta":{"origin":31587,"position":3},"title":"Medienerziehung ist Elternsache","author":"Administrator","date":"October 31, 2019","format":false,"excerpt":"https:\/\/www.main-echo.de\/regional\/stadt-kreis-aschaffenburg\/Medien-Erziehung-ist-Elternsache;art11846,6848311","rel":"","context":"In &quot;Deutsch&quot;","block_context":{"text":"Deutsch","link":"https:\/\/www.achimbrueckner.de\/dxradio\/php\/wordpress\/?cat=1"},"img":{"alt_text":"","src":"","width":0,"height":0},"classes":[]},{"id":43815,"url":"https:\/\/www.achimbrueckner.de\/dxradio\/php\/wordpress\/?p=43815","url_meta":{"origin":31587,"position":4},"title":"KINDER MEDIEN MONITOR 2025: Kinder h\u00f6ren morgens noch Radio","author":"Administrator","date":"September 16, 2025","format":false,"excerpt":"https:\/\/www.radioszene.de\/206210\/kinder-medien-monitor-2025.html","rel":"","context":"In &quot;Deutsch&quot;","block_context":{"text":"Deutsch","link":"https:\/\/www.achimbrueckner.de\/dxradio\/php\/wordpress\/?cat=1"},"img":{"alt_text":"","src":"","width":0,"height":0},"classes":[]},{"id":29135,"url":"https:\/\/www.achimbrueckner.de\/dxradio\/php\/wordpress\/?p=29135","url_meta":{"origin":31587,"position":5},"title":"NDR-H\u00f6rfunk-Chef: \u201eRadio nimmt f\u00fcr Kinder an Bedeutung ab\u201c","author":"Administrator","date":"June 19, 2020","format":false,"excerpt":"https:\/\/www.abendblatt.de\/kultur-live\/tv-und-medien\/article229340172\/NDR-Hoerfunk-Chef-Radio-nimmt-fuer-Kinder-an-Bedeutung-ab.html","rel":"","context":"In &quot;Deutsch&quot;","block_context":{"text":"Deutsch","link":"https:\/\/www.achimbrueckner.de\/dxradio\/php\/wordpress\/?cat=1"},"img":{"alt_text":"","src":"","width":0,"height":0},"classes":[]}],"_links":{"self":[{"href":"https:\/\/www.achimbrueckner.de\/dxradio\/php\/wordpress\/index.php?rest_route=\/wp\/v2\/posts\/31587","targetHints":{"allow":["GET"]}}],"collection":[{"href":"https:\/\/www.achimbrueckner.de\/dxradio\/php\/wordpress\/index.php?rest_route=\/wp\/v2\/posts"}],"about":[{"href":"https:\/\/www.achimbrueckner.de\/dxradio\/php\/wordpress\/index.php?rest_route=\/wp\/v2\/types\/post"}],"author":[{"embeddable":true,"href":"https:\/\/www.achimbrueckner.de\/dxradio\/php\/wordpress\/index.php?rest_route=\/wp\/v2\/users\/1"}],"replies":[{"embeddable":true,"href":"https:\/\/www.achimbrueckner.de\/dxradio\/php\/wordpress\/index.php?rest_route=%2Fwp%2Fv2%2Fcomments&post=31587"}],"version-history":[{"count":0,"href":"https:\/\/www.achimbrueckner.de\/dxradio\/php\/wordpress\/index.php?rest_route=\/wp\/v2\/posts\/31587\/revisions"}],"wp:attachment":[{"href":"https:\/\/www.achimbrueckner.de\/dxradio\/php\/wordpress\/index.php?rest_route=%2Fwp%2Fv2%2Fmedia&parent=31587"}],"wp:term":[{"taxonomy":"category","embeddable":true,"href":"https:\/\/www.achimbrueckner.de\/dxradio\/php\/wordpress\/index.php?rest_route=%2Fwp%2Fv2%2Fcategories&post=31587"},{"taxonomy":"post_tag","embeddable":true,"href":"https:\/\/www.achimbrueckner.de\/dxradio\/php\/wordpress\/index.php?rest_route=%2Fwp%2Fv2%2Ftags&post=31587"}],"curies":[{"name":"wp","href":"https:\/\/api.w.org\/{rel}","templated":true}]}}