{"id":31664,"date":"2021-01-13T16:56:24","date_gmt":"2021-01-13T16:56:24","guid":{"rendered":"https:\/\/www.achimbrueckner.de\/dxradio\/php\/wordpress\/?p=31664"},"modified":"2021-01-13T16:56:24","modified_gmt":"2021-01-13T16:56:24","slug":"harmony-fm-wird-zum-80er-sender","status":"publish","type":"post","link":"https:\/\/www.achimbrueckner.de\/dxradio\/php\/wordpress\/?p=31664","title":{"rendered":"harmony.fm wird zum 80er-Sender"},"content":{"rendered":"<p><a href=\"https:\/\/www.radiowoche.de\/harmony-fm-wird-zum-80er-sender\/\" rel=\"noopener\" target=\"_blank\">https:\/\/www.radiowoche.de\/harmony-fm-wird-zum-80er-sender\/<\/a><\/p>\n","protected":false},"excerpt":{"rendered":"<p>https:\/\/www.radiowoche.de\/harmony-fm-wird-zum-80er-sender\/<\/p>\n","protected":false},"author":1,"featured_media":0,"comment_status":"closed","ping_status":"open","sticky":false,"template":"","format":"standard","meta":{"_jetpack_memberships_contains_paid_content":false,"footnotes":"","jetpack_publicize_message":"","jetpack_publicize_feature_enabled":true,"jetpack_social_post_already_shared":true,"jetpack_social_options":{"image_generator_settings":{"template":"highway","default_image_id":0,"font":"","enabled":false},"version":2}},"categories":[1],"tags":[28],"class_list":["post-31664","post","type-post","status-publish","format-standard","hentry","category-deutsch","tag-fm"],"jetpack_publicize_connections":[],"jetpack_featured_media_url":"","jetpack_sharing_enabled":true,"jetpack_shortlink":"https:\/\/wp.me\/p5CDmr-8eI","jetpack-related-posts":[{"id":31416,"url":"https:\/\/www.achimbrueckner.de\/dxradio\/php\/wordpress\/?p=31416","url_meta":{"origin":31664,"position":0},"title":"harmony.fm wird zu Hessens 80er Radio","author":"Administrator","date":"December 29, 2020","format":false,"excerpt":"https:\/\/www.smartphonefan.de\/2020\/12\/29\/harmony-fm-wird-zu-hessens-80er-radio\/","rel":"","context":"In &quot;Deutsch&quot;","block_context":{"text":"Deutsch","link":"https:\/\/www.achimbrueckner.de\/dxradio\/php\/wordpress\/?cat=1"},"img":{"alt_text":"","src":"","width":0,"height":0},"classes":[]},{"id":30921,"url":"https:\/\/www.achimbrueckner.de\/dxradio\/php\/wordpress\/?p=30921","url_meta":{"origin":31664,"position":1},"title":"harmony.fm wird zum Nonstop-Weihnachtsradio","author":"Administrator","date":"December 2, 2020","format":false,"excerpt":"https:\/\/www.radiowoche.de\/harmony-fm-wird-zum-nonstop-weihnachtsradio\/","rel":"","context":"In &quot;Deutsch&quot;","block_context":{"text":"Deutsch","link":"https:\/\/www.achimbrueckner.de\/dxradio\/php\/wordpress\/?cat=1"},"img":{"alt_text":"","src":"","width":0,"height":0},"classes":[]},{"id":25138,"url":"https:\/\/www.achimbrueckner.de\/dxradio\/php\/wordpress\/?p=25138","url_meta":{"origin":31664,"position":2},"title":"Hamburg Zwei &#038; harmony.fm: \u201cSo 80er\u201d","author":"Administrator","date":"October 5, 2019","format":false,"excerpt":"https:\/\/www.smartphonefan.de\/2019\/10\/05\/hamburg-zwei-harmony-fm-so-80er\/","rel":"","context":"In &quot;Deutsch&quot;","block_context":{"text":"Deutsch","link":"https:\/\/www.achimbrueckner.de\/dxradio\/php\/wordpress\/?cat=1"},"img":{"alt_text":"","src":"","width":0,"height":0},"classes":[]},{"id":40003,"url":"https:\/\/www.achimbrueckner.de\/dxradio\/php\/wordpress\/?p=40003","url_meta":{"origin":31664,"position":3},"title":"Flie\u00dfender \u00dcbergang zu neuem Brand?: Aus harmony.fm wird 80er Radio harmony","author":"Administrator","date":"August 10, 2023","format":false,"excerpt":"https:\/\/www.satellifax.de\/mlesen.php?id=38a9b28d0bfa8fdcacaf63f0ec1fafb1","rel":"","context":"In &quot;Deutsch&quot;","block_context":{"text":"Deutsch","link":"https:\/\/www.achimbrueckner.de\/dxradio\/php\/wordpress\/?cat=1"},"img":{"alt_text":"","src":"","width":0,"height":0},"classes":[]},{"id":34337,"url":"https:\/\/www.achimbrueckner.de\/dxradio\/php\/wordpress\/?p=34337","url_meta":{"origin":31664,"position":4},"title":"Rum\u00e4nien Sendererneuerung Mittelwelle","author":"Administrator","date":"January 4, 2022","format":false,"excerpt":"Rum\u00e4nien setzt die Erneuerung der Mittelwellensender fort. Ein Erneuerungsprogramm f\u00fcr die 5 \u00e4ltesten Mittelwellensender wurde gerade gestartet. - In der Station Valu luii Traian in der N\u00e4he von Constanta wird die \u00dcberdachung des Technikgeb\u00e4udes erneuert und die Mittelwellensender werden ersetzt. Dieser Sender wird Radio Rom\u00e2nia Actualit \u0103\u021bi auf 1458 kHz\u2026","rel":"","context":"In &quot;Deutsch&quot;","block_context":{"text":"Deutsch","link":"https:\/\/www.achimbrueckner.de\/dxradio\/php\/wordpress\/?cat=1"},"img":{"alt_text":"","src":"","width":0,"height":0},"classes":[]},{"id":40378,"url":"https:\/\/www.achimbrueckner.de\/dxradio\/php\/wordpress\/?p=40378","url_meta":{"origin":31664,"position":5},"title":"80er Radio harmony: Sender will Klasse statt Masse","author":"Administrator","date":"October 20, 2023","format":false,"excerpt":"https:\/\/www.radioblog.eu\/2023\/10\/18\/80er-radio-harmony-sender-will-klasse-statt-masse\/","rel":"","context":"In &quot;Deutsch&quot;","block_context":{"text":"Deutsch","link":"https:\/\/www.achimbrueckner.de\/dxradio\/php\/wordpress\/?cat=1"},"img":{"alt_text":"","src":"","width":0,"height":0},"classes":[]}],"_links":{"self":[{"href":"https:\/\/www.achimbrueckner.de\/dxradio\/php\/wordpress\/index.php?rest_route=\/wp\/v2\/posts\/31664","targetHints":{"allow":["GET"]}}],"collection":[{"href":"https:\/\/www.achimbrueckner.de\/dxradio\/php\/wordpress\/index.php?rest_route=\/wp\/v2\/posts"}],"about":[{"href":"https:\/\/www.achimbrueckner.de\/dxradio\/php\/wordpress\/index.php?rest_route=\/wp\/v2\/types\/post"}],"author":[{"embeddable":true,"href":"https:\/\/www.achimbrueckner.de\/dxradio\/php\/wordpress\/index.php?rest_route=\/wp\/v2\/users\/1"}],"replies":[{"embeddable":true,"href":"https:\/\/www.achimbrueckner.de\/dxradio\/php\/wordpress\/index.php?rest_route=%2Fwp%2Fv2%2Fcomments&post=31664"}],"version-history":[{"count":0,"href":"https:\/\/www.achimbrueckner.de\/dxradio\/php\/wordpress\/index.php?rest_route=\/wp\/v2\/posts\/31664\/revisions"}],"wp:attachment":[{"href":"https:\/\/www.achimbrueckner.de\/dxradio\/php\/wordpress\/index.php?rest_route=%2Fwp%2Fv2%2Fmedia&parent=31664"}],"wp:term":[{"taxonomy":"category","embeddable":true,"href":"https:\/\/www.achimbrueckner.de\/dxradio\/php\/wordpress\/index.php?rest_route=%2Fwp%2Fv2%2Fcategories&post=31664"},{"taxonomy":"post_tag","embeddable":true,"href":"https:\/\/www.achimbrueckner.de\/dxradio\/php\/wordpress\/index.php?rest_route=%2Fwp%2Fv2%2Ftags&post=31664"}],"curies":[{"name":"wp","href":"https:\/\/api.w.org\/{rel}","templated":true}]}}