{"id":31709,"date":"2021-01-18T15:09:21","date_gmt":"2021-01-18T15:09:21","guid":{"rendered":"https:\/\/www.achimbrueckner.de\/dxradio\/php\/wordpress\/?p=31709"},"modified":"2021-01-18T15:09:21","modified_gmt":"2021-01-18T15:09:21","slug":"wie-neue-streamingriesen-die-fernsehsender-das-furchten-lehren","status":"publish","type":"post","link":"https:\/\/www.achimbrueckner.de\/dxradio\/php\/wordpress\/?p=31709","title":{"rendered":"Wie neue Streamingriesen die Fernsehsender das F\u00fcrchten lehren"},"content":{"rendered":"<p><a href=\"https:\/\/www.welt.de\/kultur\/medien\/article224516230\/HBO-Paramount-Co-Wie-neue-Streaming-Riesen-die-Fernsehsender-das-Fuerchten-lehren.html\" rel=\"noopener\" target=\"_blank\">https:\/\/www.welt.de\/kultur\/medien\/article224516230\/HBO-Paramount-Co-Wie-neue-Streaming-Riesen-die-Fernsehsender-das-Fuerchten-lehren.html<\/a><\/p>\n","protected":false},"excerpt":{"rendered":"<p>https:\/\/www.welt.de\/kultur\/medien\/article224516230\/HBO-Paramount-Co-Wie-neue-Streaming-Riesen-die-Fernsehsender-das-Fuerchten-lehren.html<\/p>\n","protected":false},"author":1,"featured_media":0,"comment_status":"closed","ping_status":"open","sticky":false,"template":"","format":"standard","meta":{"_jetpack_memberships_contains_paid_content":false,"footnotes":"","jetpack_publicize_message":"","jetpack_publicize_feature_enabled":true,"jetpack_social_post_already_shared":true,"jetpack_social_options":{"image_generator_settings":{"template":"highway","default_image_id":0,"font":"","enabled":false},"version":2}},"categories":[1,15],"tags":[24,45],"class_list":["post-31709","post","type-post","status-publish","format-standard","hentry","category-deutsch","category-medien","tag-am","tag-medien"],"jetpack_publicize_connections":[],"jetpack_featured_media_url":"","jetpack_sharing_enabled":true,"jetpack_shortlink":"https:\/\/wp.me\/p5CDmr-8fr","jetpack-related-posts":[{"id":27722,"url":"https:\/\/www.achimbrueckner.de\/dxradio\/php\/wordpress\/?p=27722","url_meta":{"origin":31709,"position":0},"title":"Auf Dauersendung trotz Corona: Wie meistern Radio- und Fernsehsender den Ausnahmezustand?","author":"Administrator","date":"March 23, 2020","format":false,"excerpt":"https:\/\/www.rnd.de\/medien\/auf-dauersendung-trotz-corona-wie-meistern-radio-und-fernsehsender-den-ausnahmezustand-G2TNWKLYDNC4FOTZZJNK5RMXPA.html","rel":"","context":"In &quot;Deutsch&quot;","block_context":{"text":"Deutsch","link":"https:\/\/www.achimbrueckner.de\/dxradio\/php\/wordpress\/?cat=1"},"img":{"alt_text":"","src":"","width":0,"height":0},"classes":[]},{"id":2423,"url":"https:\/\/www.achimbrueckner.de\/dxradio\/php\/wordpress\/?p=2423","url_meta":{"origin":31709,"position":1},"title":"Radio 90elf verliert Radiorechte f\u00fcr Bundesliga","author":"Administrator","date":"March 19, 2013","format":false,"excerpt":"Hallo allerseits, heute hat die Deutsche Fu\u00dfballliga (DFL) die H\u00f6rfunk-\u00dcbertragungs-Rechte f\u00fcr die erste und zweite Bundesliga f\u00fcr die 4 Spielzeiten beginnend mit der Saison 2013\/14 neu vergeben. Den Zuschlag erhielt dabei der Fernsehsender Sport1, was bedeutet, dass Radio 90elf das Nachsehen hat. 90elf ist mit einer Reichweite von einigen Hunderttausend\u2026","rel":"","context":"In &quot;Deutsch&quot;","block_context":{"text":"Deutsch","link":"https:\/\/www.achimbrueckner.de\/dxradio\/php\/wordpress\/?cat=1"},"img":{"alt_text":"","src":"","width":0,"height":0},"classes":[]},{"id":29532,"url":"https:\/\/www.achimbrueckner.de\/dxradio\/php\/wordpress\/?p=29532","url_meta":{"origin":31709,"position":2},"title":"Fernsehsender PTS plant internationale englischsprachige Medienplattform","author":"Administrator","date":"July 22, 2020","format":false,"excerpt":"https:\/\/de.rti.org.tw\/news\/view\/id\/2002721","rel":"","context":"In &quot;Deutsch&quot;","block_context":{"text":"Deutsch","link":"https:\/\/www.achimbrueckner.de\/dxradio\/php\/wordpress\/?cat=1"},"img":{"alt_text":"","src":"","width":0,"height":0},"classes":[]},{"id":20567,"url":"https:\/\/www.achimbrueckner.de\/dxradio\/php\/wordpress\/?p=20567","url_meta":{"origin":31709,"position":3},"title":"T\u00fcrkei Medienaufsicht verh\u00e4ngt Strafen gegen Fernsehsender nach Kritik an Regierung","author":"Administrator","date":"December 27, 2018","format":false,"excerpt":"https:\/\/www.deutschlandfunk.de\/tuerkei-medienaufsicht-verhaengt-strafen-gegen.1939.de.html?drn:news_id=960201","rel":"","context":"In &quot;Deutsch&quot;","block_context":{"text":"Deutsch","link":"https:\/\/www.achimbrueckner.de\/dxradio\/php\/wordpress\/?cat=1"},"img":{"alt_text":"","src":"","width":0,"height":0},"classes":[]},{"id":6645,"url":"https:\/\/www.achimbrueckner.de\/dxradio\/php\/wordpress\/?p=6645","url_meta":{"origin":31709,"position":4},"title":"Die neue Pegida-Presse: Wie Querfront-Medien sich ihr krudes Weltbild zurechtbiegen","author":"Administrator","date":"November 26, 2015","format":false,"excerpt":"http:\/\/meedia.de\/2015\/11\/26\/die-neue-pegida-presse-wie-querfront-medien-sich-ihr-krudes-weltbild-zurechtbiegen\/","rel":"","context":"In &quot;Deutsch&quot;","block_context":{"text":"Deutsch","link":"https:\/\/www.achimbrueckner.de\/dxradio\/php\/wordpress\/?cat=1"},"img":{"alt_text":"","src":"","width":0,"height":0},"classes":[]},{"id":10331,"url":"https:\/\/www.achimbrueckner.de\/dxradio\/php\/wordpress\/?p=10331","url_meta":{"origin":31709,"position":5},"title":"Mehr Wettbewerb f\u00fcr die SRG Neuer Plan f\u00fcr nationalen Fernsehsender","author":"Administrator","date":"September 11, 2016","format":false,"excerpt":"http:\/\/www.nzz.ch\/schweiz\/aktuelle-themen\/mehr-wettbewerb-fuer-die-srg-neuer-plan-fuer-nationalen-fernsehsender-ld.116084","rel":"","context":"In &quot;Deutsch&quot;","block_context":{"text":"Deutsch","link":"https:\/\/www.achimbrueckner.de\/dxradio\/php\/wordpress\/?cat=1"},"img":{"alt_text":"","src":"","width":0,"height":0},"classes":[]}],"_links":{"self":[{"href":"https:\/\/www.achimbrueckner.de\/dxradio\/php\/wordpress\/index.php?rest_route=\/wp\/v2\/posts\/31709","targetHints":{"allow":["GET"]}}],"collection":[{"href":"https:\/\/www.achimbrueckner.de\/dxradio\/php\/wordpress\/index.php?rest_route=\/wp\/v2\/posts"}],"about":[{"href":"https:\/\/www.achimbrueckner.de\/dxradio\/php\/wordpress\/index.php?rest_route=\/wp\/v2\/types\/post"}],"author":[{"embeddable":true,"href":"https:\/\/www.achimbrueckner.de\/dxradio\/php\/wordpress\/index.php?rest_route=\/wp\/v2\/users\/1"}],"replies":[{"embeddable":true,"href":"https:\/\/www.achimbrueckner.de\/dxradio\/php\/wordpress\/index.php?rest_route=%2Fwp%2Fv2%2Fcomments&post=31709"}],"version-history":[{"count":0,"href":"https:\/\/www.achimbrueckner.de\/dxradio\/php\/wordpress\/index.php?rest_route=\/wp\/v2\/posts\/31709\/revisions"}],"wp:attachment":[{"href":"https:\/\/www.achimbrueckner.de\/dxradio\/php\/wordpress\/index.php?rest_route=%2Fwp%2Fv2%2Fmedia&parent=31709"}],"wp:term":[{"taxonomy":"category","embeddable":true,"href":"https:\/\/www.achimbrueckner.de\/dxradio\/php\/wordpress\/index.php?rest_route=%2Fwp%2Fv2%2Fcategories&post=31709"},{"taxonomy":"post_tag","embeddable":true,"href":"https:\/\/www.achimbrueckner.de\/dxradio\/php\/wordpress\/index.php?rest_route=%2Fwp%2Fv2%2Ftags&post=31709"}],"curies":[{"name":"wp","href":"https:\/\/api.w.org\/{rel}","templated":true}]}}