{"id":31725,"date":"2021-01-18T18:22:57","date_gmt":"2021-01-18T18:22:57","guid":{"rendered":"https:\/\/www.achimbrueckner.de\/dxradio\/php\/wordpress\/?p=31725"},"modified":"2021-01-18T18:22:57","modified_gmt":"2021-01-18T18:22:57","slug":"gab-ist-neben-parler-eine-weitere-plattform-fur-rechtsextreme-und-sie-ist-verstorend","status":"publish","type":"post","link":"https:\/\/www.achimbrueckner.de\/dxradio\/php\/wordpress\/?p=31725","title":{"rendered":"&#8220;Gab&#8221; ist neben &#8220;Parler&#8221; eine weitere Plattform f\u00fcr Rechtsextreme &#8211; und sie ist verst\u00f6rend"},"content":{"rendered":"<p><a href=\"https:\/\/www.br.de\/radio\/bayern2\/sendungen\/zuendfunk\/gab-ist-eine-plattform-fuer-rechtsextreme100.html\" rel=\"noopener\" target=\"_blank\">https:\/\/www.br.de\/radio\/bayern2\/sendungen\/zuendfunk\/gab-ist-eine-plattform-fuer-rechtsextreme100.html<\/a><\/p>\n","protected":false},"excerpt":{"rendered":"<p>https:\/\/www.br.de\/radio\/bayern2\/sendungen\/zuendfunk\/gab-ist-eine-plattform-fuer-rechtsextreme100.html<\/p>\n","protected":false},"author":1,"featured_media":0,"comment_status":"closed","ping_status":"open","sticky":false,"template":"","format":"standard","meta":{"_jetpack_memberships_contains_paid_content":false,"footnotes":"","jetpack_publicize_message":"","jetpack_publicize_feature_enabled":true,"jetpack_social_post_already_shared":true,"jetpack_social_options":{"image_generator_settings":{"template":"highway","default_image_id":0,"font":"","enabled":false},"version":2}},"categories":[1],"tags":[],"class_list":["post-31725","post","type-post","status-publish","format-standard","hentry","category-deutsch"],"jetpack_publicize_connections":[],"jetpack_featured_media_url":"","jetpack_sharing_enabled":true,"jetpack_shortlink":"https:\/\/wp.me\/p5CDmr-8fH","jetpack-related-posts":[{"id":392,"url":"https:\/\/www.achimbrueckner.de\/dxradio\/php\/wordpress\/?p=392","url_meta":{"origin":31725,"position":0},"title":"Podcasts Auslandsdienste","author":"Administrator","date":"July 10, 2008","format":false,"excerpt":"Unter http:\/\/info.radio700.eu\/ gibt es eine neue Podcastplattform f\u00fcr deutschsprachige Auslandsdienste. Vielleicht ist f\u00fcr den ein oder anderen etwas dabei. Ziel ist es, alle deutschsprachigen Dienste zentral \u00fcber die Plattform verf\u00fcgbar zu machen. Info via ukwtv.de Radioh\u00f6rer-Forum","rel":"","context":"In &quot;links&quot;","block_context":{"text":"links","link":"https:\/\/www.achimbrueckner.de\/dxradio\/php\/wordpress\/?cat=7"},"img":{"alt_text":"","src":"","width":0,"height":0},"classes":[]},{"id":18998,"url":"https:\/\/www.achimbrueckner.de\/dxradio\/php\/wordpress\/?p=18998","url_meta":{"origin":31725,"position":1},"title":"SWISS RADIOPLAYER IST LIVE Radio-Verb\u00e4nde starten gemeinsame Plattform mit 130 Programmen","author":"Administrator","date":"September 1, 2018","format":false,"excerpt":"https:\/\/www.horizont.net\/schweiz\/nachrichten\/swiss-radioplayer-ist-live-radio-verbaende-starten-gemeinsame-plattform-mit-130-programmen-169312","rel":"","context":"In &quot;Deutsch&quot;","block_context":{"text":"Deutsch","link":"https:\/\/www.achimbrueckner.de\/dxradio\/php\/wordpress\/?cat=1"},"img":{"alt_text":"","src":"","width":0,"height":0},"classes":[]},{"id":6388,"url":"https:\/\/www.achimbrueckner.de\/dxradio\/php\/wordpress\/?p=6388","url_meta":{"origin":31725,"position":2},"title":"Radioleaks Eine \u00f6ffentliche Plattform f\u00fcr Whistleblower","author":"Administrator","date":"November 2, 2015","format":false,"excerpt":"http:\/\/www.deutschlandfunk.de\/radioleaks-eine-oeffentliche-plattform-fuer-whistleblower.1184.de.html?dram:article_id=333204","rel":"","context":"In &quot;Deutsch&quot;","block_context":{"text":"Deutsch","link":"https:\/\/www.achimbrueckner.de\/dxradio\/php\/wordpress\/?cat=1"},"img":{"alt_text":"","src":"","width":0,"height":0},"classes":[]},{"id":30457,"url":"https:\/\/www.achimbrueckner.de\/dxradio\/php\/wordpress\/?p=30457","url_meta":{"origin":31725,"position":3},"title":"BR-Intendant Wilhelm: Rundfunk der Zukunft wird eine Plattform sein","author":"Administrator","date":"October 16, 2020","format":false,"excerpt":"https:\/\/www.horizont.net\/medien\/nachrichten\/radio-br-intendant-wilhelm-rundfunk-der-zukunft-wird-eine-plattform-sein-186320","rel":"","context":"In &quot;Deutsch&quot;","block_context":{"text":"Deutsch","link":"https:\/\/www.achimbrueckner.de\/dxradio\/php\/wordpress\/?cat=1"},"img":{"alt_text":"","src":"","width":0,"height":0},"classes":[]},{"id":1863,"url":"https:\/\/www.achimbrueckner.de\/dxradio\/php\/wordpress\/?p=1863","url_meta":{"origin":31725,"position":4},"title":"\u00e2\u20ac\u017eRadiofreunde NRW\u00e2\u20ac\u0153 &#8211; eine neue Interessengemeinschaft im Westen.","author":"Administrator","date":"October 28, 2011","format":false,"excerpt":"\u00e2\u20ac\u017eRadiofreunde NRW\u00e2\u20ac\u0153 - eine neue Interessengemeinschaft im Westen. Wer sind wir? Die RADIOFREUNDE NRW sind eine lose Gruppe von Kurzwellenh\u00f6rern, DXern und Rundfunkinteressierten. Unser Fokus liegt auf dem Empfang auf Lang-, Mittel- und Kurzwelle. Auch f\u00fcr andere Empfangsbereiche und Kommunikationswege sind wir offen und laden Interessierte ein, sich mit uns\u2026","rel":"","context":"In &quot;Deutsch&quot;","block_context":{"text":"Deutsch","link":"https:\/\/www.achimbrueckner.de\/dxradio\/php\/wordpress\/?cat=1"},"img":{"alt_text":"","src":"","width":0,"height":0},"classes":[]},{"id":20717,"url":"https:\/\/www.achimbrueckner.de\/dxradio\/php\/wordpress\/?p=20717","url_meta":{"origin":31725,"position":5},"title":"So bieten Medien Extremisten (k)eine Plattform","author":"Administrator","date":"January 3, 2019","format":false,"excerpt":"https:\/\/medienwoche.ch\/2019\/01\/03\/so-bieten-medien-extremisten-keine-plattform\/","rel":"","context":"In &quot;Deutsch&quot;","block_context":{"text":"Deutsch","link":"https:\/\/www.achimbrueckner.de\/dxradio\/php\/wordpress\/?cat=1"},"img":{"alt_text":"","src":"","width":0,"height":0},"classes":[]}],"_links":{"self":[{"href":"https:\/\/www.achimbrueckner.de\/dxradio\/php\/wordpress\/index.php?rest_route=\/wp\/v2\/posts\/31725","targetHints":{"allow":["GET"]}}],"collection":[{"href":"https:\/\/www.achimbrueckner.de\/dxradio\/php\/wordpress\/index.php?rest_route=\/wp\/v2\/posts"}],"about":[{"href":"https:\/\/www.achimbrueckner.de\/dxradio\/php\/wordpress\/index.php?rest_route=\/wp\/v2\/types\/post"}],"author":[{"embeddable":true,"href":"https:\/\/www.achimbrueckner.de\/dxradio\/php\/wordpress\/index.php?rest_route=\/wp\/v2\/users\/1"}],"replies":[{"embeddable":true,"href":"https:\/\/www.achimbrueckner.de\/dxradio\/php\/wordpress\/index.php?rest_route=%2Fwp%2Fv2%2Fcomments&post=31725"}],"version-history":[{"count":0,"href":"https:\/\/www.achimbrueckner.de\/dxradio\/php\/wordpress\/index.php?rest_route=\/wp\/v2\/posts\/31725\/revisions"}],"wp:attachment":[{"href":"https:\/\/www.achimbrueckner.de\/dxradio\/php\/wordpress\/index.php?rest_route=%2Fwp%2Fv2%2Fmedia&parent=31725"}],"wp:term":[{"taxonomy":"category","embeddable":true,"href":"https:\/\/www.achimbrueckner.de\/dxradio\/php\/wordpress\/index.php?rest_route=%2Fwp%2Fv2%2Fcategories&post=31725"},{"taxonomy":"post_tag","embeddable":true,"href":"https:\/\/www.achimbrueckner.de\/dxradio\/php\/wordpress\/index.php?rest_route=%2Fwp%2Fv2%2Ftags&post=31725"}],"curies":[{"name":"wp","href":"https:\/\/api.w.org\/{rel}","templated":true}]}}