{"id":31733,"date":"2021-01-18T18:52:09","date_gmt":"2021-01-18T18:52:09","guid":{"rendered":"https:\/\/www.achimbrueckner.de\/dxradio\/php\/wordpress\/?p=31733"},"modified":"2021-01-18T18:52:09","modified_gmt":"2021-01-18T18:52:09","slug":"life-radio-studios-werden-zur-audio-erlebniswelt","status":"publish","type":"post","link":"https:\/\/www.achimbrueckner.de\/dxradio\/php\/wordpress\/?p=31733","title":{"rendered":"Life-Radio-Studios werden zur Audio-Erlebniswelt"},"content":{"rendered":"<p><a href=\"https:\/\/www.nachrichten.at\/oberoesterreich\/linz\/life-radio-studios-werden-zur-audio-erlebniswelt;art66,3340941\" rel=\"noopener\" target=\"_blank\">https:\/\/www.nachrichten.at\/oberoesterreich\/linz\/life-radio-studios-werden-zur-audio-erlebniswelt;art66,3340941<\/a><\/p>\n","protected":false},"excerpt":{"rendered":"<p>https:\/\/www.nachrichten.at\/oberoesterreich\/linz\/life-radio-studios-werden-zur-audio-erlebniswelt;art66,3340941<\/p>\n","protected":false},"author":1,"featured_media":0,"comment_status":"closed","ping_status":"open","sticky":false,"template":"","format":"standard","meta":{"_jetpack_memberships_contains_paid_content":false,"footnotes":"","jetpack_publicize_message":"","jetpack_publicize_feature_enabled":true,"jetpack_social_post_already_shared":true,"jetpack_social_options":{"image_generator_settings":{"template":"highway","default_image_id":0,"font":"","enabled":false},"version":2}},"categories":[47,1],"tags":[19],"class_list":["post-31733","post","type-post","status-publish","format-standard","hentry","category-audio","category-deutsch","tag-audio"],"jetpack_publicize_connections":[],"jetpack_featured_media_url":"","jetpack_sharing_enabled":true,"jetpack_shortlink":"https:\/\/wp.me\/p5CDmr-8fP","jetpack-related-posts":[{"id":40136,"url":"https:\/\/www.achimbrueckner.de\/dxradio\/php\/wordpress\/?p=40136","url_meta":{"origin":31733,"position":0},"title":"94,3 RS2 neues Logo, neue Marken- und Erlebniswelt","author":"Administrator","date":"September 14, 2023","format":false,"excerpt":"https:\/\/www.radioszene.de\/179659\/943-rs2-logo-2023-relaunch.html","rel":"","context":"In &quot;Deutsch&quot;","block_context":{"text":"Deutsch","link":"https:\/\/www.achimbrueckner.de\/dxradio\/php\/wordpress\/?cat=1"},"img":{"alt_text":"","src":"","width":0,"height":0},"classes":[]},{"id":33939,"url":"https:\/\/www.achimbrueckner.de\/dxradio\/php\/wordpress\/?p=33939","url_meta":{"origin":31733,"position":1},"title":"Radio-Fr\u00fchst\u00fcck pr\u00e4sentiert neue Forschungsergebnisse zur Entwicklung im Audio-Markt","author":"Administrator","date":"November 2, 2021","format":false,"excerpt":"https:\/\/www.radiowoche.de\/radio-fruehstueck-praesentiert-neue-forschungsergebnisse-zur-entwicklung-im-audio-markt\/","rel":"","context":"In &quot;Deutsch&quot;","block_context":{"text":"Deutsch","link":"https:\/\/www.achimbrueckner.de\/dxradio\/php\/wordpress\/?cat=1"},"img":{"alt_text":"","src":"","width":0,"height":0},"classes":[]},{"id":16546,"url":"https:\/\/www.achimbrueckner.de\/dxradio\/php\/wordpress\/?p=16546","url_meta":{"origin":31733,"position":2},"title":"&#8220;Ohr zur Welt&#8221; &#8211; das Ende der Auslandsprogramme","author":"Administrator","date":"February 17, 2018","format":false,"excerpt":"http:\/\/www.ardmediathek.de\/radio\/Das-Forum\/Ohr-zur-Welt-das-Ende-der-Auslandspr\/NDR-Info\/Audio-Podcast?bcastId=7852534&documentId=39540074","rel":"","context":"In &quot;audio&quot;","block_context":{"text":"audio","link":"https:\/\/www.achimbrueckner.de\/dxradio\/php\/wordpress\/?cat=47"},"img":{"alt_text":"","src":"","width":0,"height":0},"classes":[]},{"id":23325,"url":"https:\/\/www.achimbrueckner.de\/dxradio\/php\/wordpress\/?p=23325","url_meta":{"origin":31733,"position":3},"title":"Smartphones werden als Radioger\u00e4te ma\u00dflos \u00fcbersch\u00e4tzt","author":"Administrator","date":"June 3, 2019","format":false,"excerpt":"https:\/\/www.teltarif.de\/radio-smartphone-audio-studie\/news\/76841.html","rel":"","context":"In &quot;audio&quot;","block_context":{"text":"audio","link":"https:\/\/www.achimbrueckner.de\/dxradio\/php\/wordpress\/?cat=47"},"img":{"alt_text":"","src":"","width":0,"height":0},"classes":[]},{"id":24736,"url":"https:\/\/www.achimbrueckner.de\/dxradio\/php\/wordpress\/?p=24736","url_meta":{"origin":31733,"position":4},"title":"Deezer will nicht mehr als Musikstreamer bezeichnet werden","author":"Administrator","date":"September 11, 2019","format":false,"excerpt":"https:\/\/www.teltarif.de\/online-audio-radio-ifa-deezer\/news\/77968.html","rel":"","context":"In &quot;audio&quot;","block_context":{"text":"audio","link":"https:\/\/www.achimbrueckner.de\/dxradio\/php\/wordpress\/?cat=47"},"img":{"alt_text":"","src":"","width":0,"height":0},"classes":[]},{"id":13312,"url":"https:\/\/www.achimbrueckner.de\/dxradio\/php\/wordpress\/?p=13312","url_meta":{"origin":31733,"position":5},"title":"Radio Bulgarien stellt Sprachdienste ein, u.a. Deutsch","author":"Administrator","date":"May 31, 2017","format":false,"excerpt":"Leider m\u00fcssen wir Ihnen eine unerfreuliche Nachricht mitteilen. Auf Beschluss der Intendanz des Bulgarischen Nationalen Rundfunks werden ab dem 1. Juni dieses Jahres die Audio-Programme von Radio Bulgarien eingestellt. Die einzelnen Tages-Beitr\u00e4ge erscheinen in den kommenden Wochen wie gewohnt in den jeweiligen Rubriken. Wir w\u00fcrden uns freuen, wenn Sie weiterhin\u2026","rel":"","context":"In &quot;audio&quot;","block_context":{"text":"audio","link":"https:\/\/www.achimbrueckner.de\/dxradio\/php\/wordpress\/?cat=47"},"img":{"alt_text":"","src":"","width":0,"height":0},"classes":[]}],"_links":{"self":[{"href":"https:\/\/www.achimbrueckner.de\/dxradio\/php\/wordpress\/index.php?rest_route=\/wp\/v2\/posts\/31733","targetHints":{"allow":["GET"]}}],"collection":[{"href":"https:\/\/www.achimbrueckner.de\/dxradio\/php\/wordpress\/index.php?rest_route=\/wp\/v2\/posts"}],"about":[{"href":"https:\/\/www.achimbrueckner.de\/dxradio\/php\/wordpress\/index.php?rest_route=\/wp\/v2\/types\/post"}],"author":[{"embeddable":true,"href":"https:\/\/www.achimbrueckner.de\/dxradio\/php\/wordpress\/index.php?rest_route=\/wp\/v2\/users\/1"}],"replies":[{"embeddable":true,"href":"https:\/\/www.achimbrueckner.de\/dxradio\/php\/wordpress\/index.php?rest_route=%2Fwp%2Fv2%2Fcomments&post=31733"}],"version-history":[{"count":0,"href":"https:\/\/www.achimbrueckner.de\/dxradio\/php\/wordpress\/index.php?rest_route=\/wp\/v2\/posts\/31733\/revisions"}],"wp:attachment":[{"href":"https:\/\/www.achimbrueckner.de\/dxradio\/php\/wordpress\/index.php?rest_route=%2Fwp%2Fv2%2Fmedia&parent=31733"}],"wp:term":[{"taxonomy":"category","embeddable":true,"href":"https:\/\/www.achimbrueckner.de\/dxradio\/php\/wordpress\/index.php?rest_route=%2Fwp%2Fv2%2Fcategories&post=31733"},{"taxonomy":"post_tag","embeddable":true,"href":"https:\/\/www.achimbrueckner.de\/dxradio\/php\/wordpress\/index.php?rest_route=%2Fwp%2Fv2%2Ftags&post=31733"}],"curies":[{"name":"wp","href":"https:\/\/api.w.org\/{rel}","templated":true}]}}