{"id":31738,"date":"2021-01-18T19:04:11","date_gmt":"2021-01-18T19:04:11","guid":{"rendered":"https:\/\/www.achimbrueckner.de\/dxradio\/php\/wordpress\/?p=31738"},"modified":"2021-01-18T19:04:11","modified_gmt":"2021-01-18T19:04:11","slug":"der-radiomann-ein-bernburg-radio-ware-der-groste-traum","status":"publish","type":"post","link":"https:\/\/www.achimbrueckner.de\/dxradio\/php\/wordpress\/?p=31738","title":{"rendered":"Der Radiomann: Ein Bernburg-Radio w\u00e4re der gr\u00f6\u00dfte Traum"},"content":{"rendered":"<p><a href=\"https:\/\/www.mz-web.de\/bernburg\/der-radiomann-ein-bernburg-radio-waere-der-groesste-traum-37922790\" rel=\"noopener\" target=\"_blank\">https:\/\/www.mz-web.de\/bernburg\/der-radiomann-ein-bernburg-radio-waere-der-groesste-traum-37922790<\/a><\/p>\n","protected":false},"excerpt":{"rendered":"<p>https:\/\/www.mz-web.de\/bernburg\/der-radiomann-ein-bernburg-radio-waere-der-groesste-traum-37922790<\/p>\n","protected":false},"author":1,"featured_media":0,"comment_status":"closed","ping_status":"open","sticky":false,"template":"","format":"standard","meta":{"_jetpack_memberships_contains_paid_content":false,"footnotes":"","jetpack_publicize_message":"","jetpack_publicize_feature_enabled":true,"jetpack_social_post_already_shared":true,"jetpack_social_options":{"image_generator_settings":{"template":"highway","default_image_id":0,"font":"","enabled":false},"version":2}},"categories":[1],"tags":[],"class_list":["post-31738","post","type-post","status-publish","format-standard","hentry","category-deutsch"],"jetpack_publicize_connections":[],"jetpack_featured_media_url":"","jetpack_sharing_enabled":true,"jetpack_shortlink":"https:\/\/wp.me\/p5CDmr-8fU","jetpack-related-posts":[{"id":7582,"url":"https:\/\/www.achimbrueckner.de\/dxradio\/php\/wordpress\/?p=7582","url_meta":{"origin":31738,"position":0},"title":"Geschichte des Radios in Bernburg Rundfunkmechaniker in der DDR","author":"Administrator","date":"February 16, 2016","format":false,"excerpt":"http:\/\/www.mz-web.de\/bernburg\/geschichte-des-radios-in-bernburg-rundfunkmechaniker-in-der-ddr,20640898,33792860.html","rel":"","context":"In &quot;Deutsch&quot;","block_context":{"text":"Deutsch","link":"https:\/\/www.achimbrueckner.de\/dxradio\/php\/wordpress\/?cat=1"},"img":{"alt_text":"","src":"","width":0,"height":0},"classes":[]},{"id":6985,"url":"https:\/\/www.achimbrueckner.de\/dxradio\/php\/wordpress\/?p=6985","url_meta":{"origin":31738,"position":1},"title":"\u201eRadio Depressione\u201c: Keine Laune aus der Konserve","author":"Administrator","date":"December 21, 2015","format":false,"excerpt":"http:\/\/www.mz-web.de\/bernburg\/bernburger-thomas-rettig-macht-radio--radio-depressione---keine-laune-aus-der-konserve,20640898,32972450.html","rel":"","context":"In &quot;Deutsch&quot;","block_context":{"text":"Deutsch","link":"https:\/\/www.achimbrueckner.de\/dxradio\/php\/wordpress\/?cat=1"},"img":{"alt_text":"","src":"","width":0,"height":0},"classes":[]},{"id":8332,"url":"https:\/\/www.achimbrueckner.de\/dxradio\/php\/wordpress\/?p=8332","url_meta":{"origin":31738,"position":2},"title":"Der Radiomann als Gl\u00fccklichmacher","author":"Administrator","date":"May 19, 2016","format":false,"excerpt":"http:\/\/www.schwaebische.de\/region_artikel,-Der-Radiomann-als-Gluecklichmacher-_arid,10446915_toid,112.html","rel":"","context":"In &quot;Deutsch&quot;","block_context":{"text":"Deutsch","link":"https:\/\/www.achimbrueckner.de\/dxradio\/php\/wordpress\/?cat=1"},"img":{"alt_text":"","src":"","width":0,"height":0},"classes":[]},{"id":4664,"url":"https:\/\/www.achimbrueckner.de\/dxradio\/php\/wordpress\/?p=4664","url_meta":{"origin":31738,"position":3},"title":"DRESDNER RADIOMANN MACHT JETZT BUSCH-FUNK","author":"Administrator","date":"May 19, 2015","format":false,"excerpt":"https:\/\/mopo24.de\/nachrichten\/dresden-papua-neuguinea-radio-sender-7102","rel":"","context":"In &quot;Deutsch&quot;","block_context":{"text":"Deutsch","link":"https:\/\/www.achimbrueckner.de\/dxradio\/php\/wordpress\/?cat=1"},"img":{"alt_text":"","src":"","width":0,"height":0},"classes":[]},{"id":11450,"url":"https:\/\/www.achimbrueckner.de\/dxradio\/php\/wordpress\/?p=11450","url_meta":{"origin":31738,"position":4},"title":"Edward Bellamy Der Traum vom Radio f\u00fcr alle","author":"Administrator","date":"December 19, 2016","format":false,"excerpt":"http:\/\/www.deutschlandradiokultur.de\/edward-bellamy-der-traum-vom-radio-fuer-alle.1895.de.html?dram:article_id=374234","rel":"","context":"In &quot;Deutsch&quot;","block_context":{"text":"Deutsch","link":"https:\/\/www.achimbrueckner.de\/dxradio\/php\/wordpress\/?cat=1"},"img":{"alt_text":"","src":"","width":0,"height":0},"classes":[]},{"id":23497,"url":"https:\/\/www.achimbrueckner.de\/dxradio\/php\/wordpress\/?p=23497","url_meta":{"origin":31738,"position":5},"title":"Peters gro\u00dfer Traum: Ich bin der Radio-Opa von Wilmersdorf!","author":"Administrator","date":"June 20, 2019","format":false,"excerpt":"https:\/\/www.berliner-kurier.de\/berlin\/kiez---stadt\/peters-grosser-traum-ich-bin-der-radio-opa-von-wilmersdorf--32713452","rel":"","context":"In &quot;Deutsch&quot;","block_context":{"text":"Deutsch","link":"https:\/\/www.achimbrueckner.de\/dxradio\/php\/wordpress\/?cat=1"},"img":{"alt_text":"","src":"","width":0,"height":0},"classes":[]}],"_links":{"self":[{"href":"https:\/\/www.achimbrueckner.de\/dxradio\/php\/wordpress\/index.php?rest_route=\/wp\/v2\/posts\/31738","targetHints":{"allow":["GET"]}}],"collection":[{"href":"https:\/\/www.achimbrueckner.de\/dxradio\/php\/wordpress\/index.php?rest_route=\/wp\/v2\/posts"}],"about":[{"href":"https:\/\/www.achimbrueckner.de\/dxradio\/php\/wordpress\/index.php?rest_route=\/wp\/v2\/types\/post"}],"author":[{"embeddable":true,"href":"https:\/\/www.achimbrueckner.de\/dxradio\/php\/wordpress\/index.php?rest_route=\/wp\/v2\/users\/1"}],"replies":[{"embeddable":true,"href":"https:\/\/www.achimbrueckner.de\/dxradio\/php\/wordpress\/index.php?rest_route=%2Fwp%2Fv2%2Fcomments&post=31738"}],"version-history":[{"count":0,"href":"https:\/\/www.achimbrueckner.de\/dxradio\/php\/wordpress\/index.php?rest_route=\/wp\/v2\/posts\/31738\/revisions"}],"wp:attachment":[{"href":"https:\/\/www.achimbrueckner.de\/dxradio\/php\/wordpress\/index.php?rest_route=%2Fwp%2Fv2%2Fmedia&parent=31738"}],"wp:term":[{"taxonomy":"category","embeddable":true,"href":"https:\/\/www.achimbrueckner.de\/dxradio\/php\/wordpress\/index.php?rest_route=%2Fwp%2Fv2%2Fcategories&post=31738"},{"taxonomy":"post_tag","embeddable":true,"href":"https:\/\/www.achimbrueckner.de\/dxradio\/php\/wordpress\/index.php?rest_route=%2Fwp%2Fv2%2Ftags&post=31738"}],"curies":[{"name":"wp","href":"https:\/\/api.w.org\/{rel}","templated":true}]}}